{"id":8929,"date":"2020-10-17T00:20:31","date_gmt":"2020-10-16T22:20:31","guid":{"rendered":"http:\/\/ekongkar.yoga\/?p=8929"},"modified":"2020-10-17T00:20:31","modified_gmt":"2020-10-16T22:20:31","slug":"prana-quest-ce-que-cest-video","status":"publish","type":"post","link":"https:\/\/ekongkar.yoga\/?p=8929","title":{"rendered":"Pr\u00e2na: qu&rsquo;est-ce que c&rsquo;est? [vid\u00e9o]"},"content":{"rendered":"[Vid\u00e9o ci-dessous] <strong><span style=\"color: #993300;\">Le Pr\u00e2na est la somme totale de toutes les \u00e9nergies manifest\u00e9es dans l\u2019univers.<\/span> <\/strong>C\u2019est la somme totale de toutes les forces latentes, de toutes les puissances cach\u00e9es dans l\u2019homme et de celles qui reposent partout autour de nous.<\/p>\n<p>La chaleur, la lumi\u00e8re, l\u2019\u00e9lectricit\u00e9, le magn\u00e9tisme sont des manifestations de prana&#8230; Toutes les forces physiques, toutes les forces mentales se regroupent sous le nom de \u00ab Pr\u00e2na \u00bb. Pr\u00e2na est \u00abforce\u00bb en chaque plan d\u2019existence, du plus \u00e9volu\u00e9 au plus primitif. <strong><span style=\"color: #008080;\">Ce qui bouge, ce qui travaille, ce qui est en vie, ne manifeste rien d\u2019autre que le prana<\/span> <\/strong><em>(Swami Sivananda)<\/em><\/p>\n<p><iframe loading=\"lazy\" src=\"https:\/\/www.youtube.com\/embed\/qK96MGrMslE\" width=\"560\" height=\"315\" frameborder=\"0\" allowfullscreen=\"allowfullscreen\"><\/iframe><\/p>\n<p><strong><span style=\"color: #008080;\">Le contr\u00f4le du prana<\/span><\/strong> est une m\u00e9thode par laquelle le yogi essaie de r\u00e9aliser, dans son propre corps, la totalit\u00e9 de la vie cosmique et d\u2019atteindre la perfection en obtenant tous les pouvoirs de l&rsquo;univers. Celui qui a conquis cette \u00e9nergie, n\u2019est donc pas seulement le ma\u00eetre de sa propre existence sur les plans physique et mental, mais le ma\u00eetre du monde entier. <strong><span style=\"color: #008080;\">Par ces pratiques on peut dire que le yoga donne un acc\u00e8s conscient et volontaire aux sources m\u00eame de la vie.<\/span><\/strong><\/p>\n","protected":false},"excerpt":{"rendered":"<p>[Vid\u00e9o ci-dessous] Le Pr\u00e2na est la somme totale de toutes les \u00e9nergies manifest\u00e9es dans l\u2019univers. C\u2019est la somme totale de toutes les forces latentes, de toutes les puissances cach\u00e9es dans l\u2019homme et de celles qui reposent partout autour de nous. La chaleur, la lumi\u00e8re, l\u2019\u00e9lectricit\u00e9, le magn\u00e9tisme sont des manifestations&#8230;<\/p>\n<p> <a class=\"continue-reading-link\" href=\"https:\/\/ekongkar.yoga\/?p=8929\"><span>Lire la suite&#8230;<\/span><i class=\"crycon-right-dir\"><\/i><\/a> <\/p>\n","protected":false},"author":1,"featured_media":8930,"comment_status":"closed","ping_status":"open","sticky":false,"template":"","format":"standard","meta":{"fifu_image_url":"","fifu_image_alt":"","footnotes":""},"categories":[15,38,61],"tags":[],"class_list":["post-8929","post","type-post","status-publish","format-standard","has-post-thumbnail","hentry","category-corps-energetique","category-pranayama","category-youtube"],"_links":{"self":[{"href":"https:\/\/ekongkar.yoga\/index.php?rest_route=\/wp\/v2\/posts\/8929","targetHints":{"allow":["GET"]}}],"collection":[{"href":"https:\/\/ekongkar.yoga\/index.php?rest_route=\/wp\/v2\/posts"}],"about":[{"href":"https:\/\/ekongkar.yoga\/index.php?rest_route=\/wp\/v2\/types\/post"}],"author":[{"embeddable":true,"href":"https:\/\/ekongkar.yoga\/index.php?rest_route=\/wp\/v2\/users\/1"}],"replies":[{"embeddable":true,"href":"https:\/\/ekongkar.yoga\/index.php?rest_route=%2Fwp%2Fv2%2Fcomments&post=8929"}],"version-history":[{"count":0,"href":"https:\/\/ekongkar.yoga\/index.php?rest_route=\/wp\/v2\/posts\/8929\/revisions"}],"wp:featuredmedia":[{"embeddable":true,"href":"https:\/\/ekongkar.yoga\/index.php?rest_route=\/wp\/v2\/media\/8930"}],"wp:attachment":[{"href":"https:\/\/ekongkar.yoga\/index.php?rest_route=%2Fwp%2Fv2%2Fmedia&parent=8929"}],"wp:term":[{"taxonomy":"category","embeddable":true,"href":"https:\/\/ekongkar.yoga\/index.php?rest_route=%2Fwp%2Fv2%2Fcategories&post=8929"},{"taxonomy":"post_tag","embeddable":true,"href":"https:\/\/ekongkar.yoga\/index.php?rest_route=%2Fwp%2Fv2%2Ftags&post=8929"}],"curies":[{"name":"wp","href":"https:\/\/api.w.org\/{rel}","templated":true}]}}