{"id":8483,"date":"2019-11-23T18:20:48","date_gmt":"2019-11-23T16:20:48","guid":{"rendered":"http:\/\/ekongkar.yoga\/?p=8483"},"modified":"2019-11-23T18:20:48","modified_gmt":"2019-11-23T16:20:48","slug":"locean-en-hivers-un-amour-fou-de-givres-givres-du-pouldu","status":"publish","type":"post","link":"https:\/\/ekongkar.yoga\/?p=8483","title":{"rendered":"L&rsquo;oc\u00e9an en hivers, un amour fou de givr\u00e9s (Givr\u00e9s du Pouldu) [3 vid\u00e9os]"},"content":{"rendered":"<div class=\"mks_col \">\n<div class=\"mks_one_half \">\n<p>Les \u00ab\u00a0Givr\u00e9s du Pouldu\u00a0\u00bb sont de <strong><span style=\"color: #008080;\">joyeux baigneurs qui partagent la m\u00eame passion<\/span><\/strong>: se baigner en hiver, en maillot de bain, quelles que soient les conditions m\u00e9t\u00e9orologiques et de mer (sauf temp\u00eate). Certains barbotent, d&rsquo;autres nagent&#8230;<\/p>\n<p><strong><span style=\"color: #008080;\">A chacun son PLOUF!!!<\/span><\/strong> L&rsquo;ambiance est assur\u00e9ment conviviale et bon enfant.<\/p>\n<\/div>\n<div class=\"mks_one_half \">\n<p><iframe loading=\"lazy\" src=\"https:\/\/www.youtube.com\/embed\/yNejUSk2JzI\" width=\"560\" height=\"240\" frameborder=\"0\" allowfullscreen=\"allowfullscreen\"><\/iframe><\/p>\n<\/div> <\/div>\n<hr>\n<p><strong><span style=\"color: #993300;\">Le Plouf des Givr\u00e9s du Pouldu<\/span><\/strong>, c&rsquo;est tous les dimanches \u00e0 11h, d&rsquo;octobre \u00e0 mai, plage de Bellangenet, Le Pouldu, 29 360 Clohars-Carno\u00ebt, Finsit\u00e8re Sud, Bretagne, France (<span style=\"text-decoration: underline;\"><em><a href=\"https:\/\/www.facebook.com\/events\/2089530068010590\/\" target=\"_blank\" rel=\"noopener noreferrer\">toutes les dates et infos pratiques: cliquez-ici<\/a><\/em><\/span>)<\/p>\n<p>Et une fois par an, si vous aimez les d\u00e9fis sportifs, que vous \u00eates convaincus des bienfaits de l&rsquo;eau froide (glac\u00e9e) sur votre sant\u00e9, si vous aimez nager et les activit\u00e9s de sauvetage en mer, ou encore&#8230; les activit\u00e9s de combat ou ce qui touche en g\u00e9n\u00e9ral au bien-\u00eatre&#8230; ne r\u00e2tez pas cet \u00e9v\u00e9nement, soyez Givr\u00e9 et venez au \u00ab\u00a0<strong><span style=\"color: #993300;\">Bain de la MOR<\/span><\/strong>\u00a0\u00bb le 2 f\u00e9vrier 2020 (<span style=\"text-decoration: underline;\"><em><a href=\"https:\/\/www.facebook.com\/events\/2393562777533104\/\" target=\"_blank\" rel=\"noopener noreferrer\">toutes les infos: cliquez-ici<\/a><\/em><\/span>)<\/p>\n<hr>\n<div class=\"mks_col \">\n<div class=\"mks_one_half \">\n<p><iframe loading=\"lazy\" style=\"border: none; overflow: hidden;\" src=\"https:\/\/www.facebook.com\/plugins\/video.php?href=https%3A%2F%2Fwww.facebook.com%2F1539002696385477%2Fvideos%2F1269432503204383%2F&amp;show_text=0&amp;width=560\" width=\"560\" height=\"240\" frameborder=\"0\" scrolling=\"no\" allowfullscreen=\"allowfullscreen\"><\/iframe><\/p>\n<p><strong><span style=\"color: #008080;\">Bain de la MOR 2019<\/span><\/strong> &#8211;&nbsp;206 baigneurs &#8211;&nbsp;Mer: 8,5 degr\u00e9s<\/p>\n<\/div>\n<div class=\"mks_one_half \">\n<p><iframe loading=\"lazy\" style=\"border: none; overflow: hidden;\" src=\"https:\/\/www.facebook.com\/plugins\/video.php?href=https%3A%2F%2Fwww.facebook.com%2F1539002696385477%2Fvideos%2F475678153044469%2F&amp;show_text=0&amp;width=560\" width=\"560\" height=\"240\" frameborder=\"0\" scrolling=\"no\" allowfullscreen=\"allowfullscreen\"><\/iframe><\/p>\n<p>&nbsp;<strong><span style=\"color: #008080;\">Tous les dimanches<\/span><\/strong> \u00e0 11h, d&rsquo;octobre \u00e0 mai&#8230;<\/p>\n<\/div> <\/div>\n","protected":false},"excerpt":{"rendered":"<p>Le Plouf des Givr\u00e9s du Pouldu, c&rsquo;est tous les dimanches \u00e0 11h, d&rsquo;octobre \u00e0 mai, plage de Bellangenet, Le Pouldu, 29 360 Clohars-Carno\u00ebt, Finsit\u00e8re Sud, Bretagne, France (toutes les dates et infos pratiques: cliquez-ici) Et une fois par an, si vous aimez les d\u00e9fis sportifs, que vous \u00eates convaincus des&#8230;<\/p>\n<p> <a class=\"continue-reading-link\" href=\"https:\/\/ekongkar.yoga\/?p=8483\"><span>Lire la suite&#8230;<\/span><i class=\"crycon-right-dir\"><\/i><\/a> <\/p>\n","protected":false},"author":1,"featured_media":8484,"comment_status":"closed","ping_status":"open","sticky":false,"template":"","format":"standard","meta":{"fifu_image_url":"","fifu_image_alt":"","footnotes":""},"categories":[53,56,61],"tags":[],"class_list":["post-8483","post","type-post","status-publish","format-standard","has-post-thumbnail","hentry","category-videos","category-yoga-du-froid","category-youtube"],"_links":{"self":[{"href":"https:\/\/ekongkar.yoga\/index.php?rest_route=\/wp\/v2\/posts\/8483","targetHints":{"allow":["GET"]}}],"collection":[{"href":"https:\/\/ekongkar.yoga\/index.php?rest_route=\/wp\/v2\/posts"}],"about":[{"href":"https:\/\/ekongkar.yoga\/index.php?rest_route=\/wp\/v2\/types\/post"}],"author":[{"embeddable":true,"href":"https:\/\/ekongkar.yoga\/index.php?rest_route=\/wp\/v2\/users\/1"}],"replies":[{"embeddable":true,"href":"https:\/\/ekongkar.yoga\/index.php?rest_route=%2Fwp%2Fv2%2Fcomments&post=8483"}],"version-history":[{"count":0,"href":"https:\/\/ekongkar.yoga\/index.php?rest_route=\/wp\/v2\/posts\/8483\/revisions"}],"wp:featuredmedia":[{"embeddable":true,"href":"https:\/\/ekongkar.yoga\/index.php?rest_route=\/wp\/v2\/media\/8484"}],"wp:attachment":[{"href":"https:\/\/ekongkar.yoga\/index.php?rest_route=%2Fwp%2Fv2%2Fmedia&parent=8483"}],"wp:term":[{"taxonomy":"category","embeddable":true,"href":"https:\/\/ekongkar.yoga\/index.php?rest_route=%2Fwp%2Fv2%2Fcategories&post=8483"},{"taxonomy":"post_tag","embeddable":true,"href":"https:\/\/ekongkar.yoga\/index.php?rest_route=%2Fwp%2Fv2%2Ftags&post=8483"}],"curies":[{"name":"wp","href":"https:\/\/api.w.org\/{rel}","templated":true}]}}