{"id":5684,"date":"2018-02-02T19:01:49","date_gmt":"2018-02-02T17:01:49","guid":{"rendered":"http:\/\/ekongkar.yoga\/?p=5684"},"modified":"2018-02-02T19:01:49","modified_gmt":"2018-02-02T17:01:49","slug":"ne-cherchez-pas-la-paix","status":"publish","type":"post","link":"https:\/\/ekongkar.yoga\/?p=5684","title":{"rendered":"Ne cherchez pas la paix"},"content":{"rendered":"<p>Voici une <strong><span style=\"color: #993300;\">s\u00e9rie de citations d&rsquo;Eckhart Tolle<\/span><\/strong> que j&rsquo;ai rep\u00each\u00e9 sur le mur d&rsquo;<a href=\"https:\/\/www.facebook.com\/profile.php?id=100014931128490\">un de mes amis Facebook<\/a> qui a la bien bonne id\u00e9e d&rsquo;en poster r\u00e9guli\u00e8rement&#8230; La plupart des illustrations ont \u00e9galement \u00e9t\u00e9 choisies par ses soins.<\/p>\n<hr>\n<p><strong><span style=\"color: #008080;\">Faites de votre mieux tout en acceptant ce qui est.<\/span><\/strong>&nbsp;Comme le mental est synonyme de r\u00e9sistance,l\u2019acceptation vous lib\u00e8re imm\u00e9diatement de la domination du mental et vous remets en contact avec l\u2019\u00catre.<\/p>\n<hr>\n<p><strong><span style=\"color: #008080;\">Notre vraie raison d&rsquo;\u00eatre ne concerne pas ce que nous faisons, mais ce que nous sommes<\/span><\/strong>. Elle concerne notre \u00e9tat de conscience.&nbsp;La raison d&rsquo;\u00eatre int\u00e9rieure est primordiale et concerne l&rsquo;\u00catre. La raison d&rsquo;\u00eatre ext\u00e9rieure est secondaire et concerne le faire.&nbsp;Si vous ne vous alignez pas sur votre raison d&rsquo;\u00eatre premi\u00e8re, tout objectif que vous vous donnerez, m\u00eame si c&rsquo;est de cr\u00e9er le paradis sur Terre, sera un produit de l&rsquo;ego et sera d\u00e9truit par le temps. T\u00f4t ou tard, il m\u00e8nera \u00e0 la souffrance.&nbsp;<strong><span style=\"color: #008080;\">Votre raison d&rsquo;\u00eatre profonde, c&rsquo;est de vous \u00e9veiller<\/span><\/strong>. Aussi simple que \u00e7a !<\/p>\n<hr>\n<p><strong><span style=\"color: #008080;\">Votre p\u00e9riple n&rsquo;est plus une aventure<\/span><\/strong>, mais seulement un besoin obsessionnel d&rsquo;arriver quelque part, d&rsquo;atteindre quelque chose, de r\u00e9ussir. Vous ne voyez ni ne sentez plus les fleurs sur le bord du chemin et vous n&rsquo;\u00eates plus conscient de la beaut\u00e9 et du miracle de la vie qui sont r\u00e9v\u00e9l\u00e9s partout autour de vous quand vous \u00eates dans l&rsquo;instant pr\u00e9sent.<\/p>\n<hr>\n<p><strong><span style=\"color: #008080;\">La fa\u00e7on la plus intime et la plus forte de vous relier \u00e0 la nature<\/span><\/strong> consiste \u00e0 prendre conscience de votre respiration et \u00e0 apprendre \u00e0 y maintenir votre attention. C&rsquo;est salutaire et profond\u00e9ment valorisant. La conscience passe alors du monde conceptuel de la pens\u00e9e au domaine int\u00e9rieur de la conscience inconditionn\u00e9e.<\/p>\n<hr>\n<p><strong><span style=\"color: #008080;\">Ne cherchez pas la paix.<\/span><\/strong> Ne cherchez pas \u00e0 trouver un quelconque autre \u00e9tat que celui dans lequel vous \u00eates dans l\u2019instant pr\u00e9sent. Sinon, vous instaurerez un conflit int\u00e9rieur et une r\u00e9sistance inconsciente.&nbsp;Pardonnez-vous de ne pas \u00eatre en paix. D\u00e8s l\u2019instant o\u00f9 vous acceptez totalement l\u2019absence de paix, celle-ci se m\u00e9tamorphose en paix. Tout ce que vous acceptez totalement vous conduit \u00e0 la paix. C\u2019est le miracle du l\u00e2cher-prise.&nbsp;Quand vous acceptez ce qui est, chaque moment est le meilleur qui soit. C\u2019est cela l\u2019illumination.<\/p>\n<hr>\n<p>Chaque fois que vous remarquez que la n\u00e9gativit\u00e9 se manifeste en vous, sous une forme ou une autre, ne la voyez pas comme un \u00e9chec dans votre d\u00e9marche mais plut\u00f4t comme un pr\u00e9cieux signal qui vous dit : <strong><span style=\"color: #008080;\">R\u00e9veille-toi ! Sors de ta t\u00eate ! Sois pr\u00e9sente !<\/span><\/strong><\/p>\n<hr>\n<p><strong><span style=\"color: #008080;\">Une relation v\u00e9ritable en est une qui n\u2019est pas domin\u00e9e par l\u2019ego.<\/span> <\/strong>Il y a une attention vigilante, la pr\u00e9sence et une ouverture envers l\u2019autre personne, sans vouloir quoi que ce soit. Ceci est obligatoire pour qu\u2019une relation soit authentique.<\/p>\n<hr>\n<p><strong><span style=\"color: #008080;\">Le corps de souffrance peut vous sembler un dangereux monstre<\/span><\/strong> que vous ne pouvez supporter de regarder, mais je vous assure que c&rsquo;est un fant\u00f4me minable qui ne fait pas le poids face au pouvoir de votre pr\u00e9sence.&nbsp;Le corps de souffrance est une partie de notre ego, il est la partie qui retient toutes les \u00e9motions douloureuses, telles que la col\u00e8re, la jalousie, la tristesse, la haine, la d\u00e9prime&#8230; etc.&nbsp;Bien souvent, nous nous comportons avec notre corps de souffrance comme nous le faisons avec notre ego: nous nous y identifions, comme ci il \u00e9tait nous.<\/p>\n<hr>\n<p><strong><span style=\"color: #008080;\">Le mental est un superbe instrument s\u2019il est utilis\u00e9 correctement.<\/span> <\/strong>Utilis\u00e9 \u00e0 tort, cependant, il devient tr\u00e8s destructeur. Pour \u00eatre plus pr\u00e9cis, ce n\u2019est pas tellement que vous utilisez votre mental \u00e0 tort, mais vous ne savez g\u00e9n\u00e9ralement pas l\u2019utiliser du tout. C\u2019est lui qui vous utilise. C\u2019est \u00e7a la maladie. Vous croyez que vous \u00eates vos pens\u00e9es, votre mental. C\u2019est l\u2019illusion. L\u2019instrument a pris le dessus.<\/p>\n<hr>\n<p><strong><span style=\"color: #008080;\">L&rsquo;\u00e9veil est un basculement de la conscience,<\/span><\/strong> au cours duquel la pens\u00e9e et la conscience se dissocient&#8230; Dans cet \u00e9tat, au lieu d&rsquo;\u00eatre perdu dans vos pens\u00e9es, vous vous reconnaissez comme \u00e9tant la pr\u00e9sence qui se trouve justement derri\u00e8re les pens\u00e9es. Ces derni\u00e8res cessent d&rsquo;\u00eatre une activit\u00e9 autonome prenant possession de vous et r\u00e9gentant votre vie.<\/p>\n<hr>\n<p><strong><span style=\"color: #008080;\">Je ne suis ni mes pens\u00e9es, ni mes \u00e9motions, ni mes perceptions sensorielles, ni mes exp\u00e9riences<\/span><\/strong>. Je ne suis pas le contenu de ma vie. Je suis l&rsquo;espace dans lequel tout se produit. Je suis la conscience. Je suis le Pr\u00e9sent. Je suis.<\/p>\n<hr>\n<p>La Vie vous donne n&rsquo;importe quelle exp\u00e9rience qui est la plus aidante pour l&rsquo;\u00e9volution de votre conscience. <strong><span style=\"color: #008080;\">Comment savez-vous que c&rsquo;est l&rsquo;exp\u00e9rience dont vous avez besoin?<\/span><\/strong> Parce que c&rsquo;est l&rsquo;exp\u00e9rience que vous avez \u00e0 ce moment.<\/p>\n<hr>\n<p>Chaque fois que vous \u00eates anxieuse ou stress\u00e9, c&rsquo;est que la raison d&rsquo;\u00eatre ext\u00e9rieure a pris le dessus et que vous avez perdu de vue votre raison d&rsquo;\u00eatre profonde. Vous avez oubli\u00e9 que <strong><span style=\"color: #008080;\">votre \u00e9tat de conscience prime<\/span><\/strong> et que tout le reste est secondaire. Photo by <a href=\"https:\/\/unsplash.com\/@isabellwinter?utm_source=unsplash&amp;utm_medium=referral&amp;utm_content=creditCopyText\" target=\"_blank\" rel=\"noopener noreferrer\">Isabell Winter<\/a><\/p>\n","protected":false},"excerpt":{"rendered":"<p>Voici une s\u00e9rie de citations d&rsquo;Eckhart Tolle que j&rsquo;ai rep\u00each\u00e9 sur le mur d&rsquo;un de mes amis Facebook qui a la bien bonne id\u00e9e d&rsquo;en poster r\u00e9guli\u00e8rement&#8230; La plupart des illustrations ont \u00e9galement \u00e9t\u00e9 choisies par ses soins. Faites de votre mieux tout en acceptant ce qui est.&nbsp;Comme le mental&#8230;<\/p>\n<p> <a class=\"continue-reading-link\" href=\"https:\/\/ekongkar.yoga\/?p=5684\"><span>Lire la suite&#8230;<\/span><i class=\"crycon-right-dir\"><\/i><\/a> <\/p>\n","protected":false},"author":1,"featured_media":10034,"comment_status":"closed","ping_status":"open","sticky":false,"template":"","format":"standard","meta":{"fifu_image_url":"","fifu_image_alt":"","footnotes":""},"categories":[13,35],"tags":[],"class_list":["post-5684","post","type-post","status-publish","format-standard","has-post-thumbnail","hentry","category-citations","category-moment-present"],"_links":{"self":[{"href":"https:\/\/ekongkar.yoga\/index.php?rest_route=\/wp\/v2\/posts\/5684","targetHints":{"allow":["GET"]}}],"collection":[{"href":"https:\/\/ekongkar.yoga\/index.php?rest_route=\/wp\/v2\/posts"}],"about":[{"href":"https:\/\/ekongkar.yoga\/index.php?rest_route=\/wp\/v2\/types\/post"}],"author":[{"embeddable":true,"href":"https:\/\/ekongkar.yoga\/index.php?rest_route=\/wp\/v2\/users\/1"}],"replies":[{"embeddable":true,"href":"https:\/\/ekongkar.yoga\/index.php?rest_route=%2Fwp%2Fv2%2Fcomments&post=5684"}],"version-history":[{"count":0,"href":"https:\/\/ekongkar.yoga\/index.php?rest_route=\/wp\/v2\/posts\/5684\/revisions"}],"wp:featuredmedia":[{"embeddable":true,"href":"https:\/\/ekongkar.yoga\/index.php?rest_route=\/wp\/v2\/media\/10034"}],"wp:attachment":[{"href":"https:\/\/ekongkar.yoga\/index.php?rest_route=%2Fwp%2Fv2%2Fmedia&parent=5684"}],"wp:term":[{"taxonomy":"category","embeddable":true,"href":"https:\/\/ekongkar.yoga\/index.php?rest_route=%2Fwp%2Fv2%2Fcategories&post=5684"},{"taxonomy":"post_tag","embeddable":true,"href":"https:\/\/ekongkar.yoga\/index.php?rest_route=%2Fwp%2Fv2%2Ftags&post=5684"}],"curies":[{"name":"wp","href":"https:\/\/api.w.org\/{rel}","templated":true}]}}