{"id":4202,"date":"2017-11-16T18:58:09","date_gmt":"2017-11-16T16:58:09","guid":{"rendered":"http:\/\/ekongkar.yoga\/?p=4202"},"modified":"2017-11-16T18:58:09","modified_gmt":"2017-11-16T16:58:09","slug":"samasthiti-etre-debout","status":"publish","type":"post","link":"https:\/\/ekongkar.yoga\/?p=4202","title":{"rendered":"Samasthiti: \u00eatre debout"},"content":{"rendered":"<p><strong><span style=\"color: #008080;\">Samasthiti est sans doute la posture qui exprime le mieux la d\u00e9marche spirituelle de l&rsquo;homme contemporain.<\/span><\/strong><\/p>\n<p>Quand bien m\u00eame nous gardions au fond de nous la nostalgie de la cabane ou de la grotte, \u00e0 l&rsquo;abri des agressions du monde et dans la beaut\u00e9 d&rsquo;une nature silencieuse, nous savons que cette situation reste exceptionnelle et ne concerne qu&rsquo;un tout petit nombre d&rsquo;entre nous. Est-ce pour autant qu&rsquo;il faille renoncer \u00e0 l&rsquo;\u00e9lan transformateur? S\u00fbrement pas! Il nous faut \u00ab\u00a0seulement\u00a0\u00bb<strong><span style=\"color: #993300;\"> trouver une voie de conciliation entre nos engagements existentiels et spirituels<\/span><\/strong>. Et <strong><span style=\"color: #008080;\">cette voie reste \u00e0 trouver par et gr\u00e2ce au Yoga<\/span><\/strong> car il ne pr\u00e9sente pas d&rsquo;exclusion et s&rsquo;inscrit dans une tradition vivante et multiforme: R\u00e2ja-yoga, Karma-yoga, Bhakti-yoga, Hatha-yoga, Jn\u00e2na-yoga&#8230;<\/p>\n<p>Autant dans la retraite que dans la vie sociale ou priv\u00e9e, nous pouvons <strong><span style=\"color: #008080;\">p\u00e9n\u00e9trer des \u00e9tats de conscience et de pr\u00e9sence \u00e0 l&rsquo;int\u00e9riorit\u00e9<\/span><\/strong> pendant lesquels il est possible d&rsquo;\u00e9chapper \u00e0 toute intrusion perturbante de l&rsquo;environnement. C&rsquo;est le mouvement habituel de la m\u00e9ditation qui va vers une \u00ab\u00a0rentr\u00e9e\u00a0\u00bb en soi. Mais le mouvement inverse est tout autant possible: porter sa conscience \u00e0 l&rsquo;ext\u00e9rieur de soi, non pas pour \u00ab\u00a0saisir\u00a0\u00bb le monde par nos sens et notre psychisme mais pour <strong><span style=\"color: #008080;\">donner au monde l&rsquo;occasion de d\u00e9voiler son essence<\/span><\/strong>. Ces<strong><span style=\"color: #993300;\"> deux orientations de la m\u00e9ditation<\/span><\/strong>: en soi et hors de soi, posent l&rsquo;\u00e9quation d&rsquo;une identit\u00e9 de nature entre microcosme et macrocosme.<\/p>\n<p>Si l&rsquo;ultime degr\u00e9 de la r\u00e9alisation est la cessation de toutes perturbations mentales, condition sine qua non pour <strong><span style=\"color: #008080;\">percevoir notre \u00ab\u00a0vrai nature\u00a0\u00bb<\/span><\/strong>, il y a dans la notion de progression ch\u00e8re \u00e0 Patanj\u00e2li, une mise en route, un mouvement int\u00e9rieur. Avant que d&rsquo;\u00eatre des \u00ab\u00a0lib\u00e9r\u00e9s vivants\u00a0\u00bb, soyons d&rsquo;abord humains, pleinement humains.<\/p>\n<p><strong><span style=\"color: #008080;\">Samasthiti atteste de notre solidarit\u00e9 au monde et de notre capacit\u00e9 \u00e0 assumer notre condition humaine<\/span><\/strong> quels que soient les \u00e9v\u00e9nements qui la constitue. Avant d&rsquo;atteindre de hautes sph\u00e8res spirituelles, ne faut-il pas d&rsquo;abord s&rsquo;amarrer, s&rsquo;ancrer, construire de la solidit\u00e9 et de la stabilit\u00e9 (=<em>stha<\/em>) dans le corps et l&rsquo;esprit sans quoi nous risquons tous les dangers de l&rsquo;\u00e9garement et de l&rsquo;errement? C&rsquo;est pourquoi les yama et niyama constituent les pilliers de la discipline: ils la balisent pour nous conduire vers une droiture de corps et d&rsquo;esprit. <strong><span style=\"color: #993300;\">En cherchant la rectitude envers soi et les autres, c&rsquo;est l&rsquo;homme debout que nous rencontrons et la route peut \u00eatre longue avant que de s&rsquo;asseoir!<\/span><\/strong><\/p>\n<p><em>(Extrait de \u00ab\u00a0Etre debout\u00a0\u00bb de Marie-Christine Leccia, publi\u00e9 dans la Revue Fran\u00e7aise de Yoga, n\u00b0 32, \u00ab Etre debout, marcher \u00bb, juillet 2005)<\/em><\/p>\n","protected":false},"excerpt":{"rendered":"<p>Samasthiti est sans doute la posture qui exprime le mieux la d\u00e9marche spirituelle de l&rsquo;homme contemporain. Quand bien m\u00eame nous gardions au fond de nous la nostalgie de la cabane ou de la grotte, \u00e0 l&rsquo;abri des agressions du monde et dans la beaut\u00e9 d&rsquo;une nature silencieuse, nous savons que&#8230;<\/p>\n<p> <a class=\"continue-reading-link\" href=\"https:\/\/ekongkar.yoga\/?p=4202\"><span>Lire la suite&#8230;<\/span><i class=\"crycon-right-dir\"><\/i><\/a> <\/p>\n","protected":false},"author":1,"featured_media":0,"comment_status":"closed","ping_status":"open","sticky":false,"template":"","format":"standard","meta":{"fifu_image_url":"","fifu_image_alt":"","footnotes":""},"categories":[52],"tags":[],"class_list":["post-4202","post","type-post","status-publish","format-standard","hentry","category-verticalite"],"_links":{"self":[{"href":"https:\/\/ekongkar.yoga\/index.php?rest_route=\/wp\/v2\/posts\/4202","targetHints":{"allow":["GET"]}}],"collection":[{"href":"https:\/\/ekongkar.yoga\/index.php?rest_route=\/wp\/v2\/posts"}],"about":[{"href":"https:\/\/ekongkar.yoga\/index.php?rest_route=\/wp\/v2\/types\/post"}],"author":[{"embeddable":true,"href":"https:\/\/ekongkar.yoga\/index.php?rest_route=\/wp\/v2\/users\/1"}],"replies":[{"embeddable":true,"href":"https:\/\/ekongkar.yoga\/index.php?rest_route=%2Fwp%2Fv2%2Fcomments&post=4202"}],"version-history":[{"count":0,"href":"https:\/\/ekongkar.yoga\/index.php?rest_route=\/wp\/v2\/posts\/4202\/revisions"}],"wp:attachment":[{"href":"https:\/\/ekongkar.yoga\/index.php?rest_route=%2Fwp%2Fv2%2Fmedia&parent=4202"}],"wp:term":[{"taxonomy":"category","embeddable":true,"href":"https:\/\/ekongkar.yoga\/index.php?rest_route=%2Fwp%2Fv2%2Fcategories&post=4202"},{"taxonomy":"post_tag","embeddable":true,"href":"https:\/\/ekongkar.yoga\/index.php?rest_route=%2Fwp%2Fv2%2Ftags&post=4202"}],"curies":[{"name":"wp","href":"https:\/\/api.w.org\/{rel}","templated":true}]}}