{"id":4153,"date":"2017-10-16T16:25:55","date_gmt":"2017-10-16T14:25:55","guid":{"rendered":"http:\/\/ekongkar.yoga\/?p=4153"},"modified":"2025-12-23T14:02:40","modified_gmt":"2025-12-23T13:02:40","slug":"un-geste-quil-ne-raturera-pas","status":"publish","type":"post","link":"https:\/\/ekongkar.yoga\/?p=4153","title":{"rendered":"Le geste sacr\u00e9, la calligraphie : un yoga du pinceau"},"content":{"rendered":"<p class=\"whitespace-pre-wrap break-words\">Pour nous, pratiquants de yoga et de m\u00e9ditation, l&rsquo;exploration du corps n&rsquo;est pas une simple aventure physique &#8211; <strong><span style=\"color: #008080;\">c&rsquo;est un voyage vers notre essence profonde<\/span><\/strong>.<\/p>\n<p class=\"whitespace-pre-wrap break-words\">\u00c0 chaque fois que nous d\u00e9roulons notre tapis, nous renouvelons cette compr\u00e9hension fondamentale : le corps est le <strong><span style=\"color: #008080;\">v\u00e9hicule sacr\u00e9 de notre \u00e9volution spirituelle<\/span><\/strong>.<\/p>\n<p class=\"font-600 text-xl font-bold\"><strong><span style=\"color: #993300;\">L&rsquo;\u00e9quilibre : au-del\u00e0 de l&rsquo;\u00e2sana<\/span><\/strong><\/p>\n<p class=\"whitespace-pre-wrap break-words\">Dans notre pratique du yoga, nous exp\u00e9rimentons quotidiennement cette v\u00e9rit\u00e9 :<strong><span style=\"color: #008080;\"> l&rsquo;\u00e9quilibre n&rsquo;est jamais un \u00e9tat fig\u00e9<\/span><\/strong>. Que ce soit en Vrikshasana (posture de l&rsquo;arbre) ou en m\u00e9ditation assise, nous d\u00e9couvrons que l&rsquo;immobilit\u00e9 apparente cache une danse subtile d&rsquo;ajustements constants. Comme le nouveau-n\u00e9 qui apprend \u00e0 marcher, nous r\u00e9apprenons dans chaque posture cette qu\u00eate perp\u00e9tuelle d&rsquo;\u00e9quilibre.<\/p>\n<p class=\"font-600 text-xl font-bold\"><strong><span style=\"color: #993300;\">Le geste conscient : un pont vers la m\u00e9ditation<\/span><\/strong><\/p>\n<p class=\"whitespace-pre-wrap break-words\">Les anciens yogis l&rsquo;avaient compris : <strong><span style=\"color: #008080;\">nos gestes sont les ambassadeurs de notre monde int\u00e9rieur<\/span><\/strong>. Chaque transition entre les \u00e2sanas, chaque mudra (geste sacr\u00e9), chaque pranayama (exercice respiratoire) devient un miroir qui refl\u00e8te notre \u00e9tat de conscience. Cette compr\u00e9hension fait \u00e9cho aux enseignements de Patanjali, o\u00f9 le corps devient un instrument d&rsquo;\u00e9veil.<\/p>\n<p class=\"font-600 text-lg font-bold\"><strong><span style=\"color: #993300;\">La sagesse du geste en pratique<\/span><\/strong><\/p>\n<p class=\"whitespace-pre-wrap break-words\">Les traditions d&rsquo;Asie, particuli\u00e8rement celles li\u00e9es au zen et au tao\u00efsme, ont d\u00e9velopp\u00e9 des arts qui r\u00e9sonnent profond\u00e9ment avec notre pratique du yoga. Parmi eux, la calligraphie offre un parall\u00e8le saisissant avec notre approche du mouvement conscient sur le tapis.<\/p>\n<p class=\"font-600 text-xl font-bold\"><strong><span style=\"color: #008080;\">La calligraphie : un yoga du pinceau<\/span><\/strong><\/p>\n<p class=\"whitespace-pre-wrap break-words\">Pour le yogi moderne, l&rsquo;art de la calligraphie peut \u00eatre vu comme une forme de m\u00e9ditation en mouvement, rappelant \u00e9trangement les \u00e9tapes de notre pratique :<\/p>\n<ul>\n<li class=\"font-600 text-lg font-bold\"><strong><span style=\"color: #008080;\">La pr\u00e9paration : une ritualisation consciente<\/span><\/strong><\/li>\n<\/ul>\n<p class=\"whitespace-pre-wrap break-words\">La pratique commence par l&rsquo;installation, similaire \u00e0 nos d\u00e9buts de s\u00e9ance de yoga. On recherche d&rsquo;abord cette assise stable et confortable, ce sthira sukham si familier aux pratiquants. Puis vient le temps de cr\u00e9er un espace sacr\u00e9 pour la pratique, en accordant une attention mindfulle \u00e0 chaque pr\u00e9paratif. Cette installation physique s&rsquo;accompagne naturellement d&rsquo;une harmonisation plus subtile, o\u00f9 corps, souffle et esprit s&rsquo;alignent progressivement. La conscience de la respiration s&rsquo;\u00e9tablit, les tensions se rel\u00e2chent, permettant un centrage et un ancrage profonds.<\/p>\n<ul>\n<li class=\"font-600 text-lg font-bold\"><strong><span style=\"color: #008080;\">Le moment du geste : une m\u00e9ditation en action<\/span><\/strong><\/li>\n<\/ul>\n<p class=\"whitespace-pre-wrap break-words\">L&rsquo;essence de cette pratique r\u00e9side dans ce que les Japonais appellent \u00ab\u00a0descendre dans le hara\u00a0\u00bb &#8211; un concept qui fait \u00e9cho \u00e0 notre exploration du bandha inf\u00e9rieur (mula bandha) et du centre \u00e9nerg\u00e9tique du bas-ventre (manipura chakra). Dans cet \u00e9tat d&rsquo;unification, la respiration s&rsquo;approfondit naturellement, rappelant le souffle ujjayi. Les tensions se dissolvent, nous amenant \u00e0 un \u00e9tat de pratyahara naturel, tandis que l&rsquo;\u00e9nergie, le prana, circule librement dans tout le corps. L&rsquo;esprit atteint alors un \u00e9tat de clart\u00e9 m\u00e9ditative.<\/p>\n<ul>\n<li class=\"font-600 text-lg font-bold\"><strong><span style=\"color: #008080;\">Enrichir notre pratique<\/span><\/strong><\/li>\n<\/ul>\n<p class=\"whitespace-pre-wrap break-words\">Cette approche du geste conscient ouvre des perspectives pr\u00e9cieuses pour approfondir notre sadhana, notre pratique spirituelle. Elle transforme chaque transition en yoga en une opportunit\u00e9 de m\u00e9ditation, enrichissant notre compr\u00e9hension des mudras et des kriyas. \u00c0 travers cette conscience accrue, notre exploration du lien corps-esprit s&rsquo;approfondit, nous rappelant que chaque mouvement, aussi simple soit-il, peut devenir une pratique spirituelle \u00e0 part enti\u00e8re.<\/p>\n<p class=\"font-600 text-xl font-bold\"><strong><span style=\"color: #993300;\">Une invitation \u00e0 l&rsquo;exploration<\/span><\/strong><\/p>\n<p class=\"whitespace-pre-wrap break-words\">Pour nous, yogis et m\u00e9ditants du XXIe si\u00e8cle, ces enseignements traditionnels offrent des cl\u00e9s pr\u00e9cieuses. Ils nous rappellent que <strong><span style=\"color: #008080;\">la conscience dans le mouvement est aussi importante que la posture elle-m\u00eame<\/span><\/strong>.\u00a0Cette compr\u00e9hension du geste sacr\u00e9 nous invite \u00e0 explorer la fluidit\u00e9 entre les \u00e2sanas, la pr\u00e9sence dans les mudras, la subtilit\u00e9 des micro-mouvements en m\u00e9ditation, et l&rsquo;union du souffle et du mouvement.<\/p>\n<p class=\"whitespace-pre-wrap break-words\">En int\u00e9grant ces principes \u00e0 notre pratique, nous d\u00e9couvrons que <strong><span style=\"color: #008080;\">chaque geste peut devenir une porte vers la pr\u00e9sence pure<\/span><\/strong> &#8211; l&rsquo;essence m\u00eame du yoga.<\/p>\n<p><strong><span style=\"color: #008080;\">\u00a0<\/span><\/strong><\/p>\n","protected":false},"excerpt":{"rendered":"<p>Pour nous, pratiquants de yoga et de m\u00e9ditation, l&rsquo;exploration du corps n&rsquo;est pas une simple aventure physique &#8211; c&rsquo;est un voyage vers notre essence profonde. \u00c0 chaque fois que nous d\u00e9roulons notre tapis, nous renouvelons cette compr\u00e9hension fondamentale : le corps est le v\u00e9hicule sacr\u00e9 de notre \u00e9volution spirituelle. L&rsquo;\u00e9quilibre&#8230;<\/p>\n<p> <a class=\"continue-reading-link\" href=\"https:\/\/ekongkar.yoga\/?p=4153\"><span>Lire la suite&#8230;<\/span><i class=\"crycon-right-dir\"><\/i><\/a> <\/p>\n","protected":false},"author":1,"featured_media":12231,"comment_status":"closed","ping_status":"open","sticky":false,"template":"","format":"standard","meta":{"fifu_image_url":"","fifu_image_alt":"","footnotes":""},"categories":[18,60],"tags":[],"class_list":["post-4153","post","type-post","status-publish","format-standard","has-post-thumbnail","hentry","category-equilibre","category-yoga-sutra"],"_links":{"self":[{"href":"https:\/\/ekongkar.yoga\/index.php?rest_route=\/wp\/v2\/posts\/4153","targetHints":{"allow":["GET"]}}],"collection":[{"href":"https:\/\/ekongkar.yoga\/index.php?rest_route=\/wp\/v2\/posts"}],"about":[{"href":"https:\/\/ekongkar.yoga\/index.php?rest_route=\/wp\/v2\/types\/post"}],"author":[{"embeddable":true,"href":"https:\/\/ekongkar.yoga\/index.php?rest_route=\/wp\/v2\/users\/1"}],"replies":[{"embeddable":true,"href":"https:\/\/ekongkar.yoga\/index.php?rest_route=%2Fwp%2Fv2%2Fcomments&post=4153"}],"version-history":[{"count":3,"href":"https:\/\/ekongkar.yoga\/index.php?rest_route=\/wp\/v2\/posts\/4153\/revisions"}],"predecessor-version":[{"id":39990,"href":"https:\/\/ekongkar.yoga\/index.php?rest_route=\/wp\/v2\/posts\/4153\/revisions\/39990"}],"wp:featuredmedia":[{"embeddable":true,"href":"https:\/\/ekongkar.yoga\/index.php?rest_route=\/wp\/v2\/media\/12231"}],"wp:attachment":[{"href":"https:\/\/ekongkar.yoga\/index.php?rest_route=%2Fwp%2Fv2%2Fmedia&parent=4153"}],"wp:term":[{"taxonomy":"category","embeddable":true,"href":"https:\/\/ekongkar.yoga\/index.php?rest_route=%2Fwp%2Fv2%2Fcategories&post=4153"},{"taxonomy":"post_tag","embeddable":true,"href":"https:\/\/ekongkar.yoga\/index.php?rest_route=%2Fwp%2Fv2%2Ftags&post=4153"}],"curies":[{"name":"wp","href":"https:\/\/api.w.org\/{rel}","templated":true}]}}