{"id":40699,"date":"2016-07-10T23:02:13","date_gmt":"2016-07-10T21:02:13","guid":{"rendered":"https:\/\/ekongkar.yoga\/?p=40699"},"modified":"2026-04-22T23:03:38","modified_gmt":"2026-04-22T21:03:38","slug":"sadhana-matinale-poumons-champ-magnetique-et-meditation-11-juil-2016-pour-22-jours","status":"publish","type":"post","link":"https:\/\/ekongkar.yoga\/?p=40699","title":{"rendered":"Sadhana matinale \u2013 Poumons, champ magn\u00e9tique et m\u00e9ditation (11 juil 2016 pour 22 jours)"},"content":{"rendered":"<p><strong><span style=\"color: #008080;\"><img loading=\"lazy\" decoding=\"async\" class=\"wp-image-40670 alignleft\" src=\"https:\/\/ekongkar.yoga\/wp-content\/uploads\/2015\/11\/josh-hild-GXOU59djQU0-unsplash-223x300.jpg\" alt=\"\" width=\"380\" height=\"511\" srcset=\"https:\/\/ekongkar.yoga\/wp-content\/uploads\/2015\/11\/josh-hild-GXOU59djQU0-unsplash-223x300.jpg 223w, https:\/\/ekongkar.yoga\/wp-content\/uploads\/2015\/11\/josh-hild-GXOU59djQU0-unsplash-763x1024.jpg 763w, https:\/\/ekongkar.yoga\/wp-content\/uploads\/2015\/11\/josh-hild-GXOU59djQU0-unsplash-74x100.jpg 74w, https:\/\/ekongkar.yoga\/wp-content\/uploads\/2015\/11\/josh-hild-GXOU59djQU0-unsplash-768x1031.jpg 768w, https:\/\/ekongkar.yoga\/wp-content\/uploads\/2015\/11\/josh-hild-GXOU59djQU0-unsplash-112x150.jpg 112w, https:\/\/ekongkar.yoga\/wp-content\/uploads\/2015\/11\/josh-hild-GXOU59djQU0-unsplash.jpg 800w\" sizes=\"auto, (max-width: 380px) 100vw, 380px\" \/>Plouray (Espace Yoga Ekongkar)<\/span><\/strong><br \/>\n<strong><span style=\"color: #800080;\">Du 11 juillet au 1 ao\u00fbt 2016<br \/>\n<\/span><span style=\"color: #ff6600;\">De 5h15 \u00e0 7h30<br \/>\n<\/span><\/strong><\/p>\n<h1><strong><span style=\"color: #993300;\">POUMONS, CHAMP MAGN\u00c9TIQUE ET M\u00c9DITATION (22 JOURS)<\/span><\/strong><\/h1>\n<p><strong><span style=\"color: #993300;\">La Sadhana matinale est un engagement profond envers soi-m\u00eame<\/span><\/strong>. Elle se d\u00e9ploie dans le silence de l\u2019aube, \u00e0 un moment o\u00f9 l\u2019esprit est encore disponible, non encombr\u00e9, pr\u00eat \u00e0 \u00eatre orient\u00e9. Pratiquer \u00e0 cette heure transforme la qualit\u00e9 de la journ\u00e9e, en installant une stabilit\u00e9 int\u00e9rieure qui ne d\u00e9pend plus des circonstances ext\u00e9rieures.<\/p>\n<p><strong><span style=\"color: #008080;\">Ce cycle de 22 jours est consacr\u00e9 \u00e0 une s\u00e9rie orient\u00e9e vers le travail des poumons, l\u2019\u00e9quilibre du champ magn\u00e9tique et l\u2019approfondissement de la m\u00e9ditation<\/span><\/strong>. La respiration y occupe une place centrale, soutenant \u00e0 la fois la vitalit\u00e9 du corps et la clart\u00e9 du mental. Cette pratique permet d\u2019\u00e9largir la capacit\u00e9 respiratoire, de renforcer la stabilit\u00e9 \u00e9nerg\u00e9tique et d\u2019installer un \u00e9tat m\u00e9ditatif plus accessible, plus stable et profond\u00e9ment ancr\u00e9.<\/p>\n<p>Durant 22 jours cons\u00e9cutifs, la r\u00e9p\u00e9tition devient <strong><span style=\"color: #008080;\">un levier de transformation<\/span><\/strong>. Elle ne cherche pas la performance, mais l\u2019ancrage. Jour apr\u00e8s jour, la pratique agit en profondeur, d\u00e9passant les fluctuations du mental pour installer une base plus stable, plus fiable.<\/p>\n<p><strong><span style=\"color: #008080;\">La Sadhana s\u2019inscrit dans une discipline simple mais exigeante<\/span><\/strong>. Elle commence avant le lever du soleil, dans un temps reconnu depuis des si\u00e8cles comme particuli\u00e8rement propice \u00e0 l\u2019int\u00e9riorisation. La pratique se d\u00e9ploie ensuite en plusieurs phases, m\u00ealant r\u00e9citation, postures, relaxation et m\u00e9ditations chant\u00e9es, dans une progression qui engage \u00e0 la fois le corps, le souffle et la conscience.<\/p>\n<p>Pratiquer en groupe \u00e0 cette heure cr\u00e9e une dynamique particuli\u00e8re. L\u2019effort individuel est soutenu par une pr\u00e9sence collective, et quelque chose se stabilise plus facilement. Ce n\u2019est pas seulement une pratique personnelle, c\u2019est <strong><span style=\"color: #008080;\">un espace partag\u00e9<\/span><\/strong> o\u00f9 chacun contribue \u00e0 une qualit\u00e9 d\u2019attention commune.<\/p>\n<p>Ce cycle est ouvert \u00e0 tous. Il ne suppose pas de niveau pr\u00e9alable, mais une disponibilit\u00e9 r\u00e9elle \u00e0 s\u2019engager dans la dur\u00e9e. <strong><span style=\"color: #008080;\">Chacun est libre de venir d\u00e9couvrir ou de s\u2019inscrire dans la continuit\u00e9, selon son propre rythme<\/span><\/strong>.<\/p>\n<p><strong><span style=\"color: #008080;\">La Sadhana n\u2019est pas une technique parmi d\u2019autres. Elle est un chemin<\/span><\/strong>. Elle commence souvent comme un effort, devient progressivement une \u00e9vidence, puis s\u2019installe comme un \u00e9tat.<\/p>\n<p><em>Photo de <a href=\"https:\/\/unsplash.com\/fr\/@joshhild?utm_source=unsplash&amp;utm_medium=referral&amp;utm_content=creditCopyText\" target=\"_blank\" rel=\"noopener\">Josh Hild<\/a> sur <a href=\"https:\/\/unsplash.com\/fr\/photos\/personne-assise-et-tournee-vers-larriere-sous-le-ciel-bleu-et-blanc-GXOU59djQU0?utm_source=unsplash&amp;utm_medium=referral&amp;utm_content=creditCopyText\" target=\"_blank\" rel=\"noopener\">Unsplash<\/a><\/em><\/p>\n","protected":false},"excerpt":{"rendered":"<p>Plouray (Espace Yoga Ekongkar) Du 11 juillet au 1 ao\u00fbt 2016 De 5h15 \u00e0 7h30 POUMONS, CHAMP MAGN\u00c9TIQUE ET M\u00c9DITATION (22 JOURS) La Sadhana matinale est un engagement profond envers soi-m\u00eame. Elle se d\u00e9ploie dans le silence de l\u2019aube, \u00e0 un moment o\u00f9 l\u2019esprit est encore disponible, non encombr\u00e9, pr\u00eat&#8230;<\/p>\n<p> <a class=\"continue-reading-link\" href=\"https:\/\/ekongkar.yoga\/?p=40699\"><span>Lire la suite&#8230;<\/span><i class=\"crycon-right-dir\"><\/i><\/a> <\/p>\n","protected":false},"author":2,"featured_media":40670,"comment_status":"closed","ping_status":"closed","sticky":false,"template":"","format":"standard","meta":{"fifu_image_url":"","fifu_image_alt":"","footnotes":""},"categories":[8,114],"tags":[],"class_list":["post-40699","post","type-post","status-publish","format-standard","has-post-thumbnail","hentry","category-atelier-plouray","category-sadhana-matinale"],"_links":{"self":[{"href":"https:\/\/ekongkar.yoga\/index.php?rest_route=\/wp\/v2\/posts\/40699","targetHints":{"allow":["GET"]}}],"collection":[{"href":"https:\/\/ekongkar.yoga\/index.php?rest_route=\/wp\/v2\/posts"}],"about":[{"href":"https:\/\/ekongkar.yoga\/index.php?rest_route=\/wp\/v2\/types\/post"}],"author":[{"embeddable":true,"href":"https:\/\/ekongkar.yoga\/index.php?rest_route=\/wp\/v2\/users\/2"}],"replies":[{"embeddable":true,"href":"https:\/\/ekongkar.yoga\/index.php?rest_route=%2Fwp%2Fv2%2Fcomments&post=40699"}],"version-history":[{"count":1,"href":"https:\/\/ekongkar.yoga\/index.php?rest_route=\/wp\/v2\/posts\/40699\/revisions"}],"predecessor-version":[{"id":40700,"href":"https:\/\/ekongkar.yoga\/index.php?rest_route=\/wp\/v2\/posts\/40699\/revisions\/40700"}],"wp:featuredmedia":[{"embeddable":true,"href":"https:\/\/ekongkar.yoga\/index.php?rest_route=\/wp\/v2\/media\/40670"}],"wp:attachment":[{"href":"https:\/\/ekongkar.yoga\/index.php?rest_route=%2Fwp%2Fv2%2Fmedia&parent=40699"}],"wp:term":[{"taxonomy":"category","embeddable":true,"href":"https:\/\/ekongkar.yoga\/index.php?rest_route=%2Fwp%2Fv2%2Fcategories&post=40699"},{"taxonomy":"post_tag","embeddable":true,"href":"https:\/\/ekongkar.yoga\/index.php?rest_route=%2Fwp%2Fv2%2Ftags&post=40699"}],"curies":[{"name":"wp","href":"https:\/\/api.w.org\/{rel}","templated":true}]}}