{"id":40673,"date":"2016-01-03T20:48:42","date_gmt":"2016-01-03T19:48:42","guid":{"rendered":"https:\/\/ekongkar.yoga\/?p=40673"},"modified":"2026-04-22T22:43:13","modified_gmt":"2026-04-22T20:43:13","slug":"sadhana-matinale-nabhi-kriya-4-janv-2016-pour-11-jours","status":"publish","type":"post","link":"https:\/\/ekongkar.yoga\/?p=40673","title":{"rendered":"Sadhana matinale \u2013 Kriya pour l&rsquo;\u00e9l\u00e9vation (4 jan 2016 pour 11 jours)"},"content":{"rendered":"<p><strong><span style=\"color: #008080;\"><img loading=\"lazy\" decoding=\"async\" class=\"wp-image-40670 alignleft\" src=\"https:\/\/ekongkar.yoga\/wp-content\/uploads\/2015\/11\/josh-hild-GXOU59djQU0-unsplash-223x300.jpg\" alt=\"\" width=\"380\" height=\"511\" srcset=\"https:\/\/ekongkar.yoga\/wp-content\/uploads\/2015\/11\/josh-hild-GXOU59djQU0-unsplash-223x300.jpg 223w, https:\/\/ekongkar.yoga\/wp-content\/uploads\/2015\/11\/josh-hild-GXOU59djQU0-unsplash-763x1024.jpg 763w, https:\/\/ekongkar.yoga\/wp-content\/uploads\/2015\/11\/josh-hild-GXOU59djQU0-unsplash-74x100.jpg 74w, https:\/\/ekongkar.yoga\/wp-content\/uploads\/2015\/11\/josh-hild-GXOU59djQU0-unsplash-768x1031.jpg 768w, https:\/\/ekongkar.yoga\/wp-content\/uploads\/2015\/11\/josh-hild-GXOU59djQU0-unsplash-112x150.jpg 112w, https:\/\/ekongkar.yoga\/wp-content\/uploads\/2015\/11\/josh-hild-GXOU59djQU0-unsplash.jpg 800w\" sizes=\"auto, (max-width: 380px) 100vw, 380px\" \/>Plouray (Espace Yoga Ekongkar)<\/span><\/strong><br \/>\n<strong><span style=\"color: #800080;\">Du 4 janvier au 14 janvier 2016<br \/>\n<\/span><span style=\"color: #ff6600;\">De 5h15 \u00e0 7h30<br \/>\n<\/span><\/strong><\/p>\n<h1><strong><span style=\"color: #993300;\">KRIYA POUR l&rsquo;ELEVATION (11 JOURS)<\/span><\/strong><\/h1>\n<p><strong><span style=\"color: #993300;\">La Sadhana matinale est un engagement profond envers soi-m\u00eame<\/span><\/strong>. Elle se d\u00e9ploie dans le silence de l\u2019aube, \u00e0 un moment o\u00f9 l\u2019esprit est encore disponible, non encombr\u00e9, pr\u00eat \u00e0 \u00eatre orient\u00e9. Pratiquer \u00e0 cette heure transforme la qualit\u00e9 de la journ\u00e9e, en installant une stabilit\u00e9 int\u00e9rieure qui ne d\u00e9pend plus des circonstances ext\u00e9rieures.<\/p>\n<p><strong><span style=\"color: #008080;\">Ce cycle de 11 jours est consacr\u00e9 \u00e0 une pratique pour l\u2019\u00e9l\u00e9vation<\/span><\/strong>, issue du Kundalini Yoga, orient\u00e9e vers un mouvement d\u2019ascension int\u00e9rieure et d\u2019expansion de la conscience. Cette pratique vise \u00e0 all\u00e9ger les inerties, \u00e0 clarifier le mental et \u00e0 ouvrir un espace plus vaste en soi. S\u2019y engager, c\u2019est cultiver une qualit\u00e9 de pr\u00e9sence plus fine, s\u2019extraire des conditionnements habituels et laisser \u00e9merger une dynamique int\u00e9rieure plus libre, plus stable et plus consciente.<\/p>\n<p>Durant 11 jours cons\u00e9cutifs, la r\u00e9p\u00e9tition devient <strong><span style=\"color: #008080;\">un levier de transformation<\/span><\/strong>. Elle ne cherche pas la performance, mais l\u2019ancrage. Jour apr\u00e8s jour, la pratique agit en profondeur, d\u00e9passant les fluctuations du mental pour installer une base plus stable, plus fiable.<\/p>\n<p><strong><span style=\"color: #008080;\">La Sadhana s\u2019inscrit dans une discipline simple mais exigeante<\/span><\/strong>. Elle commence avant le lever du soleil, dans un temps reconnu depuis des si\u00e8cles comme particuli\u00e8rement propice \u00e0 l\u2019int\u00e9riorisation. La pratique se d\u00e9ploie ensuite en plusieurs phases, m\u00ealant r\u00e9citation, postures, relaxation et m\u00e9ditations chant\u00e9es, dans une progression qui engage \u00e0 la fois le corps, le souffle et la conscience.<\/p>\n<p>Pratiquer en groupe \u00e0 cette heure cr\u00e9e une dynamique particuli\u00e8re. L\u2019effort individuel est soutenu par une pr\u00e9sence collective, et quelque chose se stabilise plus facilement. Ce n\u2019est pas seulement une pratique personnelle, c\u2019est <strong><span style=\"color: #008080;\">un espace partag\u00e9<\/span><\/strong> o\u00f9 chacun contribue \u00e0 une qualit\u00e9 d\u2019attention commune.<\/p>\n<p>Ce cycle est ouvert \u00e0 tous. Il ne suppose pas de niveau pr\u00e9alable, mais une disponibilit\u00e9 r\u00e9elle \u00e0 s\u2019engager dans la dur\u00e9e. <strong><span style=\"color: #008080;\">Chacun est libre de venir d\u00e9couvrir ou de s\u2019inscrire dans la continuit\u00e9, selon son propre rythme<\/span><\/strong>.<\/p>\n<p><strong><span style=\"color: #008080;\">La Sadhana n\u2019est pas une technique parmi d\u2019autres. Elle est un chemin<\/span><\/strong>. Elle commence souvent comme un effort, devient progressivement une \u00e9vidence, puis s\u2019installe comme un \u00e9tat.<\/p>\n<p><em>Photo de <a href=\"https:\/\/unsplash.com\/fr\/@joshhild?utm_source=unsplash&amp;utm_medium=referral&amp;utm_content=creditCopyText\" target=\"_blank\" rel=\"noopener\">Josh Hild<\/a>\u00a0sur <a href=\"https:\/\/unsplash.com\/fr\/photos\/personne-assise-et-tournee-vers-larriere-sous-le-ciel-bleu-et-blanc-GXOU59djQU0?utm_source=unsplash&amp;utm_medium=referral&amp;utm_content=creditCopyText\" target=\"_blank\" rel=\"noopener\">Unsplash<\/a><\/em><\/p>\n","protected":false},"excerpt":{"rendered":"<p>Plouray (Espace Yoga Ekongkar) Du 4 janvier au 14 janvier 2016 De 5h15 \u00e0 7h30 KRIYA POUR l&rsquo;ELEVATION (11 JOURS) La Sadhana matinale est un engagement profond envers soi-m\u00eame. Elle se d\u00e9ploie dans le silence de l\u2019aube, \u00e0 un moment o\u00f9 l\u2019esprit est encore disponible, non encombr\u00e9, pr\u00eat \u00e0 \u00eatre&#8230;<\/p>\n<p> <a class=\"continue-reading-link\" href=\"https:\/\/ekongkar.yoga\/?p=40673\"><span>Lire la suite&#8230;<\/span><i class=\"crycon-right-dir\"><\/i><\/a> <\/p>\n","protected":false},"author":2,"featured_media":40670,"comment_status":"closed","ping_status":"closed","sticky":false,"template":"","format":"standard","meta":{"fifu_image_url":"","fifu_image_alt":"","footnotes":""},"categories":[8,114],"tags":[],"class_list":["post-40673","post","type-post","status-publish","format-standard","has-post-thumbnail","hentry","category-atelier-plouray","category-sadhana-matinale"],"_links":{"self":[{"href":"https:\/\/ekongkar.yoga\/index.php?rest_route=\/wp\/v2\/posts\/40673","targetHints":{"allow":["GET"]}}],"collection":[{"href":"https:\/\/ekongkar.yoga\/index.php?rest_route=\/wp\/v2\/posts"}],"about":[{"href":"https:\/\/ekongkar.yoga\/index.php?rest_route=\/wp\/v2\/types\/post"}],"author":[{"embeddable":true,"href":"https:\/\/ekongkar.yoga\/index.php?rest_route=\/wp\/v2\/users\/2"}],"replies":[{"embeddable":true,"href":"https:\/\/ekongkar.yoga\/index.php?rest_route=%2Fwp%2Fv2%2Fcomments&post=40673"}],"version-history":[{"count":4,"href":"https:\/\/ekongkar.yoga\/index.php?rest_route=\/wp\/v2\/posts\/40673\/revisions"}],"predecessor-version":[{"id":40688,"href":"https:\/\/ekongkar.yoga\/index.php?rest_route=\/wp\/v2\/posts\/40673\/revisions\/40688"}],"wp:featuredmedia":[{"embeddable":true,"href":"https:\/\/ekongkar.yoga\/index.php?rest_route=\/wp\/v2\/media\/40670"}],"wp:attachment":[{"href":"https:\/\/ekongkar.yoga\/index.php?rest_route=%2Fwp%2Fv2%2Fmedia&parent=40673"}],"wp:term":[{"taxonomy":"category","embeddable":true,"href":"https:\/\/ekongkar.yoga\/index.php?rest_route=%2Fwp%2Fv2%2Fcategories&post=40673"},{"taxonomy":"post_tag","embeddable":true,"href":"https:\/\/ekongkar.yoga\/index.php?rest_route=%2Fwp%2Fv2%2Ftags&post=40673"}],"curies":[{"name":"wp","href":"https:\/\/api.w.org\/{rel}","templated":true}]}}