{"id":40259,"date":"2026-03-24T14:32:48","date_gmt":"2026-03-24T13:32:48","guid":{"rendered":"https:\/\/ekongkar.yoga\/?p=40259"},"modified":"2026-03-24T15:46:38","modified_gmt":"2026-03-24T14:46:38","slug":"medium-malgre-moi-conference-plouray-4-mai-2026","status":"publish","type":"post","link":"https:\/\/ekongkar.yoga\/?p=40259","title":{"rendered":"M\u00e9dium malgr\u00e9 moi \u2013 Conf\u00e9rence (Plouray \u2013 4 mai 2026)"},"content":{"rendered":"<p data-start=\"0\" data-end=\"79\"><strong><span style=\"color: #008080;\"><img loading=\"lazy\" decoding=\"async\" class=\"wp-image-40260 alignleft\" src=\"https:\/\/ekongkar.yoga\/wp-content\/uploads\/2026\/03\/Magdala-212x300.jpeg\" alt=\"\" width=\"380\" height=\"538\" srcset=\"https:\/\/ekongkar.yoga\/wp-content\/uploads\/2026\/03\/Magdala-212x300.jpeg 212w, https:\/\/ekongkar.yoga\/wp-content\/uploads\/2026\/03\/Magdala-71x100.jpeg 71w, https:\/\/ekongkar.yoga\/wp-content\/uploads\/2026\/03\/Magdala-106x150.jpeg 106w, https:\/\/ekongkar.yoga\/wp-content\/uploads\/2026\/03\/Magdala.jpeg 424w\" sizes=\"auto, (max-width: 380px) 100vw, 380px\" \/>Plouray (Espace Yoga Ekongkar) &#8211; <span style=\"color: #808080;\"><a style=\"color: #808080;\" href=\"https:\/\/ekongkar.yoga\/?page_id=23\">Google Map<\/a><\/span><\/span><\/strong><br data-start=\"34\" data-end=\"37\" \/><strong><span style=\"color: #800080;\">Lundi 4 mai<\/span><\/strong><br data-start=\"54\" data-end=\"57\" \/><strong><span style=\"color: #ff6600;\">De 19h30 \u00e0 22h00<\/span><\/strong><\/p>\n<h1 data-start=\"81\" data-end=\"128\"><strong><span style=\"color: #993300;\">M\u00e9dium malgr\u00e9 moi (conf\u00e9rence)<\/span><\/strong><\/h1>\n<p data-start=\"130\" data-end=\"191\">Avec <strong><span style=\"color: #008080;\">Nadine-Sarah Penna<\/span><\/strong><br data-start=\"152\" data-end=\"155\" \/><span style=\"color: #ff6600;\">Inscription souhait\u00e9e : devenusalaterre@gmail.com<\/span><strong><span style=\"color: #993300;\"><br \/>\n<\/span><\/strong><span style=\"color: #800080;\">Participation: 10 euros<\/span><\/p>\n<p>Une soir\u00e9e de rencontre, de transmission et d\u2019ouverture, autour d\u2019<strong><span style=\"color: #008080;\">une parole incarn\u00e9e<\/span><\/strong> qui relie l\u2019exp\u00e9rience humaine \u00e0 une dimension plus vaste, sensible et int\u00e9rieure.<\/p>\n<p>En savoir plus sur Nadine-Sarah Penna : <a href=\"https:\/\/nadinepenna.com\/\" target=\"_blank\" rel=\"noopener\">www.nadinepenna.com<\/a><\/p>\n<p>\u00c0 travers cette conf\u00e9rence, Nadine-Sarah Penna propose <strong><span style=\"color: #008080;\">un espace pour interroger notre rapport au vivant, \u00e0 nous-m\u00eames et aux autres<\/span><\/strong>. Son approche s\u2019inscrit dans une recherche d\u2019alignement, o\u00f9 la conscience, le corps et la dimension spirituelle ne sont pas s\u00e9par\u00e9s mais profond\u00e9ment li\u00e9s.<\/p>\n<p>Ce temps partag\u00e9 invite \u00e0 ralentir, \u00e0 \u00e9couter autrement, et \u00e0 <strong><span style=\"color: #008080;\">laisser \u00e9merger une compr\u00e9hension plus intime de ce qui nous traverse<\/span><\/strong>. Il ne s\u2019agit pas d\u2019un enseignement fig\u00e9, mais d\u2019une exploration vivante, nourrie par l\u2019exp\u00e9rience, la pr\u00e9sence et la qualit\u00e9 d\u2019attention port\u00e9e \u00e0 l\u2019instant.<\/p>\n<p><strong><span style=\"color: #993300;\">La conf\u00e9rence s\u2019adresse \u00e0 toute personne en chemin<\/span><\/strong>, curieuse d\u2019approfondir sa relation au monde, d\u2019affiner son \u00e9coute int\u00e9rieure et d\u2019ouvrir un espace de r\u00e9flexion et de transformation.<\/p>\n<p>Un moment pour se d\u00e9poser, questionner, ressentir, et peut-\u00eatre percevoir autrement ce qui, en nous, cherche \u00e0 se dire et \u00e0 se d\u00e9ployer.<\/p>\n<hr \/>\n<p><iframe loading=\"lazy\" title=\"YouTube video player\" src=\"https:\/\/www.youtube.com\/embed\/LtusfgiekWI?si=MaZiAUdWHEEb_WkK\" width=\"560\" height=\"315\" frameborder=\"0\" allowfullscreen=\"allowfullscreen\"><\/iframe><\/p>\n","protected":false},"excerpt":{"rendered":"<p>Plouray (Espace Yoga Ekongkar) &#8211; Google MapLundi 4 maiDe 19h30 \u00e0 22h00 M\u00e9dium malgr\u00e9 moi (conf\u00e9rence) Avec Nadine-Sarah PennaInscription souhait\u00e9e : devenusalaterre@gmail.com Participation: 10 euros Une soir\u00e9e de rencontre, de transmission et d\u2019ouverture, autour d\u2019une parole incarn\u00e9e qui relie l\u2019exp\u00e9rience humaine \u00e0 une dimension plus vaste, sensible et int\u00e9rieure. En&#8230;<\/p>\n<p> <a class=\"continue-reading-link\" href=\"https:\/\/ekongkar.yoga\/?p=40259\"><span>Lire la suite&#8230;<\/span><i class=\"crycon-right-dir\"><\/i><\/a> <\/p>\n","protected":false},"author":2,"featured_media":40260,"comment_status":"closed","ping_status":"closed","sticky":false,"template":"","format":"standard","meta":{"fifu_image_url":"","fifu_image_alt":"","footnotes":""},"categories":[8],"tags":[],"class_list":["post-40259","post","type-post","status-publish","format-standard","has-post-thumbnail","hentry","category-atelier-plouray"],"_links":{"self":[{"href":"https:\/\/ekongkar.yoga\/index.php?rest_route=\/wp\/v2\/posts\/40259","targetHints":{"allow":["GET"]}}],"collection":[{"href":"https:\/\/ekongkar.yoga\/index.php?rest_route=\/wp\/v2\/posts"}],"about":[{"href":"https:\/\/ekongkar.yoga\/index.php?rest_route=\/wp\/v2\/types\/post"}],"author":[{"embeddable":true,"href":"https:\/\/ekongkar.yoga\/index.php?rest_route=\/wp\/v2\/users\/2"}],"replies":[{"embeddable":true,"href":"https:\/\/ekongkar.yoga\/index.php?rest_route=%2Fwp%2Fv2%2Fcomments&post=40259"}],"version-history":[{"count":4,"href":"https:\/\/ekongkar.yoga\/index.php?rest_route=\/wp\/v2\/posts\/40259\/revisions"}],"predecessor-version":[{"id":40264,"href":"https:\/\/ekongkar.yoga\/index.php?rest_route=\/wp\/v2\/posts\/40259\/revisions\/40264"}],"wp:featuredmedia":[{"embeddable":true,"href":"https:\/\/ekongkar.yoga\/index.php?rest_route=\/wp\/v2\/media\/40260"}],"wp:attachment":[{"href":"https:\/\/ekongkar.yoga\/index.php?rest_route=%2Fwp%2Fv2%2Fmedia&parent=40259"}],"wp:term":[{"taxonomy":"category","embeddable":true,"href":"https:\/\/ekongkar.yoga\/index.php?rest_route=%2Fwp%2Fv2%2Fcategories&post=40259"},{"taxonomy":"post_tag","embeddable":true,"href":"https:\/\/ekongkar.yoga\/index.php?rest_route=%2Fwp%2Fv2%2Ftags&post=40259"}],"curies":[{"name":"wp","href":"https:\/\/api.w.org\/{rel}","templated":true}]}}