{"id":3989,"date":"2017-05-31T18:51:30","date_gmt":"2017-05-31T16:51:30","guid":{"rendered":"http:\/\/ekongkar.yoga\/?p=3989"},"modified":"2025-12-23T14:04:25","modified_gmt":"2025-12-23T13:04:25","slug":"symbolisme-de-la-colonne-vertebrale","status":"publish","type":"post","link":"https:\/\/ekongkar.yoga\/?p=3989","title":{"rendered":"Symbolisme de la colonne vert\u00e9brale"},"content":{"rendered":"<p><strong><span style=\"color: #008080;\">Le symbolisme du corps peut \u00eatre pratiquement r\u00e9sum\u00e9 tout entier dans celui de la colonne vert\u00e9brale<\/span><\/strong>, cet arbre qui demande \u00e0 \u00eatre verticalis\u00e9 et que l\u2019on sait si peu verticaliser.<\/p>\n<p>La fr\u00e9quence des tr\u00e8s gros probl\u00e8mes de colonne vert\u00e9brale atteste que ce lieu du corps, plus que tout autre, parce qu\u2019il est le centre, l\u2019axe du milieu, nous parle constamment. Ensuite tr\u00e8s peu de gens dans notre monde actuel (sauf dans le milieu du Yoga !) savent ce que veut dire vraiment <strong><span style=\"color: #008080;\">verticaliser la colonne vert\u00e9brale<\/span><\/strong> en un sens autre que purement physique.<\/p>\n<p>Reportons-nous au <strong><span style=\"color: #008080;\">mythe d\u2019Oedipe<\/span><\/strong>: lorsqu\u2019Oedipe se pr\u00e9sente devant la Sphinge, aux portes de Th\u00e8bes, la question qu\u2019elle lui pose s\u2019\u00e9nonce ainsi <em>\u00ab Quel est celui qui marche sur quatre pieds le matin, deux \u00e0 midi et trois le soir ? \u00bb<\/em> On pense toujours que celui qui va \u00e0 quatre pattes le matin, c\u2019est le petit enfant ; mais, en r\u00e9alit\u00e9, il s\u2019agit de l\u2019homme qui n\u2019a pas encore r\u00e9alis\u00e9 sa qualit\u00e9 de verticalisation, qui <strong><span style=\"color: #008080;\">recherche son identit\u00e9 profonde<\/span><\/strong>, r\u00e9elle, ne sait pas d\u2019o\u00f9 il vient, qui il est, ce qu\u2019il fait dans ce passage sur terre.<\/p>\n<p>La question de la Sphinge avait donc pour objet de provoquer une prise de conscience imm\u00e9diate l\u2019incapacit\u00e9 de l\u2019homme \u00e0 marcher sur ses deux pieds, \u00e0 <strong><span style=\"color: #008080;\">se tenir dans son midi<\/span><\/strong>, dans le milieu de lui-m\u00eame <em>(Extrait d&rsquo;un texte tr\u00e8s riche d&rsquo;Annick de Souzenelle titr\u00e9: Symbolisme de la colonne vert\u00e9brale et \u00e9quilibre, publi\u00e9 dans le n\u00b04 \/ Janvier 2009 de la Revue Fran\u00e7aise de Yoga : Equilibres sur les pieds).<\/em><\/p>\n","protected":false},"excerpt":{"rendered":"<p>Le symbolisme du corps peut \u00eatre pratiquement r\u00e9sum\u00e9 tout entier dans celui de la colonne vert\u00e9brale, cet arbre qui demande \u00e0 \u00eatre verticalis\u00e9 et que l\u2019on sait si peu verticaliser. La fr\u00e9quence des tr\u00e8s gros probl\u00e8mes de colonne vert\u00e9brale atteste que ce lieu du corps, plus que tout autre, parce&#8230;<\/p>\n<p> <a class=\"continue-reading-link\" href=\"https:\/\/ekongkar.yoga\/?p=3989\"><span>Lire la suite&#8230;<\/span><i class=\"crycon-right-dir\"><\/i><\/a> <\/p>\n","protected":false},"author":1,"featured_media":3991,"comment_status":"closed","ping_status":"open","sticky":false,"template":"","format":"standard","meta":{"fifu_image_url":"","fifu_image_alt":"","footnotes":""},"categories":[4,52],"tags":[],"class_list":["post-3989","post","type-post","status-publish","format-standard","has-post-thumbnail","hentry","category-anatomie","category-verticalite"],"_links":{"self":[{"href":"https:\/\/ekongkar.yoga\/index.php?rest_route=\/wp\/v2\/posts\/3989","targetHints":{"allow":["GET"]}}],"collection":[{"href":"https:\/\/ekongkar.yoga\/index.php?rest_route=\/wp\/v2\/posts"}],"about":[{"href":"https:\/\/ekongkar.yoga\/index.php?rest_route=\/wp\/v2\/types\/post"}],"author":[{"embeddable":true,"href":"https:\/\/ekongkar.yoga\/index.php?rest_route=\/wp\/v2\/users\/1"}],"replies":[{"embeddable":true,"href":"https:\/\/ekongkar.yoga\/index.php?rest_route=%2Fwp%2Fv2%2Fcomments&post=3989"}],"version-history":[{"count":1,"href":"https:\/\/ekongkar.yoga\/index.php?rest_route=\/wp\/v2\/posts\/3989\/revisions"}],"predecessor-version":[{"id":40010,"href":"https:\/\/ekongkar.yoga\/index.php?rest_route=\/wp\/v2\/posts\/3989\/revisions\/40010"}],"wp:featuredmedia":[{"embeddable":true,"href":"https:\/\/ekongkar.yoga\/index.php?rest_route=\/wp\/v2\/media\/3991"}],"wp:attachment":[{"href":"https:\/\/ekongkar.yoga\/index.php?rest_route=%2Fwp%2Fv2%2Fmedia&parent=3989"}],"wp:term":[{"taxonomy":"category","embeddable":true,"href":"https:\/\/ekongkar.yoga\/index.php?rest_route=%2Fwp%2Fv2%2Fcategories&post=3989"},{"taxonomy":"post_tag","embeddable":true,"href":"https:\/\/ekongkar.yoga\/index.php?rest_route=%2Fwp%2Fv2%2Ftags&post=3989"}],"curies":[{"name":"wp","href":"https:\/\/api.w.org\/{rel}","templated":true}]}}