{"id":39615,"date":"2026-03-16T23:23:07","date_gmt":"2026-03-16T22:23:07","guid":{"rendered":"https:\/\/ekongkar.yoga\/?p=39615"},"modified":"2026-04-23T22:54:31","modified_gmt":"2026-04-23T20:54:31","slug":"la-medaille-de-saint-benoit-une-arme-contre-le-mal","status":"publish","type":"post","link":"https:\/\/ekongkar.yoga\/?p=39615","title":{"rendered":"La m\u00e9daille de saint Beno\u00eet : une arme contre le Mal"},"content":{"rendered":"<p><img loading=\"lazy\" decoding=\"async\" class=\"alignnone wp-image-40741\" src=\"https:\/\/ekongkar.yoga\/wp-content\/uploads\/2026\/03\/St-benoit-300x200.jpg\" alt=\"\" width=\"825\" height=\"550\" srcset=\"https:\/\/ekongkar.yoga\/wp-content\/uploads\/2026\/03\/St-benoit-300x200.jpg 300w, https:\/\/ekongkar.yoga\/wp-content\/uploads\/2026\/03\/St-benoit-100x67.jpg 100w, https:\/\/ekongkar.yoga\/wp-content\/uploads\/2026\/03\/St-benoit-768x512.jpg 768w, https:\/\/ekongkar.yoga\/wp-content\/uploads\/2026\/03\/St-benoit-150x100.jpg 150w, https:\/\/ekongkar.yoga\/wp-content\/uploads\/2026\/03\/St-benoit.jpg 826w\" sizes=\"auto, (max-width: 825px) 100vw, 825px\" \/><\/p>\n<p>La d\u00e9votion \u00e0 saint Beno\u00eet et \u00e0 sa m\u00e9daille puise ses racines dans la vie du fondateur du monachisme occidental, <strong><span style=\"color: #008080;\">Beno\u00eet de Nursie (480\u2013547)<\/span><\/strong>. N\u00e9 dans une Italie d\u00e9chir\u00e9e par les invasions barbares, Beno\u00eet se retire \u00e0 Subiaco pour y vivre en ermite, avant de fonder le c\u00e9l\u00e8bre monast\u00e8re du Mont-Cassin. Sa\u00a0<em>R\u00e8gle<\/em>, synth\u00e8se de sagesse asc\u00e9tique, devient le pilier de la vie monastique en Occident.<\/p>\n<p><em>En fin d&rsquo;article, une <strong>vid\u00e9o de 50 minutes<\/strong> sur la vie de Saint Benoit de Nurcie<\/em><\/p>\n<p>La m\u00e9daille, cependant, \u00e9merge bien plus tard. Au\u00a0XIe si\u00e8cle, des manuscrits mentionnent <strong><span style=\"color: #008080;\">une croix protectrice associ\u00e9e \u00e0 des inscriptions myst\u00e9rieuses<\/span><\/strong>, mais c\u2019est au XVIIe si\u00e8cle que la forme actuelle se pr\u00e9cise. Selon la tradition, un moine b\u00e9n\u00e9dictin, lors d\u2019un proc\u00e8s pour sorcellerie \u00e0 Natternberg (Bavi\u00e8re), aurait eu une vision r\u00e9v\u00e9lant le pouvoir de ces inscriptions.<\/p>\n<p>En 1742, le pape Beno\u00eet XIV approuve officiellement la m\u00e9daille, la rattachant \u00e0 la spiritualit\u00e9 b\u00e9n\u00e9dictine et \u00e0 son combat contre les forces obscures. Elle est d\u00e8s lors reconnue comme un\u00a0<strong><span style=\"color: #008080;\">sacramental<\/span><\/strong>, c\u2019est-\u00e0-dire un objet de pi\u00e9t\u00e9 qui dispose l\u2019\u00e2me \u00e0 recevoir la gr\u00e2ce, \u00e0 condition d\u2019\u00eatre utilis\u00e9 avec foi.<\/p>\n<p><strong><span style=\"color: #993300;\">La Croix comme rempart<\/span><\/strong><\/p>\n<p>La m\u00e9daille est un condens\u00e9 de symboles chr\u00e9tiens et d\u2019invocations latines, refl\u00e9tant une\u00a0<strong>th\u00e9ologie de la victoire du Christ sur le mal<\/strong>.<\/p>\n<ul>\n<li><strong><span style=\"color: #008080;\">Face avant\u00a0:<\/span><\/strong><br \/>\nSaint Beno\u00eet y est repr\u00e9sent\u00e9 en habit monastique, tenant la\u00a0<strong>croix<\/strong>\u00a0(symbole de la R\u00e9demption) et la\u00a0<strong>R\u00e8gle\u00a0<\/strong>(guide de vie spirituelle). \u00c0 ses pieds, une\u00a0<strong>coupe bris\u00e9e<\/strong>\u00a0rappelle le miracle o\u00f9 il neutralisa un poison par le signe de la croix, et un\u00a0<strong>corbeau<\/strong>\u00a0\u00e9voque l\u2019animal qui emporta un pain empoisonn\u00e9 destin\u00e9 au saint. L\u2019inscription circulaire,\u00a0<em>\u00ab Eius in obitu nostro praesentia muniamur \u00bb <\/em>(\u00ab Que sa pr\u00e9sence [celle de saint Beno\u00eet] nous prot\u00e8ge \u00e0 l\u2019heure de notre mort \u00bb), souligne son r\u00f4le d\u2019intercesseur \u00e0 l\u2019heure de la mort.<\/li>\n<li><strong><span style=\"color: #008080;\">Face arri\u00e8re :<\/span><\/strong>\n<ul>\n<li><strong>Croix centrale avec des initiales latines :<\/strong>\n<ul>\n<li>Verticale <strong>(C S S M L)<\/strong> : <em>Crux Sacra Sit Mihi Lux<\/em> (\u00ab Que la Sainte Croix soit ma lumi\u00e8re \u00bb).<\/li>\n<li>Horizontale <strong>(N D S M D)<\/strong> : <em>Non Draco Sit Mihi Dux<\/em> (\u00ab Que le dragon ne soit pas mon guide \u00bb).<\/li>\n<\/ul>\n<\/li>\n<li><strong>Cercle autour :<\/strong>\n<ul>\n<li><strong>V R S N S M V<\/strong> : <em>Vade Retro Satana, Numquam Suade Mihi Vana<\/em> (\u00ab Arri\u00e8re, Satan! Ne me conseille jamais tes vanit\u00e9s \u00bb).<\/li>\n<li><strong>S M Q L I V B<\/strong> : <em>Sunt Mala Quae Libas, Ipse Venena Bibas<\/em> (\u00ab Ce que tu offres est mal, bois toi-m\u00eame ton poison \u00bb).<\/li>\n<\/ul>\n<\/li>\n<\/ul>\n<\/li>\n<\/ul>\n<p>Cette disposition n\u2019est pas anodine : la croix, instrument de la Passion, devient un bouclier spirituel. Les inscriptions, inspir\u00e9es des \u00c9vangiles (cf. Matthieu 4:10, o\u00f9 J\u00e9sus repousse Satan), incarnent une\u00a0<strong><span style=\"color: #008080;\">confession de foi militante<\/span><\/strong>, rappelant que le chr\u00e9tien est engag\u00e9 dans un combat contre \u00ab les puissances des t\u00e9n\u00e8bres \u00bb (\u00c9ph\u00e9siens 6:12) &#8211; <em>A la fin de l&rsquo;article: <strong>bande sonore de 1h de la pri\u00e8re r\u00e9cit\u00e9e ainsi qu&rsquo;une traduction mot \u00e0 mot.<\/strong><\/em><\/p>\n<p><strong><span style=\"color: #993300;\">Entre pri\u00e8re et protection<\/span><\/strong><\/p>\n<p>La m\u00e9daille ne se r\u00e9duit pas \u00e0 un talisman ; elle s\u2019inscrit dans une\u00a0<strong><span style=\"color: #008080;\">dynamique sacramentelle<\/span><\/strong>, o\u00f9 la foi active les gr\u00e2ces promises. Son efficacit\u00e9 d\u00e9pend de deux \u00e9l\u00e9ments : la\u00a0<strong><span style=\"color: #008080;\">b\u00e9n\u00e9diction par un pr\u00eatre<\/span><\/strong> (utilisant une pri\u00e8re d\u2019exorcisme) et l\u2019<strong><span style=\"color: #008080;\">engagement spirituel<\/span><\/strong>\u00a0de celui qui la porte.<\/p>\n<ul>\n<li><strong><span style=\"color: #008080;\">Pri\u00e8re d\u2019Exorcisme\u00a0:<\/span><\/strong><br \/>\nLors de la b\u00e9n\u00e9diction, le pr\u00eatre implore Dieu de \u00ab repousser toute puissance de l\u2019ennemi \u00bb par l\u2019intercession de saint Beno\u00eet. Cette pri\u00e8re, riche en r\u00e9f\u00e9rences bibliques, insiste sur la croix comme signe de salut et sur la victoire du Christ.<\/li>\n<li><strong><span style=\"color: #008080;\">Pratiques D\u00e9votionnelles\u00a0:<\/span><\/strong><br \/>\nLes fid\u00e8les sont encourag\u00e9s \u00e0 :<\/p>\n<ol start=\"1\">\n<li>Porter la m\u00e9daille autour du cou ou la placer dans leur foyer (sur une porte, pr\u00e8s d\u2019une fen\u00eatre), lieux symboliques de vuln\u00e9rabilit\u00e9.<\/li>\n<li>R\u00e9citer quotidiennement la pri\u00e8re, suivant les initiales de la m\u00e9daille <em>(\u00e0 la fin de l&rsquo;article: <strong>bande sonore de 1h de la pri\u00e8re r\u00e9cit\u00e9e<\/strong>).<\/em><\/li>\n<li>L\u2019utiliser lors de tentations ou de peurs, en tra\u00e7ant un signe de croix avec la m\u00e9daille, suivant l\u2019exemple de Beno\u00eet brisant la coupe empoisonn\u00e9e.<\/li>\n<\/ol>\n<\/li>\n<li><strong><span style=\"color: #008080;\">Contexte d\u2019utilisation\u00a0:<\/span><\/strong><br \/>\nElle est traditionnellement invoqu\u00e9e dans des situations de\u00a0<strong>danger spirituel ou physique<\/strong>\u00a0: maladies, oppression psychique, risques d\u2019accidents, ou avant un voyage. Les moines b\u00e9n\u00e9dictins la recommandaient aussi pour\u00a0<strong>prot\u00e9ger les cultures<\/strong> (en l\u2019enfouissant dans les champs), rappelant le lien de Beno\u00eet avec la nature.<\/li>\n<\/ul>\n<p><strong><span style=\"color: #993300;\"><img loading=\"lazy\" decoding=\"async\" class=\" wp-image-39623 alignleft\" src=\"https:\/\/ekongkar.yoga\/wp-content\/uploads\/2025\/03\/Heinemann_Nr_40_medieval_manuscript_detail-300x200.jpg\" alt=\"\" width=\"380\" height=\"253\" srcset=\"https:\/\/ekongkar.yoga\/wp-content\/uploads\/2025\/03\/Heinemann_Nr_40_medieval_manuscript_detail-300x200.jpg 300w, https:\/\/ekongkar.yoga\/wp-content\/uploads\/2025\/03\/Heinemann_Nr_40_medieval_manuscript_detail-100x67.jpg 100w, https:\/\/ekongkar.yoga\/wp-content\/uploads\/2025\/03\/Heinemann_Nr_40_medieval_manuscript_detail-768x512.jpg 768w, https:\/\/ekongkar.yoga\/wp-content\/uploads\/2025\/03\/Heinemann_Nr_40_medieval_manuscript_detail-150x100.jpg 150w, https:\/\/ekongkar.yoga\/wp-content\/uploads\/2025\/03\/Heinemann_Nr_40_medieval_manuscript_detail.jpg 800w\" sizes=\"auto, (max-width: 380px) 100vw, 380px\" \/><\/span><\/strong><\/p>\n<p><strong><span style=\"color: #993300;\">Un sacramental, pas une magie<\/span><\/strong><\/p>\n<p>L\u2019\u00c9glise catholique insiste sur le fait que la m\u00e9daille n\u2019a\u00a0<strong><span style=\"color: #008080;\">aucun pouvoir autonome<\/span><\/strong>. Comme tous les sacramentaux (eau b\u00e9nite, scapulaires), elle agit\u00a0<em>ex opere operantis<\/em>\u00a0(\u00ab par l\u2019action de celui qui prie \u00bb), et non\u00a0<em>ex opere operato<\/em> (\u00ab par l\u2019\u0153uvre accomplie \u00bb, c&rsquo;est \u00e0 dire ind\u00e9pendamment des m\u00e9rites ou de la foi de ceux qui administrent ou re\u00e7oivent le sacrement). Son usage doit s\u2019accompagner d\u2019une <strong><span style=\"color: #008080;\">vie conforme \u00e0 l\u2019\u00c9vangile<\/span><\/strong>\u00a0: pri\u00e8re, charit\u00e9, participation aux sacrements.<\/p>\n<p>En cela, elle s\u2019oppose radicalement aux pratiques superstitieuses ou magiques. Le Cat\u00e9chisme (n\u00b01677) pr\u00e9cise que les sacramentaux \u00ab disposent \u00e0 recevoir la gr\u00e2ce principale et y coop\u00e8rent \u00bb. La m\u00e9daille de saint Beno\u00eet devient ainsi un\u00a0<strong><span style=\"color: #008080;\">rappel tangible de la pr\u00e9sence divine<\/span><\/strong>, un appel \u00e0 la vigilance, et un outil pour \u00ab r\u00e9sister aux ruses du diable \u00bb (\u00c9ph\u00e9siens 6:11).<\/p>\n<p><em>Illustration: Satan offre une coupe \u00e0 Saint Beno\u00eet, qui le tient \u00e0 distance. (d\u00e9tail du manuscrit m\u00e9di\u00e9val autrichien Heinemann n\u00b0 40, publi\u00e9 pour la premi\u00e8re fois vers 1340) &#8211; Source: <a href=\"https:\/\/commons.wikimedia.org\/wiki\/File:Heinemann_Nr_40_medieval_manuscript_detail.jpg\">Work originally published by HAB Wolfenb\u00fcttel<\/a>, <a href=\"https:\/\/creativecommons.org\/licenses\/by\/3.0\/de\/deed.en\">CC BY 3.0 DE<\/a>, via Wikimedia Commons.<\/em><\/p>\n<p><strong><span style=\"color: #993300;\">T\u00e9moignages et impact<\/span><\/strong><\/p>\n<p>Depuis des si\u00e8cles, des r\u00e9cits de protection miraculeuse entourent la m\u00e9daille. En\u00a01857, un groupe de missionnaires au Br\u00e9sil rapporta avoir \u00e9chapp\u00e9 \u00e0 une attaque indig\u00e8ne apr\u00e8s avoir plac\u00e9 la m\u00e9daille sur leur camp. Plus pr\u00e8s de nous, <strong><span style=\"color: #008080;\">des fid\u00e8les \u00e9voquent des\u00a0d\u00e9livrances d\u2019addictions\u00a0ou de peurs obsessionnelles<\/span><\/strong> apr\u00e8s l\u2019avoir adopt\u00e9e.<\/p>\n<p>Ces t\u00e9moignages illustrent une conviction : celle que le combat spirituel, men\u00e9 dans la foi, trouve un \u00e9cho dans les promesses du Christ. Comme le rappelait Beno\u00eet XVI, \u00ab le christianisme n\u2019est pas une id\u00e9ologie, mais une rencontre avec une Personne \u00bb \u2013 <strong><span style=\"color: #008080;\">rencontre que la m\u00e9daide cherche \u00e0 faciliter<\/span><\/strong>.<\/p>\n<p><strong><span style=\"color: #993300;\">Une spiritualit\u00e9 incarn\u00e9e<\/span><\/strong><\/p>\n<p>La M\u00e9daille de saint Beno\u00eet incarne <strong><span style=\"color: #008080;\">une spiritualit\u00e9\u00a0\u00e0 la fois guerri\u00e8re et confiante<\/span><\/strong>, typique de la tradition monastique. Elle rappelle que le mal existe, mais que le Christ l\u2019a d\u00e9j\u00e0 vaincu. En l\u2019utilisant avec pi\u00e9t\u00e9, le croyant ne cherche pas \u00e0 contr\u00f4ler le surnaturel, mais \u00e0 s\u2019unir \u00e0 la victoire de la Croix, dont saint Beno\u00eet fut un ardent t\u00e9moin.<\/p>\n<p style=\"text-align: left;\"><div class=\"mks_col \"><div class=\"mks_one_half \">\n<p style=\"text-align: left;\"><iframe loading=\"lazy\" title=\"YouTube video player\" src=\"https:\/\/www.youtube.com\/embed\/6s27DnFaW-Y?si=wEmqItJRdv30mC0j\" width=\"560\" height=\"238\" frameborder=\"0\" allowfullscreen=\"allowfullscreen\"><\/iframe><\/p>\n<p style=\"text-align: left;\"><\/div><div class=\"mks_one_half \">\n<p style=\"text-align: left;\"><iframe loading=\"lazy\" title=\"YouTube video player\" src=\"https:\/\/www.youtube.com\/embed\/-w0l3oYf3rA?si=AEROg8PzgYTKhqOS\" width=\"560\" height=\"236\" frameborder=\"0\" allowfullscreen=\"allowfullscreen\"><\/iframe><\/div><\/div>\n<p>Voici une <strong><span style=\"color: #993300;\">traduction mot \u00e0 mot<\/span><\/strong>\u00a0de la pri\u00e8re\u00a0<em>Crux Sancti Patris Benedicti<\/em>, en d\u00e9cryptant chaque terme latin pour en saisir le d\u00e9tail et la richesse :<\/p>\n<p><strong>1. Crux Sancti Patris Benedicti<\/strong><\/p>\n<ul>\n<li style=\"list-style-type: none;\">\n<ul>\n<li><strong>Crux<\/strong> : Croix<\/li>\n<li><strong>Sancti<\/strong>\u00a0: du Saint (g\u00e9nitif, possession)<\/li>\n<li><strong>Patris<\/strong>\u00a0: P\u00e8re<\/li>\n<\/ul>\n<\/li>\n<\/ul>\n<ul>\n<li><strong>Benedicti<\/strong>\u00a0: Beno\u00eet (g\u00e9nitif)<br \/>\n\u2192\u00a0<strong>Litt\u00e9ralement<\/strong>\u00a0:\u00a0<em>\u00ab La Croix du Saint P\u00e8re Beno\u00eet \u00bb<\/em>.<\/li>\n<\/ul>\n<hr \/>\n<p><strong>2. Crux Sacra Sit Mihi Lux<\/strong><\/p>\n<ul>\n<li><strong>Crux<\/strong>\u00a0: Croix<\/li>\n<li><strong>Sacra<\/strong>\u00a0: Sainte (adjectif f\u00e9minin accord\u00e9 \u00e0\u00a0<em>Crux<\/em>)<\/li>\n<li><strong>Sit<\/strong>\u00a0: Qu\u2019elle soit (subjonctif pr\u00e9sent de\u00a0<em>esse<\/em>, \u00ab \u00eatre \u00bb)<\/li>\n<li><strong>Mihi<\/strong>\u00a0: \u00c0 moi (datif)<\/li>\n<li><strong>Lux<\/strong>\u00a0: Lumi\u00e8re (nominatif)<br \/>\n\u2192\u00a0<strong>Litt\u00e9ralement<\/strong>\u00a0:\u00a0<em>\u00ab Que la Sainte Croix soit lumi\u00e8re \u00e0 moi \u00bb<\/em>\u00a0\u2192\u00a0<em>\u00ab Que la Sainte Croix soit ma lumi\u00e8re \u00bb<\/em>.<\/li>\n<\/ul>\n<hr \/>\n<p><strong>3. Non Draco Sit Mihi Dux<\/strong><\/p>\n<ul>\n<li><strong>Non<\/strong>\u00a0: Ne\u2026 pas<\/li>\n<li><strong>Draco<\/strong>\u00a0: Dragon (nominatif)<\/li>\n<li><strong>Sit<\/strong>\u00a0: Qu\u2019il soit (subjonctif)<\/li>\n<li><strong>Mihi<\/strong>\u00a0: \u00c0 moi<\/li>\n<li><strong>Dux<\/strong>\u00a0: Guide (nominatif)<br \/>\n\u2192\u00a0<strong>Litt\u00e9ralement<\/strong>\u00a0:\u00a0<em>\u00ab Que le dragon ne soit pas guide \u00e0 moi \u00bb<\/em>\u00a0\u2192\u00a0<em>\u00ab Que le dragon ne soit pas mon guide \u00bb<\/em>.<\/li>\n<\/ul>\n<hr \/>\n<p><strong>4. Vade Retro Satana<\/strong><\/p>\n<ul>\n<li><strong>Vade<\/strong>\u00a0: Va (imp\u00e9ratif de\u00a0<em>vadere<\/em>, \u00ab aller \u00bb)<\/li>\n<li><strong>Retro<\/strong>\u00a0: En arri\u00e8re<\/li>\n<li><strong>Satana<\/strong>\u00a0: Satan (vocatif)<br \/>\n\u2192\u00a0<strong>Litt\u00e9ralement<\/strong>\u00a0:\u00a0<em>\u00ab Va en arri\u00e8re, Satan \u00bb<\/em>\u00a0\u2192\u00a0<em>\u00ab Arri\u00e8re, Satan ! \u00bb<\/em>.<\/li>\n<\/ul>\n<hr \/>\n<p><strong>5. Numquam Suade Mihi Vana<\/strong><\/p>\n<ul>\n<li><strong>Numquam<\/strong>\u00a0: Jamais<\/li>\n<li><strong>Suade<\/strong>\u00a0: Persuade (imp\u00e9ratif pr\u00e9sent de\u00a0<em>suadere<\/em>)<\/li>\n<li><strong>Mihi<\/strong>\u00a0: \u00c0 moi<\/li>\n<li><strong>Vana<\/strong>\u00a0: Choses vaines (neutre pluriel, accusatif)<br \/>\n\u2192\u00a0<strong>Litt\u00e9ralement<\/strong>\u00a0:\u00a0<em>\u00ab Jamais persuade \u00e0 moi des choses vaines \u00bb<\/em>\u00a0\u2192\u00a0<em>\u00ab Ne me conseille jamais tes vanit\u00e9s \u00bb<\/em>.<\/li>\n<\/ul>\n<hr \/>\n<p><strong>6. Sunt Mala Quae Libas<\/strong><\/p>\n<ul>\n<li><strong>Sunt<\/strong>\u00a0: Sont<\/li>\n<li><strong>Mala<\/strong>\u00a0: Mauvaises (choses) (neutre pluriel, nominatif)<\/li>\n<li><strong>Quae<\/strong>\u00a0: Que (relatif, accusatif)<\/li>\n<li><strong>Libas<\/strong>\u00a0: Tu verses\/offres (pr\u00e9sent de\u00a0<em>libare<\/em>)<br \/>\n\u2192\u00a0<strong>Litt\u00e9ralement<\/strong>\u00a0:\u00a0<em>\u00ab Sont mauvaises les choses que tu verses \u00bb<\/em>\u00a0\u2192\u00a0<em>\u00ab Ce que tu offres est mal \u00bb<\/em>.<\/li>\n<\/ul>\n<hr \/>\n<p><strong>7. Ipse Venena Bibas<\/strong><\/p>\n<ul>\n<li><strong>Ipse<\/strong>\u00a0: Toi-m\u00eame (nominatif)<\/li>\n<li><strong>Venena<\/strong>\u00a0: Poisons (accusatif pluriel)<\/li>\n<li><strong>Bibas<\/strong>\u00a0: Bois (subjonctif pr\u00e9sent de\u00a0<em>bibere<\/em>)<br \/>\n\u2192\u00a0<strong>Litt\u00e9ralement<\/strong>\u00a0:\u00a0<em>\u00ab Toi-m\u00eame bois les poisons \u00bb<\/em>\u00a0\u2192\u00a0<em>\u00ab Bois toi-m\u00eame ton poison \u00bb<\/em>.<\/li>\n<\/ul>\n<hr \/>\n<p><strong>Traduction compl\u00e8te et harmonis\u00e9e<\/strong><\/p>\n<ol start=\"1\">\n<li>\u00ab La Croix du Saint P\u00e8re Beno\u00eet,<\/li>\n<li>Que la Sainte Croix soit ma lumi\u00e8re,<\/li>\n<li>Que le dragon ne soit pas mon guide.<\/li>\n<li>Arri\u00e8re, Satan !<\/li>\n<li>Ne me conseille jamais tes vanit\u00e9s,<\/li>\n<li>Ce que tu offres est mal,<\/li>\n<li>Bois toi-m\u00eame ton poison. Amen. \u00bb<\/li>\n<\/ol>\n","protected":false},"excerpt":{"rendered":"<p>La d\u00e9votion \u00e0 saint Beno\u00eet et \u00e0 sa m\u00e9daille puise ses racines dans la vie du fondateur du monachisme occidental, Beno\u00eet de Nursie (480\u2013547). N\u00e9 dans une Italie d\u00e9chir\u00e9e par les invasions barbares, Beno\u00eet se retire \u00e0 Subiaco pour y vivre en ermite, avant de fonder le c\u00e9l\u00e8bre monast\u00e8re du&#8230;<\/p>\n<p> <a class=\"continue-reading-link\" href=\"https:\/\/ekongkar.yoga\/?p=39615\"><span>Lire la suite&#8230;<\/span><i class=\"crycon-right-dir\"><\/i><\/a> <\/p>\n","protected":false},"author":2,"featured_media":40741,"comment_status":"closed","ping_status":"closed","sticky":false,"template":"","format":"standard","meta":{"fifu_image_url":"","fifu_image_alt":"","footnotes":""},"categories":[112,100],"tags":[],"class_list":["post-39615","post","type-post","status-publish","format-standard","has-post-thumbnail","hentry","category-christianisme","category-mantra"],"_links":{"self":[{"href":"https:\/\/ekongkar.yoga\/index.php?rest_route=\/wp\/v2\/posts\/39615","targetHints":{"allow":["GET"]}}],"collection":[{"href":"https:\/\/ekongkar.yoga\/index.php?rest_route=\/wp\/v2\/posts"}],"about":[{"href":"https:\/\/ekongkar.yoga\/index.php?rest_route=\/wp\/v2\/types\/post"}],"author":[{"embeddable":true,"href":"https:\/\/ekongkar.yoga\/index.php?rest_route=\/wp\/v2\/users\/2"}],"replies":[{"embeddable":true,"href":"https:\/\/ekongkar.yoga\/index.php?rest_route=%2Fwp%2Fv2%2Fcomments&post=39615"}],"version-history":[{"count":15,"href":"https:\/\/ekongkar.yoga\/index.php?rest_route=\/wp\/v2\/posts\/39615\/revisions"}],"predecessor-version":[{"id":40750,"href":"https:\/\/ekongkar.yoga\/index.php?rest_route=\/wp\/v2\/posts\/39615\/revisions\/40750"}],"wp:featuredmedia":[{"embeddable":true,"href":"https:\/\/ekongkar.yoga\/index.php?rest_route=\/wp\/v2\/media\/40741"}],"wp:attachment":[{"href":"https:\/\/ekongkar.yoga\/index.php?rest_route=%2Fwp%2Fv2%2Fmedia&parent=39615"}],"wp:term":[{"taxonomy":"category","embeddable":true,"href":"https:\/\/ekongkar.yoga\/index.php?rest_route=%2Fwp%2Fv2%2Fcategories&post=39615"},{"taxonomy":"post_tag","embeddable":true,"href":"https:\/\/ekongkar.yoga\/index.php?rest_route=%2Fwp%2Fv2%2Ftags&post=39615"}],"curies":[{"name":"wp","href":"https:\/\/api.w.org\/{rel}","templated":true}]}}