{"id":39576,"date":"2025-04-08T04:57:16","date_gmt":"2025-04-08T02:57:16","guid":{"rendered":"https:\/\/ekongkar.yoga\/?p=39576"},"modified":"2026-03-26T20:25:03","modified_gmt":"2026-03-26T19:25:03","slug":"le-ramadan-voyage-vers-lessentiel","status":"publish","type":"post","link":"https:\/\/ekongkar.yoga\/?p=39576","title":{"rendered":"Le Ramadan : voyage vers l&rsquo;essentiel"},"content":{"rendered":"<p class=\"text-xl font-bold text-text-200 mt-1 -mb-0.5\"><strong><span style=\"color: #993300;\"><img loading=\"lazy\" decoding=\"async\" class=\" wp-image-39578 alignleft\" src=\"https:\/\/ekongkar.yoga\/wp-content\/uploads\/2025\/03\/Ramadan-Ekongkar-Yoga-Plouray-1-300x200.jpg\" alt=\"\" width=\"380\" height=\"253\" srcset=\"https:\/\/ekongkar.yoga\/wp-content\/uploads\/2025\/03\/Ramadan-Ekongkar-Yoga-Plouray-1-300x200.jpg 300w, https:\/\/ekongkar.yoga\/wp-content\/uploads\/2025\/03\/Ramadan-Ekongkar-Yoga-Plouray-1-1024x682.jpg 1024w, https:\/\/ekongkar.yoga\/wp-content\/uploads\/2025\/03\/Ramadan-Ekongkar-Yoga-Plouray-1-100x67.jpg 100w, https:\/\/ekongkar.yoga\/wp-content\/uploads\/2025\/03\/Ramadan-Ekongkar-Yoga-Plouray-1-768x512.jpg 768w, https:\/\/ekongkar.yoga\/wp-content\/uploads\/2025\/03\/Ramadan-Ekongkar-Yoga-Plouray-1-150x100.jpg 150w, https:\/\/ekongkar.yoga\/wp-content\/uploads\/2025\/03\/Ramadan-Ekongkar-Yoga-Plouray-1.jpg 1028w\" sizes=\"auto, (max-width: 380px) 100vw, 380px\" \/>Une p\u00e9riode sacr\u00e9e au-del\u00e0 de la simple abstinence<\/span><\/strong><\/p>\n<p class=\"whitespace-pre-wrap break-words\">Le mois de Ramadan constitue l&rsquo;un des piliers fondamentaux de la spiritualit\u00e9 islamique. Loin d&rsquo;\u00eatre une simple p\u00e9riode d&rsquo;abstinence alimentaire, il repr\u00e9sente <strong><span style=\"color: #008080;\">un temps privil\u00e9gi\u00e9 o\u00f9 le croyant est invit\u00e9 \u00e0 une profonde transformation int\u00e9rieure<\/span><\/strong>. Ce mois sacr\u00e9 incarne un voyage spirituel dont la destination est la red\u00e9couverte de soi et le rapprochement avec le divin.<\/p>\n<p class=\"whitespace-pre-wrap break-words\">La tradition islamique consid\u00e8re le Ramadan comme le mois de la r\u00e9v\u00e9lation coranique, une p\u00e9riode particuli\u00e8rement propice \u00e0 la m\u00e9ditation et \u00e0 l&rsquo;\u00e9l\u00e9vation spirituelle. Cette dimension temporelle sp\u00e9cifique offre aux musulmans du monde entier <strong><span style=\"color: #008080;\">l&rsquo;opportunit\u00e9 de se reconnecter avec l&rsquo;essence m\u00eame de leur foi<\/span><\/strong>.<\/p>\n<p class=\"text-xl font-bold text-text-200 mt-1 -mb-0.5\"><strong><span style=\"color: #993300;\">L&rsquo;invitation divine \u00e0 la transcendance<\/span><\/strong><\/p>\n<p class=\"whitespace-pre-wrap break-words\">L&rsquo;une des particularit\u00e9s du Ramadan r\u00e9side dans cette notion d&rsquo;invitation divine. Le fid\u00e8le n&rsquo;est pas simplement soumis \u00e0 une obligation rituelle, mais re\u00e7oit une v\u00e9ritable invitation \u00e0 la table spirituelle de son Seigneur. Cette conception transforme radicalement l&rsquo;exp\u00e9rience du je\u00fbne : <strong><span style=\"color: #008080;\">ce qui pourrait \u00eatre per\u00e7u comme une privation devient alors un privil\u00e8ge<\/span><\/strong>.<\/p>\n<p class=\"whitespace-pre-wrap break-words\">La tradition proph\u00e9tique enseigne que les portes du ciel s&rsquo;ouvrent pendant ce mois b\u00e9ni, tandis que les forces n\u00e9gatives sont entrav\u00e9es. Cette m\u00e9taphore illustre parfaitement comment <strong><span style=\"color: #008080;\">le Ramadan cr\u00e9e un espace temporel favorable \u00e0 l&rsquo;\u00e9l\u00e9vation spirituelle<\/span><\/strong>, o\u00f9 les obstacles habituels au cheminement vers Dieu sont momentan\u00e9ment lev\u00e9s.<\/p>\n<p class=\"whitespace-pre-wrap break-words\">Le Coran affirme : <em>\u00ab\u00a0\u00d4 vous qui croyez ! Le je\u00fbne vous est prescrit comme il a \u00e9t\u00e9 prescrit \u00e0 ceux qui vous ont pr\u00e9c\u00e9d\u00e9s, ainsi atteindrez-vous la pi\u00e9t\u00e9.\u00a0\u00bb<\/em> Cette continuit\u00e9 historique inscrit le je\u00fbne musulman dans une tradition spirituelle mill\u00e9naire, tout en soulignant sa finalit\u00e9 essentielle :<strong><span style=\"color: #008080;\"> l&rsquo;acquisition de la conscience divine<\/span><\/strong> (taqwa).<\/p>\n<p class=\"text-xl font-bold text-text-200 mt-1 -mb-0.5\"><strong><span style=\"color: #993300;\">Au-del\u00e0 de la faim : une p\u00e9dagogie de l&rsquo;\u00eatre<\/span><\/strong><\/p>\n<p class=\"whitespace-pre-wrap break-words\">Si le je\u00fbne impose l&rsquo;abstention de nourriture et de boisson de l&rsquo;aube au coucher du soleil, sa signification profonde d\u00e9passe largement cette dimension physique. Il s&rsquo;agit avant tout d&rsquo;une p\u00e9dagogie spirituelle visant \u00e0 <strong><span style=\"color: #008080;\">lib\u00e9rer l&rsquo;\u00eatre humain de ses d\u00e9pendances mat\u00e9rielles pour le reconnecter \u00e0 sa nature essentielle<\/span><\/strong>.<\/p>\n<p class=\"whitespace-pre-wrap break-words\">La faim et la soif deviennent ainsi des enseignants silencieux qui nous rappellent notre fragilit\u00e9 fondamentale et notre d\u00e9pendance envers le Cr\u00e9ateur. Cette exp\u00e9rience corporelle directe cr\u00e9e <strong><span style=\"color: #008080;\">un espace int\u00e9rieur o\u00f9 peut s&rsquo;\u00e9panouir une autre forme de nourriture<\/span><\/strong> : celle de l&rsquo;\u00e2me et de l&rsquo;esprit.<\/p>\n<p class=\"whitespace-pre-wrap break-words\">Par la privation temporaire des nourritures terrestres, le fid\u00e8le affine sa sensibilit\u00e9 aux r\u00e9alit\u00e9s spirituelles. Il red\u00e9couvre cette v\u00e9rit\u00e9 fondamentale \u00e9nonc\u00e9e dans les textes sacr\u00e9s : <em>\u00ab\u00a0L&rsquo;homme ne vit pas seulement de pain.\u00a0\u00bb<\/em> Le Ramadan devient alors <strong><span style=\"color: #008080;\">un laboratoire existentiel o\u00f9 s&rsquo;exp\u00e9rimente cette autre dimension de l&rsquo;\u00eatre<\/span><\/strong>.<\/p>\n<p class=\"text-xl font-bold text-text-200 mt-1 -mb-0.5\"><strong><span style=\"color: #993300;\"><img loading=\"lazy\" decoding=\"async\" class=\" wp-image-39580 alignleft\" src=\"https:\/\/ekongkar.yoga\/wp-content\/uploads\/2025\/03\/Ramadan-Ekongkar-Yoga-Plouray-2-200x300.jpg\" alt=\"\" width=\"380\" height=\"570\" srcset=\"https:\/\/ekongkar.yoga\/wp-content\/uploads\/2025\/03\/Ramadan-Ekongkar-Yoga-Plouray-2-200x300.jpg 200w, https:\/\/ekongkar.yoga\/wp-content\/uploads\/2025\/03\/Ramadan-Ekongkar-Yoga-Plouray-2-682x1024.jpg 682w, https:\/\/ekongkar.yoga\/wp-content\/uploads\/2025\/03\/Ramadan-Ekongkar-Yoga-Plouray-2-67x100.jpg 67w, https:\/\/ekongkar.yoga\/wp-content\/uploads\/2025\/03\/Ramadan-Ekongkar-Yoga-Plouray-2-100x150.jpg 100w, https:\/\/ekongkar.yoga\/wp-content\/uploads\/2025\/03\/Ramadan-Ekongkar-Yoga-Plouray-2.jpg 685w\" sizes=\"auto, (max-width: 380px) 100vw, 380px\" \/>La dualit\u00e9 temporelle du Ramadan<\/span><\/strong><\/p>\n<p class=\"whitespace-pre-wrap break-words\">Le Ramadan instaure <strong><span style=\"color: #008080;\">une temporalit\u00e9 particuli\u00e8re qui structure l&rsquo;exp\u00e9rience du je\u00fbneur<\/span><\/strong>. Les journ\u00e9es sont consacr\u00e9es \u00e0 l&rsquo;abstinence et au contr\u00f4le de soi, tandis que les nuits deviennent des moments privil\u00e9gi\u00e9s de communion spirituelle et communautaire.<\/p>\n<p class=\"whitespace-pre-wrap break-words\">Cette alternance cr\u00e9e <strong><span style=\"color: #008080;\">un rythme sp\u00e9cifique qui extrait le croyant de sa routine habituelle<\/span><\/strong> pour l&rsquo;inscrire dans un temps sacr\u00e9. Les pri\u00e8res nocturnes sp\u00e9cifiques \u00e0 ce mois (tarawih), la lecture intensive du Coran, les invocations prolong\u00e9es transforment les nuits de Ramadan en v\u00e9ritables oasis spirituelles.<\/p>\n<p class=\"whitespace-pre-wrap break-words\">Au c\u0153ur de cette temporalit\u00e9 particuli\u00e8re se trouve <strong><span style=\"color: #008080;\">la Nuit du Destin<\/span> <\/strong>(Laylat al-Qadr), consid\u00e9r\u00e9e comme \u00ab\u00a0meilleure que mille mois\u00a0\u00bb selon le texte coranique. Cette nuit myst\u00e9rieuse, g\u00e9n\u00e9ralement situ\u00e9e dans les dix derniers jours du mois, repr\u00e9sente l&rsquo;apog\u00e9e spirituelle du Ramadan. La tradition enseigne qu&rsquo;en cette nuit particuli\u00e8re, les barri\u00e8res entre les mondes s&rsquo;amenuisent, permettant une communication plus directe avec le divin.<\/p>\n<p class=\"text-xl font-bold text-text-200 mt-1 -mb-0.5\"><strong><span style=\"color: #993300;\">L&rsquo;\u00eatre humain entre mouvement et r\u00e9ceptivit\u00e9<\/span><\/strong><\/p>\n<p class=\"whitespace-pre-wrap break-words\">Le paradigme spirituel du Ramadan nous invite \u00e0 reconsid\u00e9rer notre rapport au temps et \u00e0 l&rsquo;action. Dans notre existence quotidienne, <strong><span style=\"color: #008080;\">nous sommes constamment en mouvement<\/span><\/strong>, cherchant \u00e0 obtenir par nos efforts ce dont nous avons besoin. Cette logique d&rsquo;acquisition par l&rsquo;effort s&rsquo;applique tant aux n\u00e9cessit\u00e9s mat\u00e9rielles qu&rsquo;aux qu\u00eates spirituelles.<\/p>\n<p class=\"whitespace-pre-wrap break-words\">Pourtant, le Ramadan sugg\u00e8re un autre mode de relation avec l&rsquo;univers spirituel : celui de la r\u00e9ceptivit\u00e9 pure. Par le je\u00fbne et la d\u00e9votion, le croyant cr\u00e9e en lui un espace de silence et de disponibilit\u00e9 o\u00f9 peut se manifester la pr\u00e9sence divine.<strong><span style=\"color: #008080;\"> Il passe d&rsquo;une logique d&rsquo;appropriation active \u00e0 une logique d&rsquo;accueil contemplatif<\/span><\/strong>.<\/p>\n<p class=\"whitespace-pre-wrap break-words\">Cette dialectique entre action et r\u00e9ception refl\u00e8te une v\u00e9rit\u00e9 fondamentale de la spiritualit\u00e9 islamique : si l&rsquo;effort personnel est n\u00e9cessaire (le mouvement vers Dieu), la gr\u00e2ce divine (le mouvement de Dieu vers l&rsquo;homme) demeure l&rsquo;\u00e9l\u00e9ment d\u00e9terminant de l&rsquo;exp\u00e9rience spirituelle. Le Ramadan enseigne cette subtile alchimie o\u00f9 <strong><span style=\"color: #008080;\">l&rsquo;effort humain cr\u00e9e les conditions de la r\u00e9ceptivit\u00e9 au don divin<\/span><\/strong>.<\/p>\n<p class=\"text-xl font-bold text-text-200 mt-1 -mb-0.5\"><strong><span style=\"color: #993300;\">La purification multidimensionnelle<\/span><\/strong><\/p>\n<p class=\"whitespace-pre-wrap break-words\">Le je\u00fbne du Ramadan op\u00e8re une purification qui touche toutes les dimensions de l&rsquo;\u00eatre humain. Sur le <strong><span style=\"color: #008080;\">plan physique<\/span><\/strong>, l&rsquo;abstinence alimentaire permet au corps de se r\u00e9g\u00e9n\u00e9rer. Sur le <strong><span style=\"color: #008080;\">plan psychologique<\/span><\/strong>, la ma\u00eetrise des pulsions et des habitudes renforce la volont\u00e9 et clarifie l&rsquo;esprit. Sur le <strong><span style=\"color: #008080;\">plan \u00e9thique<\/span><\/strong>, l&rsquo;attention accrue port\u00e9e \u00e0 ses paroles et ses comportements raffine le caract\u00e8re moral.<\/p>\n<p class=\"whitespace-pre-wrap break-words\"><strong><span style=\"color: #008080;\">Mais c&rsquo;est sur le plan spirituel que la purification atteint sa pl\u00e9nitude<\/span><\/strong>. En se d\u00e9tachant temporairement des pr\u00e9occupations mat\u00e9rielles, l&rsquo;\u00e2me retrouve sa l\u00e9g\u00e8ret\u00e9 originelle et sa capacit\u00e9 de perception des r\u00e9alit\u00e9s subtiles. La tradition islamique parle alors de \u00ab\u00a0polissage du c\u0153ur\u00a0\u00bb, cette op\u00e9ration int\u00e9rieure qui transforme l&rsquo;\u00e2me en un miroir capable de refl\u00e9ter la lumi\u00e8re divine.<\/p>\n<p class=\"whitespace-pre-wrap break-words\"><strong><span style=\"color: #008080;\">Cette purification n&rsquo;est pas une fin en soi<\/span><\/strong>, mais la condition n\u00e9cessaire pour acc\u00e9der \u00e0 un \u00e9tat de conscience sup\u00e9rieur. Le Proph\u00e8te de l&rsquo;Islam n&rsquo;enseignait-il pas que <em>\u00ab\u00a0celui qui ne tire de son je\u00fbne que la faim et la soif n&rsquo;en tire aucun b\u00e9n\u00e9fice v\u00e9ritable\u00a0\u00bb<\/em> ? Le je\u00fbne physique n&rsquo;est que le support d&rsquo;un je\u00fbne plus profond, celui des pens\u00e9es n\u00e9gatives, des passions destructrices et des attachements illusoires.<\/p>\n<p class=\"text-xl font-bold text-text-200 mt-1 -mb-0.5\"><strong><span style=\"color: #993300;\">La dimension communautaire et universelle<\/span><\/strong><\/p>\n<p class=\"whitespace-pre-wrap break-words\">Si le Ramadan comporte une dimension profond\u00e9ment personnelle et int\u00e9rieure, il poss\u00e8de \u00e9galement une puissante dimension communautaire. \u00c0 travers le monde, <strong><span style=\"color: #008080;\">plus d&rsquo;un milliard et demi de musulmans partagent simultan\u00e9ment cette exp\u00e9rience<\/span><\/strong>, cr\u00e9ant une communaut\u00e9 spirituelle qui transcende les fronti\u00e8res g\u00e9ographiques, culturelles et sociales.<\/p>\n<p class=\"whitespace-pre-wrap break-words\">Les repas partag\u00e9s au moment de la rupture du je\u00fbne (iftar) deviennent des moments privil\u00e9gi\u00e9s de fraternit\u00e9 et de solidarit\u00e9. La tradition recommande particuli\u00e8rement la g\u00e9n\u00e9rosit\u00e9 pendant ce mois, rappelant que <strong><span style=\"color: #008080;\">nourrir un je\u00fbneur \u00e9quivaut spirituellement \u00e0 je\u00fbner soi-m\u00eame<\/span><\/strong>. Cette insistance sur le partage fait du Ramadan un puissant facteur de coh\u00e9sion sociale et de compassion envers les plus d\u00e9munis.<\/p>\n<p class=\"whitespace-pre-wrap break-words\">Le je\u00fbne permet \u00e9galement une forme d&rsquo;universalisme spirituel, puisqu&rsquo;il \u00e9tablit une communion d&rsquo;exp\u00e9rience avec tous les chercheurs de v\u00e9rit\u00e9 qui, \u00e0 travers les traditions et les \u00e9poques, ont pratiqu\u00e9 cette discipline. De Bouddha \u00e0 J\u00e9sus, de Mo\u00efse aux mystiques de toutes traditions, <strong><span style=\"color: #008080;\">le je\u00fbne appara\u00eet comme un langage spirituel universel que le Ramadan perp\u00e9tue dans sa sp\u00e9cificit\u00e9 islamique<\/span><\/strong>.<\/p>\n<p class=\"text-xl font-bold text-text-200 mt-1 -mb-0.5\"><strong><span style=\"color: #993300;\">Au-del\u00e0 de l&rsquo;intelligence discursive : l&rsquo;exp\u00e9rience du c\u0153ur<\/span><\/strong><\/p>\n<p class=\"whitespace-pre-wrap break-words\">L&rsquo;une des le\u00e7ons essentielles du Ramadan r\u00e9side dans le d\u00e9passement des limites de l&rsquo;intelligence rationnelle pour acc\u00e9der \u00e0 la connaissance du c\u0153ur. La tradition islamique distingue clairement entre <strong><span style=\"color: #008080;\">la raison (&lsquo;aql)<\/span><\/strong>, facult\u00e9 d&rsquo;analyse et de discernement, et<strong><span style=\"color: #008080;\"> le c\u0153ur (qalb)<\/span><\/strong>, organe spirituel de perception directe des r\u00e9alit\u00e9s divines.<\/p>\n<p class=\"whitespace-pre-wrap break-words\">Le je\u00fbne, en affaiblissant temporairement l&#8217;emprise du corps et des pr\u00e9occupations mondaines, permet au c\u0153ur de retrouver sa fonction originelle de r\u00e9ceptacle de l&rsquo;inspiration divine. Ce n&rsquo;est plus l&rsquo;homme qui cherche \u00e0 comprendre Dieu par ses propres efforts intellectuels, mais <strong><span style=\"color: #008080;\">Dieu qui se d\u00e9voile au c\u0153ur disponible et purifi\u00e9<\/span><\/strong>.<\/p>\n<p class=\"whitespace-pre-wrap break-words\">Cette connaissance exp\u00e9rientielle, que les soufis nomment \u00ab\u00a0ma&rsquo;rifa\u00a0\u00bb, ne s&rsquo;acquiert pas par l&rsquo;\u00e9tude des livres mais par une transformation int\u00e9rieure. Le Ramadan offre pr\u00e9cis\u00e9ment l&rsquo;espace-temps sacr\u00e9 o\u00f9 cette transformation peut s&rsquo;op\u00e9rer, o\u00f9 <strong><span style=\"color: #008080;\">l&rsquo;\u00eatre humain passe de la connaissance th\u00e9orique \u00e0 l&rsquo;exp\u00e9rience vivante du divin<\/span><\/strong>.<\/p>\n<p class=\"text-xl font-bold text-text-200 mt-1 -mb-0.5\"><strong><span style=\"color: #993300;\">La libert\u00e9 spirituelle comme horizon<\/span><\/strong><\/p>\n<p class=\"whitespace-pre-wrap break-words\">Paradoxalement, c&rsquo;est \u00e0 travers les contraintes du je\u00fbne que le croyant d\u00e9couvre une forme sup\u00e9rieure de libert\u00e9. En se lib\u00e9rant temporairement de l&#8217;emprise des besoins corporels et des habitudes, <strong><span style=\"color: #008080;\">il exp\u00e9rimente une autonomie spirituelle qui constitue l&rsquo;essence m\u00eame de la dignit\u00e9 humaine<\/span><\/strong>.<\/p>\n<p class=\"whitespace-pre-wrap break-words\">Le Ramadan enseigne ainsi que la v\u00e9ritable libert\u00e9 ne consiste pas \u00e0 pouvoir satisfaire tous ses d\u00e9sirs, mais \u00e0 n&rsquo;\u00eatre l&rsquo;esclave d&rsquo;aucun d&rsquo;entre eux. En ma\u00eetrisant ses impulsions les plus fondamentales comme la faim et la soif, l&rsquo;\u00eatre humain affirme sa capacit\u00e9 \u00e0 <strong><span style=\"color: #008080;\">transcender sa condition biologique pour s&rsquo;\u00e9lever vers sa destination spirituelle<\/span><\/strong>.<\/p>\n<p class=\"whitespace-pre-wrap break-words\">Cette asc\u00e8se temporaire r\u00e9v\u00e8le une v\u00e9rit\u00e9 profonde : <strong><span style=\"color: #008080;\">nous ne sommes pas r\u00e9ductibles \u00e0 nos besoins<\/span><\/strong> physiques, \u00e0 nos conditionnements sociaux ou \u00e0 nos programmations psychologiques. Le je\u00fbne manifeste concr\u00e8tement cette transcendance potentielle qui constitue l&rsquo;essence m\u00eame de la dignit\u00e9 humaine selon la vision islamique.<\/p>\n<p class=\"text-xl font-bold text-text-200 mt-1 -mb-0.5\"><strong><span style=\"color: #993300;\">Le Ramadan comme \u00e9cole de pr\u00e9sence<\/span><\/strong><\/p>\n<p class=\"whitespace-pre-wrap break-words\">Le Ramadan repr\u00e9sente une \u00e9cole spirituelle compl\u00e8te o\u00f9 le croyant apprend l&rsquo;art subtil de la pr\u00e9sence \u2013 pr\u00e9sence \u00e0 Dieu, pr\u00e9sence \u00e0 soi-m\u00eame, pr\u00e9sence aux autres. Dans un monde caract\u00e9ris\u00e9 par la dispersion de l&rsquo;attention et la fragmentation de l&rsquo;\u00eatre, ce mois sacr\u00e9 offre <strong><span style=\"color: #008080;\">une opportunit\u00e9 de recentrement et d&rsquo;unification int\u00e9rieure<\/span><\/strong>.<\/p>\n<p class=\"whitespace-pre-wrap break-words\">Le je\u00fbne physique devient ainsi <strong><span style=\"color: #008080;\">le symbole et le support d&rsquo;une d\u00e9marche spirituelle plus vaste<\/span><\/strong> : la purification du regard, permettant de voir au-del\u00e0 des apparences; la purification du c\u0153ur, permettant de ressentir au-del\u00e0 des \u00e9motions ordinaires; la purification de la conscience, permettant de comprendre au-del\u00e0 des connaissances fragmentaires.<\/p>\n<p class=\"whitespace-pre-wrap break-words\">Comme le formulait po\u00e9tiquement un mystique musulman : <em>\u00ab\u00a0Le je\u00fbne du corps n&rsquo;est que l&rsquo;\u00e9corce, le je\u00fbne de l&rsquo;\u00e2me est le noyau. Heureux celui qui abandonne l&rsquo;\u00e9corce pour go\u00fbter le fruit.\u00a0\u00bb<\/em><\/p>\n<hr \/>\n<p class=\"whitespace-pre-wrap break-words\"><em>Source des illustrations: <a href=\"https:\/\/unsplash.com\/fr\/@abdu3h?utm_content=creditCopyText&amp;utm_medium=referral&amp;utm_source=unsplash\">Abdullah Arif<\/a> et <a href=\"https:\/\/unsplash.com\/fr\/@grooth?utm_content=creditCopyText&amp;utm_medium=referral&amp;utm_source=unsplash\">Mehmet Suba\u015f\u0131<\/a> sur <a href=\"https:\/\/unsplash.com\/fr\/photos\/homme-en-veste-de-costume-noir-et-casquette-noire-et-blanche-debout-pres-dune-fenetre-en-bois-marron-TTvbft-Nusw?utm_content=creditCopyText&amp;utm_medium=referral&amp;utm_source=unsplash\">Unsplash<\/a><\/em><\/p>\n","protected":false},"excerpt":{"rendered":"<p>Une p\u00e9riode sacr\u00e9e au-del\u00e0 de la simple abstinence Le mois de Ramadan constitue l&rsquo;un des piliers fondamentaux de la spiritualit\u00e9 islamique. Loin d&rsquo;\u00eatre une simple p\u00e9riode d&rsquo;abstinence alimentaire, il repr\u00e9sente un temps privil\u00e9gi\u00e9 o\u00f9 le croyant est invit\u00e9 \u00e0 une profonde transformation int\u00e9rieure. Ce mois sacr\u00e9 incarne un voyage spirituel&#8230;<\/p>\n<p> <a class=\"continue-reading-link\" href=\"https:\/\/ekongkar.yoga\/?p=39576\"><span>Lire la suite&#8230;<\/span><i class=\"crycon-right-dir\"><\/i><\/a> <\/p>\n","protected":false},"author":2,"featured_media":39580,"comment_status":"closed","ping_status":"closed","sticky":false,"template":"","format":"standard","meta":{"fifu_image_url":"","fifu_image_alt":"","footnotes":""},"categories":[101,111,113],"tags":[],"class_list":["post-39576","post","type-post","status-publish","format-standard","has-post-thumbnail","hentry","category-coran","category-islam","category-jeune"],"_links":{"self":[{"href":"https:\/\/ekongkar.yoga\/index.php?rest_route=\/wp\/v2\/posts\/39576","targetHints":{"allow":["GET"]}}],"collection":[{"href":"https:\/\/ekongkar.yoga\/index.php?rest_route=\/wp\/v2\/posts"}],"about":[{"href":"https:\/\/ekongkar.yoga\/index.php?rest_route=\/wp\/v2\/types\/post"}],"author":[{"embeddable":true,"href":"https:\/\/ekongkar.yoga\/index.php?rest_route=\/wp\/v2\/users\/2"}],"replies":[{"embeddable":true,"href":"https:\/\/ekongkar.yoga\/index.php?rest_route=%2Fwp%2Fv2%2Fcomments&post=39576"}],"version-history":[{"count":5,"href":"https:\/\/ekongkar.yoga\/index.php?rest_route=\/wp\/v2\/posts\/39576\/revisions"}],"predecessor-version":[{"id":39583,"href":"https:\/\/ekongkar.yoga\/index.php?rest_route=\/wp\/v2\/posts\/39576\/revisions\/39583"}],"wp:featuredmedia":[{"embeddable":true,"href":"https:\/\/ekongkar.yoga\/index.php?rest_route=\/wp\/v2\/media\/39580"}],"wp:attachment":[{"href":"https:\/\/ekongkar.yoga\/index.php?rest_route=%2Fwp%2Fv2%2Fmedia&parent=39576"}],"wp:term":[{"taxonomy":"category","embeddable":true,"href":"https:\/\/ekongkar.yoga\/index.php?rest_route=%2Fwp%2Fv2%2Fcategories&post=39576"},{"taxonomy":"post_tag","embeddable":true,"href":"https:\/\/ekongkar.yoga\/index.php?rest_route=%2Fwp%2Fv2%2Ftags&post=39576"}],"curies":[{"name":"wp","href":"https:\/\/api.w.org\/{rel}","templated":true}]}}