{"id":39563,"date":"2026-03-06T13:34:16","date_gmt":"2026-03-06T12:34:16","guid":{"rendered":"https:\/\/ekongkar.yoga\/?p=39563"},"modified":"2026-04-23T13:01:44","modified_gmt":"2026-04-23T11:01:44","slug":"le-jeune-au-coeur-du-careme-dimensions-spirituelles-et-pratiques","status":"publish","type":"post","link":"https:\/\/ekongkar.yoga\/?p=39563","title":{"rendered":"Le je\u00fbne au c\u0153ur du Car\u00eame : dimensions spirituelles et pratiques"},"content":{"rendered":"<p class=\"whitespace-pre-wrap break-words\"><img loading=\"lazy\" decoding=\"async\" class=\" wp-image-39567 alignleft\" src=\"https:\/\/ekongkar.yoga\/wp-content\/uploads\/2025\/03\/Careme-catholique-jeune-1-300x225.jpg\" alt=\"\" width=\"380\" height=\"285\" srcset=\"https:\/\/ekongkar.yoga\/wp-content\/uploads\/2025\/03\/Careme-catholique-jeune-1-300x225.jpg 300w, https:\/\/ekongkar.yoga\/wp-content\/uploads\/2025\/03\/Careme-catholique-jeune-1-1024x768.jpg 1024w, https:\/\/ekongkar.yoga\/wp-content\/uploads\/2025\/03\/Careme-catholique-jeune-1-100x75.jpg 100w, https:\/\/ekongkar.yoga\/wp-content\/uploads\/2025\/03\/Careme-catholique-jeune-1-768x576.jpg 768w, https:\/\/ekongkar.yoga\/wp-content\/uploads\/2025\/03\/Careme-catholique-jeune-1-150x113.jpg 150w, https:\/\/ekongkar.yoga\/wp-content\/uploads\/2025\/03\/Careme-catholique-jeune-1.jpg 1028w\" sizes=\"auto, (max-width: 380px) 100vw, 380px\" \/>Le je\u00fbne repr\u00e9sente une pratique spirituelle mill\u00e9naire pr\u00e9sente dans la quasi-totalit\u00e9 des traditions religieuses. Son expression dans la tradition chr\u00e9tienne, particuli\u00e8rement durant le Car\u00eame, m\u00e9rite une attention particuli\u00e8re tant par sa profondeur th\u00e9ologique que par ses bienfaits concrets. Alors que <strong><span style=\"color: #008080;\">nous traversons la p\u00e9riode du Car\u00eame 2025<\/span><\/strong>, examinons les fondements bibliques, les dimensions spirituelles et les modalit\u00e9s pratiques de cette discipline qui d\u00e9passe largement la simple privation alimentaire.<\/p>\n<p class=\"text-xl font-bold text-text-200 mt-1 -mb-0.5\"><strong><span style=\"color: #993300;\">Les fondements bibliques du je\u00fbne<\/span><\/strong><\/p>\n<p class=\"whitespace-pre-wrap break-words\">L&rsquo;\u00c9criture nous offre plusieurs <strong><span style=\"color: #008080;\">mod\u00e8les fondateurs du je\u00fbne<\/span><\/strong> qui ont structur\u00e9 la compr\u00e9hension chr\u00e9tienne de cette pratique. Parmi les plus significatifs figurent trois grands je\u00fbnes de quarante jours qui constituent les arch\u00e9types du Car\u00eame chr\u00e9tien.<\/p>\n<p class=\"text-lg font-bold text-text-200 mt-1 -mb-1.5\"><strong><span style=\"color: #008080;\">Mo\u00efse sur le mont Sina\u00ef<\/span><\/strong><\/p>\n<p class=\"whitespace-pre-wrap break-words\">Le livre de l&rsquo;Exode (34:28) relate comment Mo\u00efse, lors de sa rencontre avec Dieu sur le mont Sina\u00ef, <em>\u00ab\u00a0demeura l\u00e0 avec le Seigneur quarante jours et quarante nuits, sans manger de pain ni boire d&rsquo;eau.\u00a0\u00bb<\/em> Durant cette p\u00e9riode d&rsquo;abstinence totale, Mo\u00efse re\u00e7ut les tables de la Loi contenant les Dix Commandements. Ce premier mod\u00e8le nous enseigne que le je\u00fbne n&rsquo;est pas une fin en soi mais <strong>un moyen de se placer dans une disponibilit\u00e9 totale<\/strong> \u00e0 la r\u00e9v\u00e9lation divine.<\/p>\n<p class=\"text-lg font-bold text-text-200 mt-1 -mb-1.5\"><strong><span style=\"color: #008080;\">\u00c9lie et sa marche vers l&rsquo;Horeb<\/span><\/strong><\/p>\n<p class=\"whitespace-pre-wrap break-words\">Le proph\u00e8te \u00c9lie, apr\u00e8s une victoire contre les proph\u00e8tes de Baal, menac\u00e9 de mort, s&rsquo;enfuit dans le d\u00e9sert. \u00c9puis\u00e9, il s&rsquo;endort, mais un ange le r\u00e9veille et lui offre du pain et de l&rsquo;eau. <em>\u00ab\u00a0Il mangea et but, puis, fortifi\u00e9 par cette nourriture, il marcha quarante jours et quarante nuits jusqu&rsquo;\u00e0 l&rsquo;Horeb, la montagne de Dieu\u00a0\u00bb<\/em> (1 Rois 19:8). Ce r\u00e9cit pr\u00e9sente le je\u00fbne comme <strong>un p\u00e8lerinage spirituel, une marche transformatrice<\/strong> conduisant \u00e0 une nouvelle r\u00e9v\u00e9lation et une nouvelle mission.<\/p>\n<p class=\"text-lg font-bold text-text-200 mt-1 -mb-1.5\"><strong><span style=\"color: #008080;\">J\u00e9sus au d\u00e9sert<\/span><\/strong><\/p>\n<p class=\"whitespace-pre-wrap break-words\">Le paradigme central pour la tradition chr\u00e9tienne demeure le je\u00fbne de J\u00e9sus dans le d\u00e9sert : <em>\u00ab\u00a0J\u00e9sus fut conduit au d\u00e9sert par l&rsquo;Esprit pour \u00eatre tent\u00e9 par le diable. Apr\u00e8s avoir je\u00fbn\u00e9 quarante jours et quarante nuits, il eut faim\u00a0\u00bb<\/em> (Matthieu 4:1-2). Ce passage fondamental nous r\u00e9v\u00e8le <strong>plusieurs dimensions essentielles<\/strong> :<\/p>\n<ul class=\"[&amp;:not(:last-child)_ul]:pb-1 [&amp;:not(:last-child)_ol]:pb-1 list-disc space-y-1.5 pl-7\">\n<li class=\"whitespace-normal break-words\">Le je\u00fbne de J\u00e9sus s&rsquo;inscrit dans la continuit\u00e9 de son bapt\u00eame, comme une p\u00e9riode d&rsquo;affermissement des dons re\u00e7us<\/li>\n<li class=\"whitespace-normal break-words\">Il est guid\u00e9 par l&rsquo;Esprit dans cette d\u00e9marche<\/li>\n<li class=\"whitespace-normal break-words\">Le je\u00fbne devient un espace de combat spirituel o\u00f9 les tentations sont affront\u00e9es et vaincues<\/li>\n<li class=\"whitespace-normal break-words\">La faim physique n&rsquo;est pas ni\u00e9e mais assum\u00e9e et transcend\u00e9e<\/li>\n<\/ul>\n<p class=\"whitespace-pre-wrap break-words\">D&rsquo;autres exemples bibliques compl\u00e8tent ces mod\u00e8les fondateurs : le je\u00fbne collectif impos\u00e9 par Samuel au peuple d&rsquo;Isra\u00ebl en signe de repentance (1 Samuel 7:6), ou les quarante ann\u00e9es d&rsquo;Isra\u00ebl au d\u00e9sert, temps de purification o\u00f9 Dieu pourvoit \u00e0 leurs besoins essentiels par la manne.<\/p>\n<p><img loading=\"lazy\" decoding=\"async\" class=\"alignnone  wp-image-40745\" src=\"https:\/\/ekongkar.yoga\/wp-content\/uploads\/2026\/03\/Jeune-300x200.jpg\" alt=\"\" width=\"857\" height=\"571\" srcset=\"https:\/\/ekongkar.yoga\/wp-content\/uploads\/2026\/03\/Jeune-300x200.jpg 300w, https:\/\/ekongkar.yoga\/wp-content\/uploads\/2026\/03\/Jeune-100x67.jpg 100w, https:\/\/ekongkar.yoga\/wp-content\/uploads\/2026\/03\/Jeune-768x512.jpg 768w, https:\/\/ekongkar.yoga\/wp-content\/uploads\/2026\/03\/Jeune-150x100.jpg 150w, https:\/\/ekongkar.yoga\/wp-content\/uploads\/2026\/03\/Jeune.jpg 862w\" sizes=\"auto, (max-width: 857px) 100vw, 857px\" \/><\/p>\n<p class=\"text-xl font-bold text-text-200 mt-1 -mb-0.5\"><strong><span style=\"color: #993300;\">Les dimensions spirituelles du je\u00fbne<\/span><\/strong><\/p>\n<p class=\"whitespace-pre-wrap break-words\">Pourquoi je\u00fbner ? Cette question m\u00e9rite qu&rsquo;on s&rsquo;y attarde. Les dimensions spirituelles du je\u00fbne d\u00e9passent largement la simple abstinence alimentaire pour toucher aux fondements m\u00eames de notre relation \u00e0 Dieu et au monde.<\/p>\n<p class=\"text-lg font-bold text-text-200 mt-1 -mb-1.5\"><strong><span style=\"color: #008080;\">Une r\u00e9ponse \u00e0 l&rsquo;invitation du Christ<\/span><\/strong><\/p>\n<p class=\"whitespace-pre-wrap break-words\">Lorsque les disciples de Jean-Baptiste interrogent J\u00e9sus sur l&rsquo;absence de je\u00fbne chez ses propres disciples, sa r\u00e9ponse est \u00e9clairante : \u00ab\u00a0<em>Les amis de l&rsquo;\u00e9poux peuvent-ils s&rsquo;affliger pendant que l&rsquo;\u00e9poux est avec eux ? Les jours viendront o\u00f9 l&rsquo;\u00e9poux leur sera enlev\u00e9, et alors ils je\u00fbneront<\/em>\u00a0\u00bb (Matthieu 9:15). <strong>Le je\u00fbne chr\u00e9tien s&rsquo;inscrit donc dans cette \u00ab\u00a0absence\u00a0\u00bb temporaire du Christ,<\/strong> comme une expression de notre d\u00e9sir ardent de sa pr\u00e9sence pl\u00e9ni\u00e8re.<\/p>\n<p class=\"text-lg font-bold text-text-200 mt-1 -mb-1.5\"><strong><span style=\"color: #008080;\">Une ob\u00e9issance \u00e0 l&rsquo;Esprit Saint<\/span><\/strong><\/p>\n<p class=\"whitespace-pre-wrap break-words\">Le r\u00e9cit du Christ au d\u00e9sert pr\u00e9cise qu&rsquo;il <em>\u00ab\u00a0fut conduit par l&rsquo;Esprit\u00a0\u00bb<\/em> dans cette d\u00e9marche. De m\u00eame, le je\u00fbne authentique r\u00e9pond \u00e0 une impulsion int\u00e9rieure de l&rsquo;Esprit qui nous invite \u00e0 cette discipline pour<strong> renforcer notre vie spirituelle<\/strong>. Il ne s&rsquo;agit pas d&rsquo;une d\u00e9marche volontariste mais d&rsquo;une r\u00e9ponse \u00e0 une invitation divine.<\/p>\n<p class=\"text-lg font-bold text-text-200 mt-1 -mb-1.5\"><strong><span style=\"color: #008080;\">Un moyen de connaissance de la volont\u00e9 divine<\/span><\/strong><\/p>\n<p class=\"whitespace-pre-wrap break-words\">Dans les exemples bibliques \u00e9voqu\u00e9s, le je\u00fbne appara\u00eet syst\u00e9matiquement comme <strong>un temps privil\u00e9gi\u00e9 de discernement et de r\u00e9v\u00e9lation<\/strong>. L&rsquo;abstinence cr\u00e9e un espace int\u00e9rieur propice \u00e0 l&rsquo;\u00e9coute de la voix divine, permettant de percevoir avec plus d&rsquo;acuit\u00e9 les orientations que Dieu souhaite pour notre vie.<\/p>\n<p class=\"text-lg font-bold text-text-200 mt-1 -mb-1.5\"><strong><span style=\"color: #008080;\">Une arme dans le combat spirituel<\/span><\/strong><\/p>\n<p class=\"whitespace-pre-wrap break-words\">La tradition chr\u00e9tienne a toujours reconnu que le je\u00fbne constitue <strong>un moyen efficace de r\u00e9sistance aux tentations<\/strong>. En affaiblissant temporairement l&#8217;emprise des besoins physiques, il renforce paradoxalement notre capacit\u00e9 \u00e0 affronter les forces adverses. Comme l&rsquo;exprime saint Jean Chrysostome : <em>\u00ab\u00a0Le je\u00fbne est la nourriture de l&rsquo;\u00e2me ; et comme la nourriture corporelle engraisse le corps, le je\u00fbne fortifie l&rsquo;\u00e2me.\u00a0\u00bb<\/em><\/p>\n<p class=\"text-lg font-bold text-text-200 mt-1 -mb-1.5\"><strong><span style=\"color: #008080;\">Une pr\u00e9sence intensifi\u00e9e \u00e0 Dieu<\/span><\/strong><\/p>\n<p class=\"whitespace-pre-wrap break-words\">Le premier effet du je\u00fbne consiste \u00e0 intensifier notre conscience de la pr\u00e9sence divine. En suspendant momentan\u00e9ment la satisfaction de nos besoins naturels, nous cr\u00e9ons <strong>un espace int\u00e9rieur o\u00f9 la pr\u00e9sence de Dieu<\/strong> peut \u00eatre per\u00e7ue avec une acuit\u00e9 renouvel\u00e9e. Le th\u00e9ologien Olivier Cl\u00e9ment souligne que <em>\u00ab\u00a0le je\u00fbne est une forme d&rsquo;asc\u00e8se qui lib\u00e8re l&rsquo;esprit des pr\u00e9occupations corporelles pour mieux l&rsquo;ouvrir \u00e0 la contemplation.\u00a0\u00bb<\/em><\/p>\n<p class=\"text-lg font-bold text-text-200 mt-1 -mb-1.5\"><strong><span style=\"color: #008080;\">Une relativisation des besoins<\/span><\/strong><\/p>\n<p class=\"whitespace-pre-wrap break-words\">Notre culture contemporaine tend \u00e0 confondre besoins et d\u00e9sirs, n\u00e9cessit\u00e9s et commodit\u00e9s. Le je\u00fbne op\u00e8re une clarification salutaire en nous montrant exp\u00e9rimentalement que nombre de nos \u00ab\u00a0besoins\u00a0\u00bb suppos\u00e9s ne sont en r\u00e9alit\u00e9 que des habitudes ou des conditionnements. Cette prise de conscience <strong>nous lib\u00e8re d&rsquo;une forme d&rsquo;idol\u00e2trie des besoins mat\u00e9riels<\/strong>.<\/p>\n<p class=\"text-lg font-bold text-text-200 mt-1 -mb-1.5\"><strong><span style=\"color: #008080;\">Un affranchissement de la peur<\/span><\/strong><\/p>\n<p class=\"whitespace-pre-wrap break-words\">Le neuropsychiatre David Servan-Schreiber notait que <em>\u00ab\u00a0beaucoup de nos comportements alimentaires sont dict\u00e9s non par la faim physiologique mais par l&rsquo;anxi\u00e9t\u00e9.\u00a0\u00bb<\/em> <strong>Le je\u00fbne nous confronte directement \u00e0 nos peurs inconscientes<\/strong> : peur de manquer, peur de la faiblesse, peur de perdre le contr\u00f4le. En traversant ces craintes, nous d\u00e9couvrons qu&rsquo;elles n&rsquo;ont pas le pouvoir que nous leur attribuions.<\/p>\n<p class=\"text-lg font-bold text-text-200 mt-1 -mb-1.5\"><strong><span style=\"color: #008080;\">Une lib\u00e9ration temporelle<\/span><\/strong><\/p>\n<p class=\"whitespace-pre-wrap break-words\">Notre rapport \u00e0 la nourriture occupe une part consid\u00e9rable de notre temps quotidien : courses, pr\u00e9paration, consommation, rangement&#8230; <strong>Le je\u00fbne lib\u00e8re des plages temporelles significative<\/strong>s que nous pouvons consacrer \u00e0 la pri\u00e8re, \u00e0 la m\u00e9ditation des \u00c9critures, \u00e0 la contemplation ou \u00e0 des \u0153uvres de charit\u00e9, concr\u00e9tisant ainsi l&rsquo;unit\u00e9 fondamentale entre je\u00fbne, pri\u00e8re et attention aux autres.<\/p>\n<p class=\"text-lg font-bold text-text-200 mt-1 -mb-1.5\"><strong><span style=\"color: #008080;\">Un chemin vers la joie<\/span><\/strong><\/p>\n<p class=\"whitespace-pre-wrap break-words\">Paradoxalement, si les premiers jours de je\u00fbne peuvent s&rsquo;av\u00e9rer difficiles, nombreux sont ceux qui t\u00e9moignent ensuite d&rsquo;<strong>une joie profonde<\/strong>. Cette exp\u00e9rience confirme l&rsquo;intuition de saint Augustin selon laquelle <em>\u00ab\u00a0le je\u00fbne purifie l&rsquo;\u00e2me, \u00e9l\u00e8ve l&rsquo;esprit, soumet la chair \u00e0 l&rsquo;esprit, rend le c\u0153ur contrit et humble, dissipe les nuages de la concupiscence, \u00e9teint l&rsquo;ardeur des passions et allume la lumi\u00e8re de la chastet\u00e9.\u00a0\u00bb<\/em><\/p>\n<p class=\"text-xl font-bold text-text-200 mt-1 -mb-0.5\"><strong><span style=\"color: #993300;\"><img loading=\"lazy\" decoding=\"async\" class=\" wp-image-39570 alignleft\" src=\"https:\/\/ekongkar.yoga\/wp-content\/uploads\/2025\/03\/Careme-catholique-jeune-3-300x200.jpg\" alt=\"\" width=\"380\" height=\"253\" srcset=\"https:\/\/ekongkar.yoga\/wp-content\/uploads\/2025\/03\/Careme-catholique-jeune-3-300x200.jpg 300w, https:\/\/ekongkar.yoga\/wp-content\/uploads\/2025\/03\/Careme-catholique-jeune-3-1024x683.jpg 1024w, https:\/\/ekongkar.yoga\/wp-content\/uploads\/2025\/03\/Careme-catholique-jeune-3-100x67.jpg 100w, https:\/\/ekongkar.yoga\/wp-content\/uploads\/2025\/03\/Careme-catholique-jeune-3-768x512.jpg 768w, https:\/\/ekongkar.yoga\/wp-content\/uploads\/2025\/03\/Careme-catholique-jeune-3-150x100.jpg 150w, https:\/\/ekongkar.yoga\/wp-content\/uploads\/2025\/03\/Careme-catholique-jeune-3.jpg 1028w\" sizes=\"auto, (max-width: 380px) 100vw, 380px\" \/>Comment je\u00fbner : aspects pratiques<\/span><\/strong><\/p>\n<p class=\"whitespace-pre-wrap break-words\">La pratique concr\u00e8te du je\u00fbne requiert discernement et prudence. Quelques principes peuvent guider notre d\u00e9marche.<\/p>\n<p class=\"text-lg font-bold text-text-200 mt-1 -mb-1.5\"><strong><span style=\"color: #008080;\">Une d\u00e9cision libre et une gr\u00e2ce demand\u00e9e<\/span><\/strong><\/p>\n<p class=\"whitespace-pre-wrap break-words\">Le je\u00fbne authentique commence par une d\u00e9cision personnelle ferme, mais celle-ci doit imm\u00e9diatement se doubler d&rsquo;une demande de gr\u00e2ce. Saint Paul nous rappelle que <em>\u00ab\u00a0c&rsquo;est Dieu qui produit en vous le vouloir et le faire selon son dessein bienveillant\u00a0\u00bb<\/em> (Philippiens 2:13). <strong>Demander la gr\u00e2ce de je\u00fbner nous pr\u00e9serve tant de l&rsquo;\u00e9chec par pr\u00e9somption que de l&rsquo;orgueil en cas de r\u00e9ussite<\/strong>.<\/p>\n<p class=\"text-lg font-bold text-text-200 mt-1 -mb-1.5\"><strong><span style=\"color: #008080;\">Une progression prudente<\/span><\/strong><\/p>\n<p class=\"whitespace-pre-wrap break-words\">La tradition spirituelle recommande une progression graduelle dans la pratique du je\u00fbne. Commencer par des formes mod\u00e9r\u00e9es avant d&rsquo;envisager des d\u00e9marches plus exigeantes permet d&rsquo;<strong>\u00e9viter tant le d\u00e9couragement<\/strong> que les risques pour la sant\u00e9. Le th\u00e9ologien orthodoxe Alexandre Schmemann rappelle que <em>\u00ab\u00a0le je\u00fbne n&rsquo;est pas une performance mais une conversion progressive de tout notre \u00eatre.\u00a0\u00bb<\/em><\/p>\n<p class=\"text-lg font-bold text-text-200 mt-1 -mb-1.5\"><strong><span style=\"color: #008080;\">Une pratique communautaire<\/span><\/strong><\/p>\n<p class=\"whitespace-pre-wrap break-words\"><em>\u00ab\u00a0Si tu veux aller vite, marche seul ; si tu veux aller loin, marche avec les autres,\u00a0\u00bb<\/em> dit un proverbe africain. Cette sagesse s&rsquo;applique particuli\u00e8rement au je\u00fbne. <strong>Partager cette d\u00e9marche<\/strong> avec d&rsquo;autres croyants ou un accompagnateur spirituel offre soutien, encouragement et discernement dans les moments difficiles.<\/p>\n<p class=\"text-lg font-bold text-text-200 mt-1 -mb-1.5\"><strong><span style=\"color: #008080;\">Une diversit\u00e9 de formes<\/span><\/strong><\/p>\n<p class=\"whitespace-pre-wrap break-words\">Selon les capacit\u00e9s, la sant\u00e9 et les contraintes de chacun, le je\u00fbne peut prendre diverses formes :<\/p>\n<ul class=\"[&amp;:not(:last-child)_ul]:pb-1 [&amp;:not(:last-child)_ol]:pb-1 list-disc space-y-1.5 pl-7\">\n<li>Le je\u00fbne strict, observ\u00e9 le Mercredi des Cendres et le Vendredi Saint<\/li>\n<li>Le je\u00fbne franciscain (un seul repas complet par jour)<\/li>\n<li>Le je\u00fbne au pain et \u00e0 l&rsquo;eau (mercredi et vendredi, pratique recommand\u00e9e \u00e0 Medjugorje)<\/li>\n<li class=\"whitespace-normal break-words\">L&rsquo;abstinence de viande, durant les 40 jours ou simplement tous les vendredis (en particulier le Vendredi Saint)<\/li>\n<li class=\"whitespace-normal break-words\">L&rsquo;abstinence s\u00e9lective (se priver d&rsquo;aliments particuli\u00e8rement appr\u00e9ci\u00e9s)<\/li>\n<li class=\"whitespace-normal break-words\">Le je\u00fbne intermittent (p\u00e9riodes altern\u00e9es de je\u00fbne et d&rsquo;alimentation)<\/li>\n<li class=\"whitespace-normal break-words\">Le je\u00fbne des \u00e9crans, de l&rsquo;alcool, des distractions superflues, des paroles inutiles<\/li>\n<\/ul>\n<p class=\"whitespace-pre-wrap break-words\">L&rsquo;essentiel reste l&rsquo;intention et la disposition du c\u0153ur plus que la modalit\u00e9 pr\u00e9cise adopt\u00e9e.<\/p>\n<p class=\"text-xl font-bold text-text-200 mt-1 -mb-0.5\"><strong><span style=\"color: #993300;\">Points de vigilance spirituelle<\/span><\/strong><\/p>\n<p class=\"whitespace-pre-wrap break-words\">Toute pratique asc\u00e9tique comporte des \u00e9cueils potentiels dont il convient d&rsquo;\u00eatre conscient.<\/p>\n<p class=\"text-lg font-bold text-text-200 mt-1 -mb-1.5\"><strong><span style=\"color: #008080;\">Le respect des capacit\u00e9s physiques<\/span><\/strong><\/p>\n<p class=\"whitespace-pre-wrap break-words\"><em>\u00ab\u00a0Je peux tout en celui qui me fortifie\u00a0\u00bb<\/em> (Philippiens 4:13) ne signifie pas que nous devions ignorer les limites r\u00e9elles de notre sant\u00e9. Un je\u00fbne qui compromettrait notre sant\u00e9 ou nos responsabilit\u00e9s essentielles ne saurait \u00eatre conforme \u00e0 la volont\u00e9 divine. <strong>La prudence et le discernement m\u00e9dical restent n\u00e9cessaires<\/strong>, particuli\u00e8rement pour les personnes fragilis\u00e9es.<\/p>\n<p class=\"text-lg font-bold text-text-200 mt-1 -mb-1.5\"><strong><span style=\"color: #008080;\">La pr\u00e9servation de la joie<\/span><\/strong><\/p>\n<p class=\"whitespace-pre-wrap break-words\">Saint Philippe N\u00e9ri affirmait qu&rsquo;<em>\u00ab\u00a0un saint triste est un triste saint.\u00a0\u00bb<\/em> <strong>La joie constitue un indicateur pr\u00e9cieux de l&rsquo;authenticit\u00e9 de notre d\u00e9marche<\/strong>. Un je\u00fbne qui engendrerait durablement tristesse, irritabilit\u00e9 ou d\u00e9couragement appellerait \u00e0 un ajustement de nos pratiques ou de nos dispositions int\u00e9rieures.<\/p>\n<p class=\"text-lg font-bold text-text-200 mt-1 -mb-1.5\"><strong><span style=\"color: #008080;\">L&rsquo;\u00e9vitement du formalisme<\/span><\/strong><\/p>\n<p class=\"whitespace-pre-wrap break-words\">Le plus grand danger spirituel du je\u00fbne r\u00e9side sans doute dans le formalisme :<strong> accomplir des gestes vid\u00e9s de leur intention profonde<\/strong>. J\u00e9sus critique s\u00e9v\u00e8rement cette d\u00e9rive chez certains pharisiens : <em>\u00ab\u00a0Lorsque vous je\u00fbnez, ne prenez pas un air triste, comme les hypocrites, qui se rendent le visage tout d\u00e9fait, pour montrer aux hommes qu&rsquo;ils je\u00fbnent. Je vous le dis en v\u00e9rit\u00e9, ils re\u00e7oivent leur r\u00e9compense.\u00a0\u00bb<\/em> (Matthieu 6:16). Renouveler fr\u00e9quemment notre intention et offrir explicitement notre je\u00fbne maintient la vitalit\u00e9 de cette pratique.<\/p>\n<p class=\"text-lg font-bold text-text-200 mt-1 -mb-1.5\"><strong><span style=\"color: #008080;\">La garde contre l&rsquo;orgueil spirituel<\/span><\/strong><\/p>\n<p class=\"whitespace-pre-wrap break-words\">La capacit\u00e9 \u00e0 je\u00fbner peut insidieusement devenir source d&rsquo;orgueil spirituel, sentiment de sup\u00e9riorit\u00e9 ou autosatisfaction. Saint Jean Climaque met en garde : <em>\u00ab\u00a0Le je\u00fbne engendre l&rsquo;hypocrisie et la vanit\u00e9 quand il est pratiqu\u00e9 sans discernement.\u00a0\u00bb<\/em> Se rappeler constamment que nous ne je\u00fbnons que par gr\u00e2ce divine constitue notre meilleure protection.<\/p>\n<p class=\"text-xl font-bold text-text-200 mt-1 -mb-0.5\"><strong><span style=\"color: #993300;\"><img loading=\"lazy\" decoding=\"async\" class=\" wp-image-39572 alignleft\" src=\"https:\/\/ekongkar.yoga\/wp-content\/uploads\/2025\/03\/Careme-jeune-catholique-300x200.jpg\" alt=\"\" width=\"380\" height=\"253\" srcset=\"https:\/\/ekongkar.yoga\/wp-content\/uploads\/2025\/03\/Careme-jeune-catholique-300x200.jpg 300w, https:\/\/ekongkar.yoga\/wp-content\/uploads\/2025\/03\/Careme-jeune-catholique-1024x682.jpg 1024w, https:\/\/ekongkar.yoga\/wp-content\/uploads\/2025\/03\/Careme-jeune-catholique-100x67.jpg 100w, https:\/\/ekongkar.yoga\/wp-content\/uploads\/2025\/03\/Careme-jeune-catholique-768x512.jpg 768w, https:\/\/ekongkar.yoga\/wp-content\/uploads\/2025\/03\/Careme-jeune-catholique-150x100.jpg 150w, https:\/\/ekongkar.yoga\/wp-content\/uploads\/2025\/03\/Careme-jeune-catholique.jpg 1028w\" sizes=\"auto, (max-width: 380px) 100vw, 380px\" \/>Le je\u00fbne, chemin vers la P\u00e2que<\/span><\/strong><\/p>\n<p class=\"whitespace-pre-wrap break-words\">Le Car\u00eame n&rsquo;est pas une fin en soi mais un chemin vers la P\u00e2que, passage de la mort \u00e0 la vie. De m\u00eame, le je\u00fbne n&rsquo;est pas un exercice d&rsquo;autopunition mais un<strong><span style=\"color: #008080;\"> instrument de transformation spirituelle<\/span><\/strong>. Comme l&rsquo;exprime magnifiquement saint L\u00e9on le Grand : <em>\u00ab\u00a0Ce que le chr\u00e9tien doit faire en tout temps, il doit s&rsquo;y appliquer maintenant avec plus de sollicitude et de d\u00e9votion, afin d&rsquo;accomplir la r\u00e8gle apostolique du je\u00fbne quadrag\u00e9simal, qui prescrit l&rsquo;offrande de la d\u00eeme de toute l&rsquo;ann\u00e9e.\u00a0\u00bb<\/em><\/p>\n<p class=\"whitespace-pre-wrap break-words\">En d\u00e9finitive, le je\u00fbne du Car\u00eame nous pr\u00e9pare \u00e0 vivre plus intens\u00e9ment le myst\u00e8re pascal, \u00e0 travers <strong><span style=\"color: #008080;\">un processus de d\u00e9pouillement qui ouvre \u00e0 la pl\u00e9nitude<\/span><\/strong>. La tradition spirituelle l&rsquo;a toujours compris : ce que nous retirons n&rsquo;est pas une perte mais un espace cr\u00e9\u00e9 pour accueillir une pr\u00e9sence plus intense. Ainsi compris, le je\u00fbne devient v\u00e9ritablement ce qu&rsquo;Isa\u00efe annon\u00e7ait : <em>\u00ab\u00a0Le je\u00fbne que je pr\u00e9f\u00e8re, n&rsquo;est-ce pas ceci : d\u00e9faire les cha\u00eenes injustes, d\u00e9lier les attaches du joug, renvoyer libres les opprim\u00e9s, briser tous les jougs ?\u00a0\u00bb<\/em> (Isa\u00efe 58:6)<\/p>\n<p class=\"whitespace-pre-wrap break-words\">Que notre pratique du je\u00fbne, enracin\u00e9e dans cette riche tradition, devienne pour chacun <strong><span style=\"color: #008080;\">un chemin de lib\u00e9ration, de clarification et d&rsquo;unification int\u00e9rieure<\/span><\/strong>, nous pr\u00e9parant \u00e0 la joie pascale qui constitue l&rsquo;horizon de toute vie chr\u00e9tienne authentique.<\/p>\n<p><em>Source des illustrations: <a href=\"https:\/\/unsplash.com\/fr\/@kamilszumotalski?utm_content=creditCopyText&amp;utm_medium=referral&amp;utm_source=unsplash\">Kamil Szumotalski<\/a> sur <a href=\"https:\/\/unsplash.com\/fr\/photos\/pendentif-crucifix-sur-pain-a-cote-du-verre-BfVhaQcoh9w?utm_content=creditCopyText&amp;utm_medium=referral&amp;utm_source=unsplash\">Unsplash<\/a> \/ <a href=\"https:\/\/fr.freepik.com\/photos-gratuite\/personne-tenant-chapelet-dans-mains-priant_9469630.htm#fromView=keyword&amp;page=1&amp;position=41&amp;uuid=8ab90cde-54ae-4433-9ed0-411b5490cda4&amp;query=Careme+Catholique\">Freepik (Chapelet dans les mains)<\/a> \/ <a href=\"https:\/\/fr.freepik.com\/photos-gratuite\/vue-dessus-mains-tenant-chapelets_25811021.htm#fromView=keyword&amp;page=2&amp;position=39&amp;uuid=8ab90cde-54ae-4433-9ed0-411b5490cda4&amp;query=Careme+Catholique\">Freepik (famille)<\/a> \/ <a href=\"https:\/\/fr.freepik.com\/photos-gratuite\/croix-bois-angle-eleve-couronne-epines_25100233.htm#fromView=serie&amp;position=33\">Freepik (couronne d&rsquo;\u00e9pine)<\/a><\/em><\/p>\n","protected":false},"excerpt":{"rendered":"<p>Le je\u00fbne repr\u00e9sente une pratique spirituelle mill\u00e9naire pr\u00e9sente dans la quasi-totalit\u00e9 des traditions religieuses. Son expression dans la tradition chr\u00e9tienne, particuli\u00e8rement durant le Car\u00eame, m\u00e9rite une attention particuli\u00e8re tant par sa profondeur th\u00e9ologique que par ses bienfaits concrets. Alors que nous traversons la p\u00e9riode du Car\u00eame 2025, examinons les fondements&#8230;<\/p>\n<p> <a class=\"continue-reading-link\" href=\"https:\/\/ekongkar.yoga\/?p=39563\"><span>Lire la suite&#8230;<\/span><i class=\"crycon-right-dir\"><\/i><\/a> <\/p>\n","protected":false},"author":2,"featured_media":39567,"comment_status":"closed","ping_status":"closed","sticky":false,"template":"","format":"standard","meta":{"fifu_image_url":"","fifu_image_alt":"","footnotes":""},"categories":[99,112,113],"tags":[],"class_list":["post-39563","post","type-post","status-publish","format-standard","has-post-thumbnail","hentry","category-bible","category-christianisme","category-jeune"],"_links":{"self":[{"href":"https:\/\/ekongkar.yoga\/index.php?rest_route=\/wp\/v2\/posts\/39563","targetHints":{"allow":["GET"]}}],"collection":[{"href":"https:\/\/ekongkar.yoga\/index.php?rest_route=\/wp\/v2\/posts"}],"about":[{"href":"https:\/\/ekongkar.yoga\/index.php?rest_route=\/wp\/v2\/types\/post"}],"author":[{"embeddable":true,"href":"https:\/\/ekongkar.yoga\/index.php?rest_route=\/wp\/v2\/users\/2"}],"replies":[{"embeddable":true,"href":"https:\/\/ekongkar.yoga\/index.php?rest_route=%2Fwp%2Fv2%2Fcomments&post=39563"}],"version-history":[{"count":7,"href":"https:\/\/ekongkar.yoga\/index.php?rest_route=\/wp\/v2\/posts\/39563\/revisions"}],"predecessor-version":[{"id":40746,"href":"https:\/\/ekongkar.yoga\/index.php?rest_route=\/wp\/v2\/posts\/39563\/revisions\/40746"}],"wp:featuredmedia":[{"embeddable":true,"href":"https:\/\/ekongkar.yoga\/index.php?rest_route=\/wp\/v2\/media\/39567"}],"wp:attachment":[{"href":"https:\/\/ekongkar.yoga\/index.php?rest_route=%2Fwp%2Fv2%2Fmedia&parent=39563"}],"wp:term":[{"taxonomy":"category","embeddable":true,"href":"https:\/\/ekongkar.yoga\/index.php?rest_route=%2Fwp%2Fv2%2Fcategories&post=39563"},{"taxonomy":"post_tag","embeddable":true,"href":"https:\/\/ekongkar.yoga\/index.php?rest_route=%2Fwp%2Fv2%2Ftags&post=39563"}],"curies":[{"name":"wp","href":"https:\/\/api.w.org\/{rel}","templated":true}]}}