{"id":39523,"date":"2025-02-26T23:07:05","date_gmt":"2025-02-26T22:07:05","guid":{"rendered":"https:\/\/ekongkar.yoga\/?p=39523"},"modified":"2025-02-27T16:58:49","modified_gmt":"2025-02-27T15:58:49","slug":"comment-est-determine-le-premier-jour-du-ramadan","status":"publish","type":"post","link":"https:\/\/ekongkar.yoga\/?p=39523","title":{"rendered":"Comment est d\u00e9termin\u00e9 le premier jour du Ramadan ?"},"content":{"rendered":"<p><img loading=\"lazy\" decoding=\"async\" class=\" wp-image-39527 alignleft\" src=\"https:\/\/ekongkar.yoga\/wp-content\/uploads\/2025\/02\/Ramadan-240x300.jpg\" alt=\"\" width=\"380\" height=\"475\" srcset=\"https:\/\/ekongkar.yoga\/wp-content\/uploads\/2025\/02\/Ramadan-240x300.jpg 240w, https:\/\/ekongkar.yoga\/wp-content\/uploads\/2025\/02\/Ramadan-819x1024.jpg 819w, https:\/\/ekongkar.yoga\/wp-content\/uploads\/2025\/02\/Ramadan-80x100.jpg 80w, https:\/\/ekongkar.yoga\/wp-content\/uploads\/2025\/02\/Ramadan-768x960.jpg 768w, https:\/\/ekongkar.yoga\/wp-content\/uploads\/2025\/02\/Ramadan-120x150.jpg 120w, https:\/\/ekongkar.yoga\/wp-content\/uploads\/2025\/02\/Ramadan.jpg 1080w\" sizes=\"auto, (max-width: 380px) 100vw, 380px\" \/>Au c\u0153ur du Yoga r\u00e9side <strong><span style=\"color: #008080;\">une \u00e9coute intime des cycles<\/span><\/strong> qui r\u00e9gissent l\u2019univers et notre \u00eatre profond. La Lune, reflet symbolique des flux du prana, rythme nos pratiques m\u00e9ditatives et inspire des rituels mill\u00e9naires \u2014 des asanas li\u00e9s aux phases lunaires aux je\u00fbnes purificateurs.<\/p>\n<p>Dans cette qu\u00eate d\u2019harmonie,<strong><span style=\"color: #008080;\"> explorer comment d\u2019autres traditions spirituelles s\u2019alignent sur les mouvements c\u00e9lestes enrichit notre compr\u00e9hension du vivant<\/span><\/strong>.<\/p>\n<p>Cet article sur la d\u00e9termination du Ramadan, mois sacr\u00e9 de je\u00fbne en Islam r\u00e9gi par le calendrier lunaire, s\u2019inscrit dans notre projet <em>\u00ab Pratique et exploration des je\u00fbnes spirituels \u00bb<\/em> (<a href=\"https:\/\/www.facebook.com\/profile.php?id=100090861426298\" target=\"_blank\" rel=\"noopener\">page Facebook<\/a>): une invitation \u00e0 <strong><span style=\"color: #008080;\">traverser, ensemble, les enseignements universels du je\u00fbne<\/span><\/strong>. Comprendre comment la Lune scande le Ramadan, c\u2019est aussi honorer la sagesse des cycles \u2014 o\u00f9 ciel, corps et esprit ne font qu\u2019un.<\/p>\n<p><strong><span style=\"color: #ff6600;\">Comment est d\u00e9termin\u00e9 le premier jour du Ramadan?<\/span><\/strong><\/p>\n<p>Le <strong><span style=\"color: #008080;\">Ramadan, mois sacr\u00e9 du je\u00fbne et de la spiritualit\u00e9 en Islam<\/span><\/strong>, est le neuvi\u00e8me mois du calendrier h\u00e9girien. Ce calendrier, purement lunaire (contrairement au calendrier luni-solaire hindou), est fond\u00e9 sur les cycles de la Lune. Il a d\u00e9but\u00e9 en 622 de l\u2019\u00e8re chr\u00e9tienne, lors de l\u2019H\u00e9gire \u2014 l\u2019\u00e9migration du Proph\u00e8te \ufdfa et de ses compagnons de La Mecque vers M\u00e9dine.<\/p>\n<p>Une ann\u00e9e lunaire compte 354 ou 355 jours, soit 10 \u00e0 12 jours de moins qu\u2019une ann\u00e9e solaire. Ainsi, <strong><span style=\"color: #008080;\">le Ramadan avance chaque ann\u00e9e dans le calendrier gr\u00e9gorien<\/span><\/strong>, parcourant progressivement toutes les saisons.<\/p>\n<p><strong><span style=\"color: #993300;\">1.\u00a0L\u2019observation du croissant lunaire (Hilal) : une tradition proph\u00e9tique<\/span><\/strong><\/p>\n<p>Selon la tradition, le premier jour du Ramadan est d\u00e9termin\u00e9 par\u00a0<strong><span style=\"color: #008080;\">l\u2019observation visuelle du croissant lunaire<\/span><\/strong> (hilal) apr\u00e8s le coucher du soleil du 29\u1d49 jour de Cha\u00e2bane, le mois pr\u00e9c\u00e9dent celui de Ramadan. Si le croissant est aper\u00e7u, le mois de Ramadan d\u00e9bute le lendemain. Sinon, Cha\u00e2bane est prolong\u00e9 \u00e0 30 jours, et le Ramadan commence le jour suivant.<\/p>\n<p style=\"padding-left: 40px;\">Cette r\u00e8gle s\u2019appuie sur un hadith du Proph\u00e8te \ufdfa:<br \/>\n<em>\u00ab Je\u00fbnez \u00e0 la vue du croissant et interrompez le je\u00fbne \u00e0 la vue du croissant. Si vous ne l\u2019avez pas vu (\u00e0 cause des nuages, par exemple), poursuivez le compte de Cha\u00e2bane \u00e0 trente jours. \u00bb<\/em>\u00a0(Rapport\u00e9 par Al-Boukh\u00e2riyy et Mouslim).<\/p>\n<p><strong><span style=\"color: #008080;\">Processus concret\u00a0:<\/span><\/strong><\/p>\n<ul>\n<li>Des\u00a0<strong>comit\u00e9s locaux de moon sighting<\/strong>\u00a0(compos\u00e9s de religieux, d\u2019astronomes et de t\u00e9moins) se r\u00e9unissent chaque mois pour scruter le ciel.<\/li>\n<li>L\u2019observation se fait<strong> \u00e0 l\u2019\u0153il nu<\/strong>, bien que des jumelles ou t\u00e9lescopes soient parfois utilis\u00e9s pour confirmer.<\/li>\n<li>Une fois le croissant valid\u00e9, les autorit\u00e9s religieuses <strong>annoncent officiellement<\/strong> le d\u00e9but du Ramadan.<\/li>\n<\/ul>\n<hr \/>\n<p><strong><span style=\"color: #993300;\">2.\u00a0Les crit\u00e8res astronomiques : entre science et tradition<\/span><\/strong><\/p>\n<p>Avec les progr\u00e8s de l\u2019astronomie, il est d\u00e9sormais possible de\u00a0<strong><span style=\"color: #008080;\">pr\u00e9dire les phases lunaires des si\u00e8cles \u00e0 l\u2019avance<\/span><\/strong>. Cependant, la d\u00e9termination du Ramadan ne se r\u00e9duit pas \u00e0 un simple calcul : la\u00a0<strong><span style=\"color: #008080;\">visibilit\u00e9 effective du croissant<\/span><\/strong>\u00a0reste un \u00e9l\u00e9ment cl\u00e9.<\/p>\n<p><strong><span style=\"color: #008080;\">Les facteurs techniques \u00e0 consid\u00e9rer :<\/span><\/strong><\/p>\n<ul>\n<li><strong>La conjonction (nouvelle lune)<\/strong>\u00a0: Moment o\u00f9 la Lune s\u2019aligne entre la Terre et le Soleil. \u00c0 ce stade, elle est invisible depuis la Terre.<\/li>\n<li><strong>L\u2019\u00e2ge du croissant<\/strong>\u00a0: Le temps \u00e9coul\u00e9 depuis la conjonction. Pour \u00eatre visible, le croissant doit g\u00e9n\u00e9ralement \u00eatre \u00e2g\u00e9 d\u2019au moins\u00a0<strong>15 \u00e0 20 heures<\/strong>, selon sa position g\u00e9ographique.<\/li>\n<li><strong>La distance angulaire entre la Lune et le Soleil<\/strong>\u00a0: Plus elle est grande, plus le croissant est \u00e9clair\u00e9 et visible.<\/li>\n<li><strong>Les conditions m\u00e9t\u00e9orologiques<\/strong>\u00a0: Un ciel d\u00e9gag\u00e9 est indispensable.<\/li>\n<\/ul>\n<p><strong><span style=\"color: #008080;\">Exemple concret\u00a0:<\/span><\/strong><br \/>\nSi la conjonction a lieu \u00e0 14h, mais que le croissant n\u2019est pas observable le soir m\u00eame (trop jeune ou trop bas sur l\u2019horizon), le Ramadan sera report\u00e9 au surlendemain.<\/p>\n<hr \/>\n<p><strong><span style=\"color: #993300;\">3.\u00a0Divergences d\u2019interpr\u00e9tation : pourquoi les dates varient selon les pays<\/span><\/strong><\/p>\n<p>Les musulmans du monde entier s\u2019appuient sur des m\u00e9thodes vari\u00e9es pour fixer le d\u00e9but du Ramadan :<\/p>\n<p><strong><span style=\"color: #008080;\">a)\u00a0L\u2019observation locale (ru\u2019yat al-hilal)<\/span><\/strong><\/p>\n<ul>\n<li>Des pays comme l\u2019Arabie Saoudite, l\u2019Inde ou le Maroc n\u2019officialisent le Ramadan qu\u2019apr\u00e8s une <strong>observation confirm\u00e9e sur leur territoire<\/strong>.<\/li>\n<li><strong>Avantage<\/strong>\u00a0: Respect litt\u00e9ral de la tradition proph\u00e9tique.<\/li>\n<li><strong>D\u00e9fi<\/strong>\u00a0: Les nuages ou une observation rat\u00e9e peuvent retarder l\u2019annonce.<\/li>\n<\/ul>\n<p><strong><span style=\"color: #008080;\">b)\u00a0L\u2019observation globale (ikhtilaf al-matale\u2019)<\/span><\/strong><\/p>\n<ul>\n<li>Certaines communaut\u00e9s (comme une partie des musulmans d\u2019Afrique de l\u2019Ouest) suivent toute annonce confirm\u00e9e dans un pays musulman, m\u00eame \u00e9loign\u00e9.<\/li>\n<\/ul>\n<p><strong><span style=\"color: #008080;\">c)\u00a0Le calcul astronomique (hisab)<\/span><\/strong><\/p>\n<ul>\n<li>Utilis\u00e9 par la Turquie, l\u2019Albanie ou le Conseil Europ\u00e9en de la Fatwa, cette m\u00e9thode fixe les dates \u00e0 l\u2019avance via des\u00a0<strong>crit\u00e8res de visibilit\u00e9 th\u00e9orique<\/strong>\u00a0(ex. : le croissant doit \u00eatre n\u00e9 avant le coucher du soleil et \u00eatre suffisamment haut \u00e0 l\u2019horizon).<\/li>\n<\/ul>\n<p><strong><span style=\"color: #008080;\">Les positions des \u00e9coles juridiques (madhahib) :<\/span><\/strong><\/p>\n<ul>\n<li><strong>L\u2019imam Ash-Sh\u00e2fi\u2019\u00ee<\/strong>\u00a0: L\u2019observation dans une r\u00e9gion ne concerne que les zones partageant le m\u00eame fuseau horaire de nuit (m\u00eame possibilit\u00e9 d\u2019observation).<\/li>\n<li><strong>L\u2019imam Abo\u00fb Han\u00eefah<\/strong>\u00a0: Une observation confirm\u00e9e dans n\u2019importe quel pays musulman engage toute la communaut\u00e9.<\/li>\n<\/ul>\n<hr \/>\n<p><strong><span style=\"color: #993300;\">4.\u00a0Cons\u00e9quences et unit\u00e9 de la communaut\u00e9 : au-del\u00e0 des divergences<\/span><\/strong><\/p>\n<p>Ces divergences dans la fixation du premier jour du Ramadan entra\u00eenent parfois <strong><span style=\"color: #008080;\">des d\u00e9calages d\u2019un jour entre pays<\/span><\/strong>. En 2023, par exemple, l\u2019Arabie Saoudite a officiellement annonc\u00e9 le d\u00e9but du je\u00fbne un jour avant le Maroc, en raison de crit\u00e8res d\u2019observation distincts.<\/p>\n<p>Pourquoi ces diff\u00e9rences sont-elles accept\u00e9es au sein de la communaut\u00e9 musulmane ? L\u2019Islam, dans sa sagesse, reconna\u00eet la diversit\u00e9 des contextes g\u00e9ographiques et juridiques, et rappelle que <strong><span style=\"color: #008080;\">l\u2019essentiel r\u00e9side dans l\u2019intention (niyyah) sinc\u00e8re de je\u00fbner et le respect des d\u00e9cisions de sa propre communaut\u00e9<\/span><\/strong>.<\/p>\n<p>Pour autant, des efforts sont d\u00e9ploy\u00e9s afin de renforcer l\u2019unit\u00e9 : des organisations comme l\u2019Union astronomique internationale ou des conf\u00e9rences sp\u00e9cialis\u00e9es sur l\u2019observation du croissant (moon sighting) \u0153uvrent \u00e0 <strong><span style=\"color: #008080;\">harmoniser les crit\u00e8res scientifiques et religieux<\/span><\/strong>. En pratique, la majorit\u00e9 des musulmans suivent les dates annonc\u00e9es par leur pays de r\u00e9sidence, privil\u00e9giant ainsi l\u2019unit\u00e9 locale \u2014 une mani\u00e8re de concilier fid\u00e9lit\u00e9 \u00e0 la tradition et appartenance \u00e0 un territoire.<\/p>\n<hr \/>\n<p><strong><span style=\"color: #993300;\">Une tradition ancr\u00e9e, une foi vivante<\/span><\/strong><\/p>\n<p>La d\u00e9termination du Ramadan incarne la rencontre entre\u00a0<strong><span style=\"color: #008080;\">une tradition mill\u00e9naire\u00a0et\u00a0la modernit\u00e9 scientifique<\/span><\/strong>. Si les m\u00e9thodes varient, toutes visent \u00e0 honorer le commandement divin :<br \/>\n<em>\u00ab Celui d\u2019entre vous qui est t\u00e9moin du mois [de Ramadan], qu\u2019il le je\u00fbne ! \u00bb<\/em>\u00a0(Coran 2:185).<\/p>\n<p>En cette p\u00e9riode sacr\u00e9e, rappelons que ces divergences, loin d\u2019affaiblir la communaut\u00e9, refl\u00e8tent la\u00a0<strong><span style=\"color: #008080;\">richesse des interpr\u00e9tations<\/span><\/strong>\u00a0en Islam. L\u2019essentiel demeure l\u2019adoration, la solidarit\u00e9 et la qu\u00eate du pardon \u2014 car, comme le dit un hadith :\u00a0<em>\u00ab Le je\u00fbne est pour Dieu, et c\u2019est Lui qui en accorde la r\u00e9compense. \u00bb<\/em><\/p>\n<p><strong>Qu\u2019Allah <\/strong>\ufdfb<strong> nous guide vers l\u2019unit\u00e9 dans la pi\u00e9t\u00e9 et accepte nos je\u00fbnes.<\/strong><\/p>\n<hr \/>\n<p><strong><span style=\"color: #ff6600;\">Avertissement et pr\u00e9cision essentielle : Le Ramadan, un acte de foi avant tout&#8230;<\/span><\/strong><\/p>\n<p>Le Ramadan, quatri\u00e8me pilier de l\u2019Islam, est avant tout un acte d\u2019adoration r\u00e9serv\u00e9 aux musulmans. Pour \u00eatre valide, il doit r\u00e9pondre \u00e0 des <strong>conditions religieuses pr\u00e9cises<\/strong>\u00a0: \u00eatre croyant, avoir atteint l\u2019\u00e2ge de la pubert\u00e9, \u00eatre sain d\u2019esprit, capable de je\u00fbner physiquement, et formuler une\u00a0<strong>intention (niyyah)<\/strong>\u00a0purement d\u00e9di\u00e9e \u00e0 Dieu. Ces prescriptions rappellent que le je\u00fbne du Ramadan n\u2019est pas une simple abstinence alimentaire, mais un engagement spirituel ancr\u00e9 dans la foi.<\/p>\n<p>Cependant, je\u00fbner aux m\u00eames dates que des millions de musulmans \u00e0 travers le monde, quelle que soit sa tradition, ouvre une fen\u00eatre sur une\u00a0<strong>dimension collective unique<\/strong>. Dans de nombreuses traditions \u00e9sot\u00e9riques, on appelle cela un\u00a0<em>\u00e9gr\u00e9gore<\/em>\u00a0: une \u00e9nergie commune nourrie par les intentions synchronis\u00e9es. Participer \u00e0 cette discipline en harmonie avec le calendrier lunaire islamique, m\u00eame sans en partager tous les pr\u00e9ceptes, peut ainsi insuffler \u00e0 sa pratique une\u00a0<strong>r\u00e9sonance universelle<\/strong>\u00a0\u2014 o\u00f9 le je\u00fbne devient dialogue silencieux entre corps, cosmos et communaut\u00e9.<\/p>\n<p>Respectueux des fondements de l\u2019Islam, cet article invite \u00e0 <strong><span style=\"color: #ff6600;\">honorer, par la compr\u00e9hension, une tradition sacr\u00e9e<\/span><\/strong>\u2026 tout en c\u00e9l\u00e9brant la puissance du je\u00fbne comme langage spirituel partag\u00e9.<\/p>\n","protected":false},"excerpt":{"rendered":"<p>Au c\u0153ur du Yoga r\u00e9side une \u00e9coute intime des cycles qui r\u00e9gissent l\u2019univers et notre \u00eatre profond. La Lune, reflet symbolique des flux du prana, rythme nos pratiques m\u00e9ditatives et inspire des rituels mill\u00e9naires \u2014 des asanas li\u00e9s aux phases lunaires aux je\u00fbnes purificateurs. Dans cette qu\u00eate d\u2019harmonie, explorer comment&#8230;<\/p>\n<p> <a class=\"continue-reading-link\" href=\"https:\/\/ekongkar.yoga\/?p=39523\"><span>Lire la suite&#8230;<\/span><i class=\"crycon-right-dir\"><\/i><\/a> <\/p>\n","protected":false},"author":2,"featured_media":39528,"comment_status":"closed","ping_status":"closed","sticky":false,"template":"","format":"standard","meta":{"fifu_image_url":"","fifu_image_alt":"","footnotes":""},"categories":[101,111],"tags":[],"class_list":["post-39523","post","type-post","status-publish","format-standard","has-post-thumbnail","hentry","category-coran","category-islam"],"_links":{"self":[{"href":"https:\/\/ekongkar.yoga\/index.php?rest_route=\/wp\/v2\/posts\/39523","targetHints":{"allow":["GET"]}}],"collection":[{"href":"https:\/\/ekongkar.yoga\/index.php?rest_route=\/wp\/v2\/posts"}],"about":[{"href":"https:\/\/ekongkar.yoga\/index.php?rest_route=\/wp\/v2\/types\/post"}],"author":[{"embeddable":true,"href":"https:\/\/ekongkar.yoga\/index.php?rest_route=\/wp\/v2\/users\/2"}],"replies":[{"embeddable":true,"href":"https:\/\/ekongkar.yoga\/index.php?rest_route=%2Fwp%2Fv2%2Fcomments&post=39523"}],"version-history":[{"count":10,"href":"https:\/\/ekongkar.yoga\/index.php?rest_route=\/wp\/v2\/posts\/39523\/revisions"}],"predecessor-version":[{"id":39548,"href":"https:\/\/ekongkar.yoga\/index.php?rest_route=\/wp\/v2\/posts\/39523\/revisions\/39548"}],"wp:featuredmedia":[{"embeddable":true,"href":"https:\/\/ekongkar.yoga\/index.php?rest_route=\/wp\/v2\/media\/39528"}],"wp:attachment":[{"href":"https:\/\/ekongkar.yoga\/index.php?rest_route=%2Fwp%2Fv2%2Fmedia&parent=39523"}],"wp:term":[{"taxonomy":"category","embeddable":true,"href":"https:\/\/ekongkar.yoga\/index.php?rest_route=%2Fwp%2Fv2%2Fcategories&post=39523"},{"taxonomy":"post_tag","embeddable":true,"href":"https:\/\/ekongkar.yoga\/index.php?rest_route=%2Fwp%2Fv2%2Ftags&post=39523"}],"curies":[{"name":"wp","href":"https:\/\/api.w.org\/{rel}","templated":true}]}}