{"id":38719,"date":"2024-11-07T23:29:01","date_gmt":"2024-11-07T22:29:01","guid":{"rendered":"https:\/\/ekongkar.yoga\/?p=38719"},"modified":"2024-11-26T20:22:01","modified_gmt":"2024-11-26T19:22:01","slug":"la-non-dualite-dans-la-relation-avec-soi-meme-et-les-autres","status":"publish","type":"post","link":"https:\/\/ekongkar.yoga\/?p=38719","title":{"rendered":"La non-dualit\u00e9 dans la relation avec soi-m\u00eame et les autres"},"content":{"rendered":"<div class=\"font-claude-message pr-4 md:pr-9 relative leading-[1.65rem] [&amp;_pre&gt;div]:bg-bg-300 [&amp;_.ignore-pre-bg&gt;div]:bg-transparent [&amp;_pre]:-mr-4 md:[&amp;_pre]:-mr-9\">\n<div class=\"grid-cols-1 grid gap-2.5 [&amp;_&gt;_*]:min-w-0\">\n<p class=\"whitespace-pre-wrap break-words\"><img loading=\"lazy\" decoding=\"async\" class=\" wp-image-38724 alignleft\" src=\"https:\/\/ekongkar.yoga\/wp-content\/uploads\/2024\/11\/ND-relation-1-1-300x300.jpg\" alt=\"\" width=\"380\" height=\"380\" srcset=\"https:\/\/ekongkar.yoga\/wp-content\/uploads\/2024\/11\/ND-relation-1-1-300x300.jpg 300w, https:\/\/ekongkar.yoga\/wp-content\/uploads\/2024\/11\/ND-relation-1-1-100x100.jpg 100w, https:\/\/ekongkar.yoga\/wp-content\/uploads\/2024\/11\/ND-relation-1-1-768x768.jpg 768w, https:\/\/ekongkar.yoga\/wp-content\/uploads\/2024\/11\/ND-relation-1-1-150x150.jpg 150w, https:\/\/ekongkar.yoga\/wp-content\/uploads\/2024\/11\/ND-relation-1-1-45x45.jpg 45w, https:\/\/ekongkar.yoga\/wp-content\/uploads\/2024\/11\/ND-relation-1-1.jpg 1024w\" sizes=\"auto, (max-width: 380px) 100vw, 380px\" \/>Dans la tradition spirituelle du yoga et de l&rsquo;Advaita Vedanta, nous est transmise <strong><span style=\"color: #008080;\">une vision unifi\u00e9e de l&rsquo;existence qui transforme radicalement notre compr\u00e9hension des relations humaines<\/span><\/strong>. Cette approche loin d&rsquo;\u00eatre une simple philosophie abstraite, offre des cl\u00e9s pratiques pour vivre nos relations de mani\u00e8re plus authentique et harmonieuse.<\/p>\n<p class=\"whitespace-pre-wrap break-words\"><strong><span style=\"color: #993300;\">Comprendre la non-dualit\u00e9 dans la relation<\/span><\/strong><\/p>\n<p class=\"whitespace-pre-wrap break-words\">La non-dualit\u00e9, traduction du terme sanskrit <em>advaita<\/em> qui signifie litt\u00e9ralement \u00ab\u00a0non-deux\u00a0\u00bb, propose une vision r\u00e9volutionnaire de la r\u00e9alit\u00e9 : <strong><span style=\"color: #008080;\">il n&rsquo;existe pas de s\u00e9paration v\u00e9ritable entre nous-m\u00eames et le reste de l&rsquo;univers<\/span><\/strong>. Cette perspective s&rsquo;oppose \u00e0 notre perception habituelle du monde, o\u00f9 nous nous voyons comme des entit\u00e9s distinctes et isol\u00e9es. Selon l&rsquo;Advaita Vedanta, l&rsquo;ego (<em>ahamkara<\/em>) qui nous pousse \u00e0 nous identifier comme un individu s\u00e9par\u00e9 est une perception illusoire (<em>maya<\/em>) qui engendre in\u00e9vitablement souffrance et conflits.<\/p>\n<p class=\"whitespace-pre-wrap break-words\">Cette illusion de s\u00e9paration est particuli\u00e8rement manifeste dans nos relations. <strong><span style=\"color: #008080;\">Nous percevons \u00ab\u00a0l&rsquo;autre\u00a0\u00bb comme fondamentalement diff\u00e9rent de nous<\/span><\/strong>, cr\u00e9ant ainsi une dualit\u00e9 qui devient source de tensions, de peurs et de malentendus. L&rsquo;Advaita nous invite \u00e0 d\u00e9couvrir ce qui se cache derri\u00e8re ce voile de la dualit\u00e9 : une conscience unique et indivisible, appel\u00e9e <em>Brahman<\/em>, qui est la r\u00e9alit\u00e9 ultime sous-jacente \u00e0 toute manifestation.<\/p>\n<p class=\"whitespace-pre-wrap break-words\"><strong><span style=\"color: #993300;\">Voir l&rsquo;autre comme une extension de soi-m\u00eame<\/span><\/strong><\/p>\n<p class=\"whitespace-pre-wrap break-words\">La pratique de la non-dualit\u00e9 dans les relations commence par une transformation radicale de notre regard. Il ne s&rsquo;agit pas d&rsquo;une compr\u00e9hension intellectuelle, mais d&rsquo;une r\u00e9alisation directe que <strong><span style=\"color: #008080;\">les fronti\u00e8res entre le \u00ab\u00a0moi\u00a0\u00bb et \u00ab\u00a0l&rsquo;autre\u00a0\u00bb sont des constructions mentales<\/span><\/strong>. Cette transformation s&rsquo;op\u00e8re notamment \u00e0 travers la m\u00e9ditation (<em>dhyana<\/em>) et l&rsquo;observation attentive (<em>viveka<\/em>) de nos interactions.<\/p>\n<p class=\"whitespace-pre-wrap break-words\">Dans cette perspective, chaque rencontre devient une opportunit\u00e9 de reconna\u00eetre cette unit\u00e9 fondamentale. Par exemple, lorsque nous \u00e9coutons quelqu&rsquo;un, plut\u00f4t que de maintenir la distance habituelle entre \u00ab\u00a0celui qui \u00e9coute\u00a0\u00bb et \u00ab\u00a0celui qui parle\u00a0\u00bb, nous pouvons exp\u00e9rimenter <strong><span style=\"color: #008080;\">un espace de conscience partag\u00e9 o\u00f9 cette dualit\u00e9 se dissout<\/span><\/strong>. Les comportements ou les paroles de l&rsquo;autre qui nous d\u00e9rangent habituellement peuvent alors \u00eatre vus comme des manifestations de notre humanit\u00e9 commune.<\/p>\n<p class=\"whitespace-pre-wrap break-words\">Cette vision unifi\u00e9e transforme \u00e9galement notre rapport aux conflits. Les tensions relationnelles, qu&rsquo;elles soient \u00e9motionnelles ou id\u00e9ologiques, apparaissent comme des expressions de notre identification \u00e0 l&rsquo;ego plut\u00f4t que comme des oppositions r\u00e9elles. En cultivant une posture non-duelle, nous apprenons \u00e0 observer ces conflits sans nous y identifier, reconnaissant que derri\u00e8re chaque opposition se trouve une aspiration universelle \u00e0 la paix et \u00e0 la connexion. Cette compr\u00e9hension profonde nous permet de d\u00e9velopper <strong><span style=\"color: #008080;\">une \u00e9coute v\u00e9ritablement empathique, libre de jugements et de r\u00e9actions d\u00e9fensives<\/span><\/strong>.<\/p>\n<p class=\"whitespace-pre-wrap break-words\"><strong><span style=\"color: #993300;\">Cultiver l&rsquo;unit\u00e9 dans la diversit\u00e9 des relations<\/span><\/strong><\/p>\n<p class=\"whitespace-pre-wrap break-words\">La vision non-duelle ne nie pas la diversit\u00e9 apparente du monde manifeste. Au contraire, elle nous invite \u00e0 voir cette diversit\u00e9 comme l&rsquo;expression vivante d&rsquo;une conscience unique se d\u00e9ployant sous des formes multiples. Dans nos relations, cette compr\u00e9hension nous permet de <strong><span style=\"color: #008080;\">c\u00e9l\u00e9brer la sp\u00e9cificit\u00e9 de chaque \u00eatre tout en restant ancr\u00e9 dans la reconnaissance de notre essence commune<\/span><\/strong>.<\/p>\n<p class=\"whitespace-pre-wrap break-words\">Cette approche transforme profond\u00e9ment la mani\u00e8re dont nous entrons en relation. Au lieu de chercher \u00e0 contr\u00f4ler, \u00e0 changer ou \u00e0 juger l&rsquo;autre, nous apprenons \u00e0 accueillir chaque relation comme <strong><span style=\"color: #008080;\">une invitation \u00e0 explorer diff\u00e9rentes facettes de la conscience<\/span><\/strong>.<\/p>\n<p class=\"whitespace-pre-wrap break-words\"><strong><span style=\"color: #993300;\">La pratique au quotidien<\/span><\/strong><\/p>\n<p class=\"whitespace-pre-wrap break-words\">Dans la vie quotidienne, cette vision non-duelle peut se manifester de multiples fa\u00e7ons :<\/p>\n<ul class=\"-mt-1 [li&gt;&amp;]:mt-2 list-disc space-y-2 pl-8\">\n<li class=\"whitespace-normal break-words\"><strong><span style=\"color: #008080;\">L&rsquo;\u00e9coute profonde<\/span><\/strong> (<em>antaranga shravanam<\/em>) : Au-del\u00e0 de la simple attention aux mots, il s&rsquo;agit d&rsquo;une ouverture totale \u00e0 la pr\u00e9sence de l&rsquo;autre. Cette qualit\u00e9 d&rsquo;\u00e9coute permet de percevoir non seulement le contenu explicite d&rsquo;une communication, mais aussi les couches plus subtiles d&rsquo;\u00e9motions et d&rsquo;intentions qui l&rsquo;accompagnent. Dans cet espace d&rsquo;\u00e9coute, la distinction entre celui qui \u00e9coute et ce qui est \u00e9cout\u00e9 commence \u00e0 se dissoudre.<\/li>\n<li class=\"whitespace-normal break-words\"><strong><span style=\"color: #008080;\">L&rsquo;accueil des \u00e9motions<\/span><\/strong> (<em>bhava svikara<\/em>) : Les \u00e9motions, qu&rsquo;elles soient les n\u00f4tres ou celles des autres, sont vues comme des vagues dans l&rsquo;oc\u00e9an de la conscience. Cette perspective nous permet de les accueillir avec \u00e9quanimit\u00e9, sans nous y identifier ni chercher \u00e0 les repousser. Chaque \u00e9motion devient alors une opportunit\u00e9 d&rsquo;approfondir notre compr\u00e9hension de l&rsquo;exp\u00e9rience humaine commune.<\/li>\n<li class=\"whitespace-normal break-words\"><strong><span style=\"color: #008080;\">L&rsquo;observation sans jugement<\/span><\/strong> (<em>sakshi bhava<\/em>) : Cette attitude de t\u00e9moin impartial est essentielle dans la pratique de la non-dualit\u00e9. Elle consiste \u00e0 observer les interactions sans les colorer de nos pr\u00e9jug\u00e9s ou de nos attentes. Cette qualit\u00e9 d&rsquo;observation nous permet de voir au-del\u00e0 des apparences et des r\u00f4les sociaux pour toucher \u00e0 l&rsquo;essence v\u00e9ritable de chaque \u00eatre.<\/li>\n<\/ul>\n<p class=\"whitespace-pre-wrap break-words\"><strong><span style=\"color: #993300;\">La transformation des relations difficiles<\/span><\/strong><\/p>\n<p class=\"whitespace-pre-wrap break-words\">L&rsquo;approche non-duelle trouve une application particuli\u00e8rement puissante dans la gestion des relations difficiles. Lorsque nous rencontrons des personnes qui nous challengent ou des situations relationnelles complexes, la perspective non-duelle nous offre plusieurs cl\u00e9s :<\/p>\n<ul class=\"-mt-1 [li&gt;&amp;]:mt-2 list-disc space-y-2 pl-8\">\n<li class=\"whitespace-normal break-words\">Reconna\u00eetre que le conflit apparent est souvent <strong><span style=\"color: #008080;\">le reflet de nos propres r\u00e9sistances<\/span><\/strong> et identifications<\/li>\n<li class=\"whitespace-normal break-words\">Voir les comportements difficiles comme <strong><span style=\"color: #008080;\">l&rsquo;expression d&rsquo;une souffrance<\/span><\/strong> ou d&rsquo;un besoin non reconnu<\/li>\n<li class=\"whitespace-normal break-words\"><strong><span style=\"color: #008080;\">Cultiver la compassion<\/span><\/strong> (<em>karuna<\/em>) en comprenant que l&rsquo;autre, comme nous, cherche fondamentalement le bonheur et l&rsquo;harmonie<\/li>\n<li class=\"whitespace-normal break-words\">Utiliser les tensions comme des opportunit\u00e9s d&rsquo;<strong><span style=\"color: #008080;\">approfondir notre pratique de pr\u00e9sence<\/span><\/strong> et de non-identification<\/li>\n<\/ul>\n<p class=\"whitespace-pre-wrap break-words\"><strong><span style=\"color: #993300;\"><img loading=\"lazy\" decoding=\"async\" class=\" wp-image-38725 alignright\" src=\"https:\/\/ekongkar.yoga\/wp-content\/uploads\/2024\/11\/ND-relation-2-300x300.jpg\" alt=\"\" width=\"380\" height=\"380\" srcset=\"https:\/\/ekongkar.yoga\/wp-content\/uploads\/2024\/11\/ND-relation-2-300x300.jpg 300w, https:\/\/ekongkar.yoga\/wp-content\/uploads\/2024\/11\/ND-relation-2-100x100.jpg 100w, https:\/\/ekongkar.yoga\/wp-content\/uploads\/2024\/11\/ND-relation-2-768x768.jpg 768w, https:\/\/ekongkar.yoga\/wp-content\/uploads\/2024\/11\/ND-relation-2-150x150.jpg 150w, https:\/\/ekongkar.yoga\/wp-content\/uploads\/2024\/11\/ND-relation-2-45x45.jpg 45w, https:\/\/ekongkar.yoga\/wp-content\/uploads\/2024\/11\/ND-relation-2.jpg 800w\" sizes=\"auto, (max-width: 380px) 100vw, 380px\" \/>La subtilit\u00e9 de la pratique non-duelle dans les relations<\/span><\/strong><\/p>\n<p class=\"whitespace-pre-wrap break-words\">La pratique de la non-dualit\u00e9 dans les relations demande une attention particuli\u00e8re aux mouvements subtils de notre conscience. Il ne s&rsquo;agit pas simplement d&rsquo;appliquer des techniques ou de suivre des principes, mais de <strong><span style=\"color: #008080;\">cultiver un \u00e9tat d&rsquo;\u00eatre qui transforme naturellement la qualit\u00e9 de nos interactions<\/span><\/strong>.<\/p>\n<p class=\"whitespace-pre-wrap break-words\"><strong><span style=\"color: #993300;\">L&rsquo;ancrage dans le pr\u00e9sent<\/span><\/strong><\/p>\n<p class=\"whitespace-pre-wrap break-words\"><strong><span style=\"color: #008080;\">La non-dualit\u00e9 ne peut \u00eatre v\u00e9cue que dans l&rsquo;instant pr\u00e9sent<\/span><\/strong> (<em>kshana<\/em>). C&rsquo;est uniquement dans ce moment imm\u00e9diat que les fronti\u00e8res de l&rsquo;ego peuvent se dissoudre, laissant place \u00e0 une exp\u00e9rience directe de l&rsquo;unit\u00e9. Dans nos relations, cet ancrage dans le pr\u00e9sent se manifeste par :<\/p>\n<ul class=\"-mt-1 [li&gt;&amp;]:mt-2 list-disc space-y-2 pl-8\">\n<li class=\"whitespace-normal break-words\">Une pr\u00e9sence totale \u00e0 ce qui est, libre des projections du pass\u00e9 et des anticipations du futur<\/li>\n<li class=\"whitespace-normal break-words\">Une qualit\u00e9 d&rsquo;attention qui transcende le mental discursif pour toucher \u00e0 l&rsquo;essence de l&rsquo;exp\u00e9rience<\/li>\n<li class=\"whitespace-normal break-words\">Une ouverture naturelle \u00e0 la dimension sacr\u00e9e de chaque rencontre<\/li>\n<\/ul>\n<p class=\"whitespace-pre-wrap break-words\"><strong><span style=\"color: #993300;\">La pratique du silence int\u00e9rieur<\/span><\/strong><\/p>\n<p class=\"whitespace-pre-wrap break-words\">Le silence (<em>mauna<\/em>) joue un r\u00f4le important dans la pratique non-duelle. Non pas uniquement le silence ext\u00e9rieur, mais surtout <strong><span style=\"color: #008080;\">le silence int\u00e9rieur qui permet de percevoir l&rsquo;espace de conscience commun<\/span><\/strong> dans lequel toutes les relations prennent place. Ce silence devient :<\/p>\n<ul class=\"-mt-1 [li&gt;&amp;]:mt-2 list-disc space-y-2 pl-8\">\n<li class=\"whitespace-normal break-words\">Un espace d&rsquo;accueil o\u00f9 les diff\u00e9rences peuvent coexister harmonieusement<\/li>\n<li class=\"whitespace-normal break-words\">Une source de clart\u00e9 qui dissipe les malentendus et les projections<\/li>\n<li class=\"whitespace-normal break-words\">Un pont invisible qui relie les \u00eatres au-del\u00e0 des mots et des concepts<\/li>\n<\/ul>\n<p class=\"whitespace-pre-wrap break-words\"><strong><span style=\"color: #993300;\">Vers une nouvelle conscience relationnelle<\/span><\/strong><\/p>\n<p class=\"whitespace-pre-wrap break-words\">L&rsquo;int\u00e9gration de la vision non-duelle dans nos relations nous conduit progressivement vers une nouvelle mani\u00e8re d&rsquo;\u00eatre en relation. Cette transformation se caract\u00e9rise par :<\/p>\n<ul class=\"-mt-1 [li&gt;&amp;]:mt-2 list-disc space-y-2 pl-8\">\n<li class=\"whitespace-normal break-words\">Une authenticit\u00e9 naturelle qui \u00e9mane de la reconnaissance de notre vraie nature<\/li>\n<li class=\"whitespace-normal break-words\">Une libert\u00e9 int\u00e9rieure qui nous permet d&rsquo;\u00eatre pleinement pr\u00e9sent sans \u00eatre prisonnier des sch\u00e9mas relationnels habituels<\/li>\n<li class=\"whitespace-normal break-words\">Une capacit\u00e9 accrue \u00e0 naviguer les d\u00e9fis relationnels avec sagesse et compassion<\/li>\n<\/ul>\n<p class=\"whitespace-pre-wrap break-words\"><strong><span style=\"color: #993300;\">La non-dualit\u00e9, un art de vivre relationnel<\/span><\/strong><\/p>\n<p class=\"whitespace-pre-wrap break-words\">La pratique de la non-dualit\u00e9 dans les relations n&rsquo;est pas une technique \u00e0 ma\u00eetriser mais <strong><span style=\"color: #008080;\">un art de vivre \u00e0 cultiver jour apr\u00e8s jour<\/span><\/strong>. Elle nous invite \u00e0 voir chaque relation comme un miroir de notre vraie nature et une opportunit\u00e9 d&rsquo;approfondir notre compr\u00e9hension de l&rsquo;unit\u00e9 fondamentale de l&rsquo;existence.<\/p>\n<p class=\"whitespace-pre-wrap break-words\">Cette approche transforme non seulement nos relations individuelles mais aussi notre rapport au monde dans son ensemble. En reconnaissant l&rsquo;interconnexion profonde de tous les \u00eatres, nous d\u00e9veloppons naturellement une \u00e9thique relationnelle fond\u00e9e sur la compassion, le respect et <strong><span style=\"color: #008080;\">la c\u00e9l\u00e9bration de la diversit\u00e9 dans l&rsquo;unit\u00e9<\/span><\/strong>.<\/p>\n<p class=\"whitespace-pre-wrap break-words\">La non-dualit\u00e9 dans les relations nous rappelle que <strong><span style=\"color: #008080;\">l&rsquo;amour v\u00e9ritable n&rsquo;est pas un sentiment qui va d&rsquo;une personne \u00e0 une autre, mais la reconnaissance directe de notre unit\u00e9 essentielle<\/span><\/strong>. Dans cette reconnaissance, chaque rencontre devient une expression de la danse cosmique de la conscience avec elle-m\u00eame, nous invitant \u00e0 participer pleinement \u00e0 ce myst\u00e8re tout en restant ancr\u00e9 dans notre nature profonde.<\/p>\n<\/div>\n<\/div>\n","protected":false},"excerpt":{"rendered":"<p>Dans la tradition spirituelle du yoga et de l&rsquo;Advaita Vedanta, nous est transmise une vision unifi\u00e9e de l&rsquo;existence qui transforme radicalement notre compr\u00e9hension des relations humaines. Cette approche loin d&rsquo;\u00eatre une simple philosophie abstraite, offre des cl\u00e9s pratiques pour vivre nos relations de mani\u00e8re plus authentique et harmonieuse. Comprendre la&#8230;<\/p>\n<p> <a class=\"continue-reading-link\" href=\"https:\/\/ekongkar.yoga\/?p=38719\"><span>Lire la suite&#8230;<\/span><i class=\"crycon-right-dir\"><\/i><\/a> <\/p>\n","protected":false},"author":2,"featured_media":38727,"comment_status":"closed","ping_status":"closed","sticky":false,"template":"","format":"standard","meta":{"fifu_image_url":"","fifu_image_alt":"","footnotes":""},"categories":[35,36],"tags":[],"class_list":["post-38719","post","type-post","status-publish","format-standard","has-post-thumbnail","hentry","category-moment-present","category-non-dualite"],"_links":{"self":[{"href":"https:\/\/ekongkar.yoga\/index.php?rest_route=\/wp\/v2\/posts\/38719","targetHints":{"allow":["GET"]}}],"collection":[{"href":"https:\/\/ekongkar.yoga\/index.php?rest_route=\/wp\/v2\/posts"}],"about":[{"href":"https:\/\/ekongkar.yoga\/index.php?rest_route=\/wp\/v2\/types\/post"}],"author":[{"embeddable":true,"href":"https:\/\/ekongkar.yoga\/index.php?rest_route=\/wp\/v2\/users\/2"}],"replies":[{"embeddable":true,"href":"https:\/\/ekongkar.yoga\/index.php?rest_route=%2Fwp%2Fv2%2Fcomments&post=38719"}],"version-history":[{"count":4,"href":"https:\/\/ekongkar.yoga\/index.php?rest_route=\/wp\/v2\/posts\/38719\/revisions"}],"predecessor-version":[{"id":38726,"href":"https:\/\/ekongkar.yoga\/index.php?rest_route=\/wp\/v2\/posts\/38719\/revisions\/38726"}],"wp:featuredmedia":[{"embeddable":true,"href":"https:\/\/ekongkar.yoga\/index.php?rest_route=\/wp\/v2\/media\/38727"}],"wp:attachment":[{"href":"https:\/\/ekongkar.yoga\/index.php?rest_route=%2Fwp%2Fv2%2Fmedia&parent=38719"}],"wp:term":[{"taxonomy":"category","embeddable":true,"href":"https:\/\/ekongkar.yoga\/index.php?rest_route=%2Fwp%2Fv2%2Fcategories&post=38719"},{"taxonomy":"post_tag","embeddable":true,"href":"https:\/\/ekongkar.yoga\/index.php?rest_route=%2Fwp%2Fv2%2Ftags&post=38719"}],"curies":[{"name":"wp","href":"https:\/\/api.w.org\/{rel}","templated":true}]}}