{"id":38563,"date":"2024-10-29T09:30:20","date_gmt":"2024-10-29T08:30:20","guid":{"rendered":"https:\/\/ekongkar.yoga\/?p=38563"},"modified":"2025-01-17T09:23:33","modified_gmt":"2025-01-17T08:23:33","slug":"lascension-mystique-dans-lislam-et-les-chakras-du-yoga","status":"publish","type":"post","link":"https:\/\/ekongkar.yoga\/?p=38563","title":{"rendered":"L&rsquo;ascension mystique dans l&rsquo;Islam et les chakras du Yoga"},"content":{"rendered":"<p class=\"whitespace-pre-wrap break-words\"><a title=\"Sultan Muhammad , Public domain, via Wikimedia Commons\" href=\"https:\/\/commons.wikimedia.org\/wiki\/File:Miraj_by_Sultan_Muhammad.jpg\" target=\"_blank\" rel=\"noopener\"><img loading=\"lazy\" decoding=\"async\" class=\"alignleft\" src=\"https:\/\/upload.wikimedia.org\/wikipedia\/commons\/thumb\/b\/b5\/Miraj_by_Sultan_Muhammad.jpg\/512px-Miraj_by_Sultan_Muhammad.jpg?20230220070642\" alt=\"Ascribed to Sultan Muhammad. Nizami Ganjavi, The Ascent of Muhammad to Heaven on his steed Buraq, guided by Gabriel and escorted by angels, 1539-43 (Persia Safavid dynasty). British Library\" width=\"380\" height=\"549\" data-wp-editing=\"1\" \/><\/a>Dans notre qu\u00eate de compr\u00e9hension des chemins spirituels, nous d\u00e9couvrons parfois des r\u00e9sonances int\u00e9ressantes entre diff\u00e9rentes traditions. Aujourd&rsquo;hui, explorons<strong><span style=\"color: #008080;\"> un parall\u00e8le entre deux voies spirituelles distinctes<\/span><\/strong> : le voyage mystique de l&rsquo;ascension nocturne dans la tradition islamique et le syst\u00e8me des chakras dans la tradition yogique.<\/p>\n<p class=\"font-600 text-xl font-bold\"><strong><span style=\"color: #993300;\">L&rsquo;ascension nocturne : un voyage mystique extraordinaire<\/span><\/strong><\/p>\n<p class=\"whitespace-pre-wrap break-words\">Dans la tradition islamique, un \u00e9v\u00e9nement mystique extraordinaire occupe une place centrale : l&rsquo;Isra et Miraj (litt\u00e9ralement \u00ab\u00a0le Voyage Nocturne\u00a0\u00bb et \u00ab\u00a0l&rsquo;Ascension C\u00e9leste\u00a0\u00bb). Ce r\u00e9cit, mentionn\u00e9 dans le Coran (sourate 17, verset 1) et d\u00e9taill\u00e9 dans de nombreux textes de la tradition proph\u00e9tique (hadith), relate <strong><span style=\"color: #008080;\">une exp\u00e9rience spirituelle unique v\u00e9cue par le Proph\u00e8te Muhammad<\/span><\/strong> vers l&rsquo;ann\u00e9e 621.<\/p>\n<p class=\"whitespace-pre-wrap break-words\">En une seule nuit, guid\u00e9 par l&rsquo;archange Gabriel, le Proph\u00e8te fut d&rsquo;abord transport\u00e9 de la Mosqu\u00e9e Sacr\u00e9e de La Mecque jusqu&rsquo;\u00e0 la \u00ab\u00a0Mosqu\u00e9e la plus \u00e9loign\u00e9e\u00a0\u00bb (Al-Masjid Al-Aqsa) \u00e0 J\u00e9rusalem &#8211; cette premi\u00e8re partie du voyage est appel\u00e9e l&rsquo;Isra.<\/p>\n<p class=\"whitespace-pre-wrap break-words\">De l\u00e0 commen\u00e7a le Miraj, l&rsquo;ascension. Pour accomplir ce voyage, le Proph\u00e8te fut accompagn\u00e9 par <strong><span style=\"color: #008080;\">Al-Buraq, une cr\u00e9ature c\u00e9leste merveilleuse<\/span><\/strong> d\u00e9crite dans les textes traditionnels comme ayant un visage de femme, des ailes d&rsquo;aigle, un corps de cheval et une queue de paon. Cette monture divine, dont le nom d\u00e9rive du mot arabe \u00ab\u00a0barq\u00a0\u00bb (\u00e9clair), pouvait se d\u00e9placer \u00e0 une vitesse surnaturelle, atteignant l&rsquo;horizon d&rsquo;un seul bond.<\/p>\n<p>Durant son ascension c\u00e9leste, <strong><span style=\"color: #008080;\">le Proph\u00e8te traversa successivement sept cieux<\/span><\/strong>, chacun r\u00e9v\u00e9lant des rencontres et des enseignements profonds.<\/p>\n<ul class=\"marker:text-textOff list-decimal pl-8\">\n<li>1er ciel\u00a0: Il rencontra Adam, le p\u00e8re de l&rsquo;humanit\u00e9.<\/li>\n<li>2e ciel\u00a0: Il fut accueilli par les proph\u00e8tes Yahya (Jean-Baptiste) et Issa (J\u00e9sus).<\/li>\n<li>3e ciel\u00a0: Il rencontra le proph\u00e8te Yusuf (Joseph), symbole de la beaut\u00e9 spirituelle.<\/li>\n<li>4e ciel\u00a0: Il rencontra le proph\u00e8te Idris (\u00c9noch).<\/li>\n<li>5e ciel\u00a0: Il rencontra le proph\u00e8te Harun (Aaron).<\/li>\n<li>6e ciel\u00a0: Il rencontra Musa (Mo\u00efse).<\/li>\n<li>7e ciel\u00a0: Au plus \u00e9lev\u00e9, il rencontra Ibrahim (Abraham), adoss\u00e9 au Bayt al-Ma&rsquo;mur, la Kaaba c\u00e9leste.<\/li>\n<\/ul>\n<p><strong><span style=\"color: #008080;\">Au-del\u00e0 de ces cieux<\/span><\/strong>, le Proph\u00e8te atteignit le Sidrat al-Muntaha, le Jujubier de la Limite, un arbre c\u00e9leste marquant la fronti\u00e8re de la connaissance accessible aux cr\u00e9atures. C&rsquo;est l\u00e0 que m\u00eame l&rsquo;ange Gabriel dut s&rsquo;arr\u00eater, tandis que le Proph\u00e8te poursuivit seul son voyage vers la pr\u00e9sence divine.<\/p>\n<p>Durant ce voyage, il fut t\u00e9moin des merveilles du paradis (Jannah) et des tourments de l&rsquo;enfer (Jahannam), recevant ainsi <strong><span style=\"color: #008080;\">une compr\u00e9hension compl\u00e8te des r\u00e9alit\u00e9s spirituelles<\/span><\/strong>. Ce fut aussi dans ce cadre que fut prescrite la pri\u00e8re quotidienne (salat) comme pilier fondamental de la pratique islamique.<\/p>\n<p class=\"font-600 text-xl font-bold\"><strong><span style=\"color: #993300;\">L&rsquo;interpr\u00e9tation soufie : une dimension mystique<\/span><\/strong><\/p>\n<p class=\"whitespace-pre-wrap break-words\">Les mystiques soufis, repr\u00e9sentant la dimension contemplative de l&rsquo;islam, interpr\u00e8tent ce voyage comme <strong><span style=\"color: #008080;\">une m\u00e9taphore profonde du cheminement spirituel<\/span><\/strong>. Pour eux, chaque \u00e9l\u00e9ment du voyage rev\u00eat une signification symbolique :<\/p>\n<ul class=\"-mt-1 list-disc space-y-2 pl-8\">\n<li class=\"whitespace-normal break-words\">La travers\u00e9e des sept cieux repr\u00e9sente les \u00e9tapes de purification de l&rsquo;\u00e2me<\/li>\n<li class=\"whitespace-normal break-words\">Les rencontres avec diff\u00e9rents proph\u00e8tes symbolisent l&rsquo;acquisition de qualit\u00e9s spirituelles essentielles<\/li>\n<li class=\"whitespace-normal break-words\">L&rsquo;arriv\u00e9e au Sidrat al-Muntaha (le Jujubier de la Limite) marque la fronti\u00e8re entre le domaine humain et divin<\/li>\n<li class=\"whitespace-normal break-words\">Le point culminant du voyage repr\u00e9sente l&rsquo;union mystique avec le divin<\/li>\n<\/ul>\n<p class=\"font-600 text-xl font-bold\"><strong><span style=\"color: #993300;\">Les chakras : la carte \u00e9nerg\u00e9tique du Yoga<\/span><\/strong><\/p>\n<p class=\"whitespace-pre-wrap break-words\">Pour les pratiquants de yoga, <strong><span style=\"color: #008080;\">cette description de l&rsquo;ascension c\u00e9leste peut \u00e9voquer le syst\u00e8me des chakras<\/span><\/strong>, un concept d\u00e9crit dans les textes anciens comme les Upanishads et les textes tantriques. Le terme \u00ab\u00a0chakra\u00a0\u00bb, qui signifie \u00ab\u00a0roue\u00a0\u00bb ou \u00ab\u00a0disque\u00a0\u00bb en sanskrit, d\u00e9signe des centres \u00e9nerg\u00e9tiques subtils agissant comme points de jonction entre le corps physique et les corps \u00e9nerg\u00e9tiques plus subtils.<\/p>\n<p class=\"whitespace-pre-wrap break-words\">Ces chakras sont per\u00e7us comme des vortex d&rsquo;\u00e9nergie align\u00e9s le long de la colonne vert\u00e9brale, suivant le canal \u00e9nerg\u00e9tique central Sushumna Nadi, lui-m\u00eame accompagn\u00e9 des canaux Ida (lunaire) et Pingala (solaire). Dans la tradition yogique, bien qu&rsquo;il existe de nombreux chakras mineurs, <strong><span style=\"color: #008080;\">on compte sept chakras principaux<\/span><\/strong>, chacun \u00e9tant associ\u00e9 \u00e0 une couleur, un son fondamental (bija mantra) et des qualit\u00e9s sp\u00e9cifiques correspondant \u00e0 diff\u00e9rents aspects de notre d\u00e9veloppement spirituel et \u00e9nerg\u00e9tique.<\/p>\n<ol class=\"-mt-1 list-decimal space-y-2 pl-8\">\n<li class=\"whitespace-normal break-words\">Muladhara (chakra racine) : connexion \u00e0 la terre, s\u00e9curit\u00e9<\/li>\n<li class=\"whitespace-normal break-words\">Svadhisthana (chakra sacr\u00e9) : cr\u00e9ativit\u00e9, \u00e9motions<\/li>\n<li class=\"whitespace-normal break-words\">Manipura (chakra du plexus solaire) : volont\u00e9, pouvoir personnel<\/li>\n<li class=\"whitespace-normal break-words\">Anahata (chakra du c\u0153ur) : amour, compassion<\/li>\n<li class=\"whitespace-normal break-words\">Vishuddha (chakra de la gorge) : expression, v\u00e9rit\u00e9<\/li>\n<li class=\"whitespace-normal break-words\">Ajna (chakra du troisi\u00e8me \u0153il) : intuition, sagesse<\/li>\n<li class=\"whitespace-normal break-words\">Sahasrara (chakra couronne) : connexion divine, illumination<\/li>\n<\/ol>\n<p class=\"font-600 text-xl font-bold\"><strong><span style=\"color: #993300;\">Points de convergence contemplatifs<\/span><\/strong><\/p>\n<p class=\"whitespace-pre-wrap break-words\">Sans chercher \u00e0 fusionner ces traditions distinctes, nous pouvons observer <strong><span style=\"color: #008080;\">certaines r\u00e9sonances int\u00e9ressantes<\/span><\/strong> :<\/p>\n<ul class=\"-mt-1 list-disc space-y-2 pl-8\">\n<li class=\"whitespace-normal break-words\">La progression verticale : Dans les deux traditions, le voyage spirituel est d\u00e9crit comme une ascension, un mouvement vers le haut<\/li>\n<li class=\"whitespace-normal break-words\">Les sept niveaux : La correspondance num\u00e9rique entre les sept cieux et les sept chakras principaux<\/li>\n<li class=\"whitespace-normal break-words\">La transformation progressive : Chaque niveau repr\u00e9sente une \u00e9tape de purification et d&rsquo;\u00e9l\u00e9vation spirituelle<\/li>\n<li class=\"whitespace-normal break-words\">L&rsquo;union divine : Le but ultime dans les deux traditions est une forme de connexion ou d&rsquo;union avec le divin<\/li>\n<\/ul>\n<p class=\"font-600 text-xl font-bold\"><strong><span style=\"color: #993300;\">L&rsquo;\u00e9nergie transformatrice<\/span><\/strong><\/p>\n<p class=\"whitespace-pre-wrap break-words\">Dans la tradition yogique, la kundalini repr\u00e9sente une \u00e9nergie spirituelle qui, une fois \u00e9veill\u00e9e, s&rsquo;\u00e9l\u00e8ve \u00e0 travers les chakras. De mani\u00e8re similaire, Al-Buraq dans le r\u00e9cit islamique peut \u00eatre vue comme <strong><span style=\"color: #008080;\">une force divine qui permet l&rsquo;\u00e9l\u00e9vation spirituelle<\/span><\/strong>. Ces deux concepts, bien que distincts, \u00e9voquent la pr\u00e9sence d&rsquo;une \u00e9nergie transformatrice dans le voyage spirituel.<\/p>\n<p class=\"font-600 text-xl font-bold\"><strong><span style=\"color: #993300;\">Enrichir notre compr\u00e9hension<\/span><\/strong><\/p>\n<p class=\"whitespace-pre-wrap break-words\">Cette exploration parall\u00e8le nous permet d&rsquo;enrichir notre compr\u00e9hension des chemins spirituels, tout en respectant l&rsquo;unicit\u00e9 de chaque tradition. Pour les pratiquants de yoga, cette perspective peut offrir un nouvel \u00e9clairage sur leur propre pratique, tout en d\u00e9veloppant <strong><span style=\"color: #008080;\">une appr\u00e9ciation pour la richesse des traditions spirituelles du monde<\/span><\/strong>.<\/p>\n<p class=\"whitespace-pre-wrap break-words\">Il est important de noter que ces parall\u00e8les sont pr\u00e9sent\u00e9s dans <strong><span style=\"color: #008080;\">un esprit de contemplation et de respect mutuel<\/span><\/strong>, non pour sugg\u00e9rer une \u00e9quivalence quelconque. Chaque voie spirituelle poss\u00e8de sa propre int\u00e9grit\u00e9 et ses propres m\u00e9thodes uniques de r\u00e9alisation.<\/p>\n<p class=\"whitespace-pre-wrap break-words\">Cette exploration nous rappelle que, malgr\u00e9 leurs diff\u00e9rences, les traditions spirituelles peuvent <strong><span style=\"color: #008080;\">partager des th\u00e8mes universels<\/span><\/strong> qui r\u00e9sonnent dans le c\u0153ur humain : l&rsquo;aspiration \u00e0 s&rsquo;\u00e9lever, \u00e0 se purifier et \u00e0 exp\u00e9rimenter une connexion plus profonde avec un absolu.<\/p>\n<p><em><strong><span style=\"color: #ff6600;\">Note du r\u00e9dacteur:<\/span> <\/strong>Il est important de pr\u00e9ciser que cet article propose une lecture comparative et contemplative qui peut diff\u00e9rer de l&rsquo;interpr\u00e9tation doctrinale islamique dominante. Dans la tradition islamique, l&rsquo;Isra et le Miraj sont consid\u00e9r\u00e9s comme des \u00e9v\u00e9nements historiques r\u00e9els et miraculeux. Les parall\u00e8les \u00e9tablis avec les concepts yogiques rel\u00e8vent d&rsquo;une d\u00e9marche r\u00e9flexive personnelle et ne pr\u00e9tendent nullement repr\u00e9senter la doctrine islamique traditionnelle. Cette approche comparative est propos\u00e9e uniquement comme une invitation \u00e0 la r\u00e9flexion sur les expressions diverses de l&rsquo;\u00e9l\u00e9vation spirituelle, tout en respectant les diff\u00e9rences fondamentales entre ces traditions.<\/em><\/p>\n<p><em>Illustration: <a href=\"https:\/\/commons.wikimedia.org\/wiki\/File:Miraj_by_Sultan_Muhammad.jpg\">Sultan Muhammad<\/a>, Public domain, via Wikimedia Commons<\/em><\/p>\n","protected":false},"excerpt":{"rendered":"<p>Dans notre qu\u00eate de compr\u00e9hension des chemins spirituels, nous d\u00e9couvrons parfois des r\u00e9sonances int\u00e9ressantes entre diff\u00e9rentes traditions. Aujourd&rsquo;hui, explorons un parall\u00e8le entre deux voies spirituelles distinctes : le voyage mystique de l&rsquo;ascension nocturne dans la tradition islamique et le syst\u00e8me des chakras dans la tradition yogique. L&rsquo;ascension nocturne : un&#8230;<\/p>\n<p> <a class=\"continue-reading-link\" href=\"https:\/\/ekongkar.yoga\/?p=38563\"><span>Lire la suite&#8230;<\/span><i class=\"crycon-right-dir\"><\/i><\/a> <\/p>\n","protected":false},"author":2,"featured_media":38574,"comment_status":"closed","ping_status":"closed","sticky":false,"template":"","format":"standard","meta":{"fifu_image_url":"https:\/\/ekongkar.yoga\/wp-content\/uploads\/2024\/10\/islam.jpg","fifu_image_alt":"","footnotes":""},"categories":[101,15,111,103],"tags":[],"class_list":["post-38563","post","type-post","status-publish","format-standard","has-post-thumbnail","hentry","category-coran","category-corps-energetique","category-islam","category-portraits-sacres"],"_links":{"self":[{"href":"https:\/\/ekongkar.yoga\/index.php?rest_route=\/wp\/v2\/posts\/38563","targetHints":{"allow":["GET"]}}],"collection":[{"href":"https:\/\/ekongkar.yoga\/index.php?rest_route=\/wp\/v2\/posts"}],"about":[{"href":"https:\/\/ekongkar.yoga\/index.php?rest_route=\/wp\/v2\/types\/post"}],"author":[{"embeddable":true,"href":"https:\/\/ekongkar.yoga\/index.php?rest_route=\/wp\/v2\/users\/2"}],"replies":[{"embeddable":true,"href":"https:\/\/ekongkar.yoga\/index.php?rest_route=%2Fwp%2Fv2%2Fcomments&post=38563"}],"version-history":[{"count":10,"href":"https:\/\/ekongkar.yoga\/index.php?rest_route=\/wp\/v2\/posts\/38563\/revisions"}],"predecessor-version":[{"id":39489,"href":"https:\/\/ekongkar.yoga\/index.php?rest_route=\/wp\/v2\/posts\/38563\/revisions\/39489"}],"wp:featuredmedia":[{"embeddable":true,"href":"https:\/\/ekongkar.yoga\/index.php?rest_route=\/wp\/v2\/media\/38574"}],"wp:attachment":[{"href":"https:\/\/ekongkar.yoga\/index.php?rest_route=%2Fwp%2Fv2%2Fmedia&parent=38563"}],"wp:term":[{"taxonomy":"category","embeddable":true,"href":"https:\/\/ekongkar.yoga\/index.php?rest_route=%2Fwp%2Fv2%2Fcategories&post=38563"},{"taxonomy":"post_tag","embeddable":true,"href":"https:\/\/ekongkar.yoga\/index.php?rest_route=%2Fwp%2Fv2%2Ftags&post=38563"}],"curies":[{"name":"wp","href":"https:\/\/api.w.org\/{rel}","templated":true}]}}