{"id":38540,"date":"2024-10-28T01:06:02","date_gmt":"2024-10-28T00:06:02","guid":{"rendered":"https:\/\/ekongkar.yoga\/?p=38540"},"modified":"2024-10-30T20:43:51","modified_gmt":"2024-10-30T19:43:51","slug":"le-souffle-vital-la-science-du-swara-selon-le-shiva-svarodaya","status":"publish","type":"post","link":"https:\/\/ekongkar.yoga\/?p=38540","title":{"rendered":"Le souffle vital : la science du Swara selon le Shiva-Svarodaya"},"content":{"rendered":"<p class=\"whitespace-pre-wrap break-words\"><img loading=\"lazy\" decoding=\"async\" class=\"wp-image-38548 alignright\" src=\"https:\/\/ekongkar.yoga\/wp-content\/uploads\/2024\/10\/swara-3-300x300.jpg\" alt=\"\" width=\"380\" height=\"363\" \/>Au c\u0153ur du <strong><span style=\"color: #993300;\">trait\u00e9 tantrique \u00ab\u00a0Shiva-Svarodaya\u00a0\u00bb<\/span><\/strong> <em>(plus d&rsquo;infos en fin de page)<\/em>, le concept de swara se d\u00e9voile comme une science subtile et profonde. Bien plus qu&rsquo;une simple respiration, le swara repr\u00e9sente la manifestation m\u00eame du \u00ab\u00a0Verbe\u00a0\u00bb cr\u00e9ateur, \u00e9manant du principe \u00ab\u00a0\u00e9ther\u00a0\u00bb. Cette conception r\u00e9v\u00e8le la nature fondamentalement vibratoire et cr\u00e9atrice du souffle vital.<\/p>\n<p class=\"whitespace-pre-wrap break-words\"><strong><span style=\"color: #993300;\">Le swara se manifeste sous trois aspects interconnect\u00e9s :<\/span><\/strong><\/p>\n<ol class=\"-mt-1 list-decimal space-y-2 pl-8\">\n<li class=\"whitespace-normal break-words\"><strong><span style=\"color: #008080;\">En tant que souffle vital<\/span><\/strong>, il est la force premi\u00e8re qui anime les circuits \u00e9nerg\u00e9tiques du corps subtil. Cette dimension du swara est intimement li\u00e9e aux pratiques yogiques et particuli\u00e8rement au pr\u00e2n\u00e2y\u00e2ma. Il est int\u00e9ressant de noter que le texte privil\u00e9gie le terme \u00ab\u00a0swara\u00a0\u00bb au lieu du plus commun \u00ab\u00a0pr\u00e2na\u00a0\u00bb, soulignant ainsi sa dimension vibratoire particuli\u00e8re.<\/li>\n<li class=\"whitespace-normal break-words\"><strong><span style=\"color: #008080;\">Dans sa dimension vibratoire<\/span><\/strong>, le swara incarne le principe sonore primordial. Il est la vibration originelle, le son cr\u00e9ateur qui a donn\u00e9 naissance \u00e0 l&rsquo;univers manifest\u00e9. Cette compr\u00e9hension du swara comme \u00ab\u00a0son\u00a0\u00bb ou \u00ab\u00a0musique\u00a0\u00bb r\u00e9v\u00e8le son r\u00f4le fondamental dans la cr\u00e9ation et le maintien de l&rsquo;ordre cosmique.<\/li>\n<li class=\"whitespace-normal break-words\"><strong><span style=\"color: #008080;\">En tant qu&rsquo;\u00e9nergie cosmique (shakti)<\/span><\/strong>, le swara repr\u00e9sente la force vitale universelle qui impr\u00e8gne et gouverne toute existence. Cette force p\u00e9n\u00e8tre toutes choses et r\u00e9git les lois fondamentales de l&rsquo;univers.<\/li>\n<\/ol>\n<p class=\"whitespace-pre-wrap break-words\">Le \u00ab\u00a0Shiva-Svarodaya\u00a0\u00bb expose une science pratique de la ma\u00eetrise du swara, <strong><span style=\"color: #008080;\">promettant des r\u00e9alisations extraordinaires<\/span><\/strong> \u00e0 diff\u00e9rents niveaux :<\/p>\n<p class=\"whitespace-pre-wrap break-words\"><strong><span style=\"color: #008080;\">Sur le plan de la connaissance :<\/span><\/strong><\/p>\n<ul class=\"-mt-1 list-disc space-y-2 pl-8\">\n<li class=\"whitespace-normal break-words\">L&rsquo;acc\u00e8s \u00e0 la compr\u00e9hension des lois cosmiques<\/li>\n<li class=\"whitespace-normal break-words\">La capacit\u00e9 de percevoir le pass\u00e9 et l&rsquo;avenir<\/li>\n<li class=\"whitespace-normal break-words\">L&rsquo;intelligence profonde des harmonies universelles<\/li>\n<\/ul>\n<p class=\"whitespace-pre-wrap break-words\"><strong><span style=\"color: #008080;\">Sur le plan du corps et de l&rsquo;\u00e9nergie :<\/span><\/strong><\/p>\n<ul class=\"-mt-1 list-disc space-y-2 pl-8\">\n<li class=\"whitespace-normal break-words\">Le d\u00e9veloppement de pouvoirs de gu\u00e9rison<\/li>\n<li class=\"whitespace-normal break-words\">L&rsquo;acquisition d&rsquo;une forme d&rsquo;immunit\u00e9<\/li>\n<li class=\"whitespace-normal break-words\">La purification profonde de l&rsquo;\u00eatre<\/li>\n<\/ul>\n<p class=\"whitespace-pre-wrap break-words\"><strong><span style=\"color: #008080;\">Sur le plan mat\u00e9riel et relationnel :<\/span><\/strong><\/p>\n<ul class=\"-mt-1 list-disc space-y-2 pl-8\">\n<li class=\"whitespace-normal break-words\">L&rsquo;influence sur les relations (attraction ou \u00e9loignement)<\/li>\n<li class=\"whitespace-normal break-words\">L&rsquo;acc\u00e8s \u00e0 la prosp\u00e9rit\u00e9 et au bien-\u00eatre<\/li>\n<li class=\"whitespace-normal break-words\">Le d\u00e9veloppement du rayonnement personnel<\/li>\n<\/ul>\n<p class=\"whitespace-pre-wrap break-words\">La voie privil\u00e9gi\u00e9e pour d\u00e9velopper cette ma\u00eetrise du swara passe par les pratiques yogiques, en particulier le pr\u00e2n\u00e2y\u00e2ma. \u00c0 travers ces techniques, <strong><span style=\"color: #008080;\">le yogi apprend \u00e0 harmoniser son souffle vital individuel avec les rythmes cosmiques<\/span><\/strong>. Cette synchronisation progressive permet d&rsquo;acc\u00e9der aux pouvoirs (siddhis) d\u00e9crits dans le texte.<\/p>\n<p class=\"whitespace-pre-wrap break-words\">Cette science du swara, transmise dans le dialogue entre Shiva et Parvati, constitue ainsi un enseignement complet sur la nature vibratoire de l&rsquo;existence et <strong><span style=\"color: #008080;\">les moyens pratiques d&rsquo;utiliser cette connaissance pour la r\u00e9alisation spirituelle<\/span><\/strong>. Elle \u00e9tablit un pont entre la respiration consciente, les \u00e9nergies subtiles et les lois cosmiques, offrant une voie de transformation profonde pour le pratiquant.<\/p>\n<hr \/>\n<p class=\"whitespace-pre-wrap break-words\" style=\"text-align: center;\"><strong><span style=\"color: #993300;\">La science pratique du swara : observer et comprendre les souffles<\/span><\/strong><\/p>\n<p class=\"whitespace-pre-wrap break-words\"><img loading=\"lazy\" decoding=\"async\" class=\" wp-image-38619 alignright\" src=\"https:\/\/ekongkar.yoga\/wp-content\/uploads\/2024\/10\/swara-2B-300x300.jpg\" alt=\"\" width=\"380\" height=\"380\" srcset=\"https:\/\/ekongkar.yoga\/wp-content\/uploads\/2024\/10\/swara-2B-300x300.jpg 300w, https:\/\/ekongkar.yoga\/wp-content\/uploads\/2024\/10\/swara-2B-100x100.jpg 100w, https:\/\/ekongkar.yoga\/wp-content\/uploads\/2024\/10\/swara-2B-768x768.jpg 768w, https:\/\/ekongkar.yoga\/wp-content\/uploads\/2024\/10\/swara-2B-150x150.jpg 150w, https:\/\/ekongkar.yoga\/wp-content\/uploads\/2024\/10\/swara-2B-45x45.jpg 45w, https:\/\/ekongkar.yoga\/wp-content\/uploads\/2024\/10\/swara-2B.jpg 800w\" sizes=\"auto, (max-width: 380px) 100vw, 380px\" \/>Selon le Shiva-Svarodaya, l&rsquo;observation et la compr\u00e9hension du swara commencent par l&rsquo;\u00e9tude des nadis (canaux d&rsquo;\u00e9nergie) et de leur activit\u00e9 cyclique. Le texte met particuli\u00e8rement l&rsquo;accent sur <strong><span style=\"color: #008080;\">trois nadis principaux<\/span><\/strong> :<\/p>\n<ul class=\"-mt-1 list-disc space-y-2 pl-8\">\n<li class=\"whitespace-normal break-words\"><strong><span style=\"color: #008080;\">Ida (gauche)<\/span><\/strong> : Associ\u00e9 \u00e0 la lune, ce canal correspond \u00e0 la narine gauche. Il repr\u00e9sente l&rsquo;\u00e9nergie fra\u00eeche, r\u00e9ceptive et introspective. Son activation favorise les activit\u00e9s mentales et spirituelles.<\/li>\n<li class=\"whitespace-normal break-words\"><strong><span style=\"color: #008080;\">Pingala (droite)<\/span><\/strong> : Li\u00e9 au soleil, ce canal correspond \u00e0 la narine droite. Il v\u00e9hicule une \u00e9nergie chaude et dynamique, propice aux activit\u00e9s physiques et \u00e0 l&rsquo;action dans le monde.<\/li>\n<li class=\"whitespace-normal break-words\"><strong><span style=\"color: #008080;\">Sushumna (centre)<\/span><\/strong> : Le canal central s&rsquo;active lorsque le souffle circule de mani\u00e8re \u00e9gale dans les deux narines, un moment particuli\u00e8rement propice \u00e0 la m\u00e9ditation profonde.<\/li>\n<\/ul>\n<p class=\"whitespace-pre-wrap break-words\"><strong><span style=\"color: #993300;\">Observations pratiques<\/span> <\/strong>&#8211; Le texte recommande d&rsquo;observer quotidiennement :<\/p>\n<ul class=\"-mt-1 list-disc space-y-2 pl-8\">\n<li class=\"whitespace-normal break-words\">Quelle narine est dominante \u00e0 diff\u00e9rents moments<\/li>\n<li class=\"whitespace-normal break-words\">Les changements naturels de dominance (environ toutes les 60-90 minutes)<\/li>\n<li class=\"whitespace-normal break-words\">L&rsquo;influence des phases lunaires sur ces cycles<\/li>\n<li class=\"whitespace-normal break-words\">La relation entre le souffle dominant et notre \u00e9tat physique\/mental<\/li>\n<\/ul>\n<p class=\"whitespace-pre-wrap break-words\"><strong><span style=\"color: #993300;\">Applications traditionnelles<\/span> <\/strong>&#8211; Le Shiva-Svarodaya indique des moments propices selon la dominance du souffle :<\/p>\n<p class=\"whitespace-pre-wrap break-words\"><strong><span style=\"color: #008080;\">\u2192 Ida (gauche) pour :<\/span><\/strong><\/p>\n<ul class=\"-mt-1 list-disc space-y-2 pl-8\">\n<li class=\"whitespace-normal break-words\">La m\u00e9ditation et les pratiques spirituelles<\/li>\n<li class=\"whitespace-normal break-words\">Les activit\u00e9s intellectuelles<\/li>\n<li class=\"whitespace-normal break-words\">La consommation de nourriture<\/li>\n<li class=\"whitespace-normal break-words\">Les relations harmonieuses<\/li>\n<\/ul>\n<p class=\"whitespace-pre-wrap break-words\"><strong><span style=\"color: #008080;\">\u2192 Pingala (droite) pour :<\/span><\/strong><\/p>\n<ul class=\"-mt-1 list-disc space-y-2 pl-8\">\n<li class=\"whitespace-normal break-words\">L&rsquo;exercice physique<\/li>\n<li class=\"whitespace-normal break-words\">Les activit\u00e9s demandant de l&rsquo;\u00e9nergie<\/li>\n<li class=\"whitespace-normal break-words\">Les entreprises nouvelles<\/li>\n<li class=\"whitespace-normal break-words\">Les confrontations si n\u00e9cessaires<\/li>\n<\/ul>\n<p class=\"whitespace-pre-wrap break-words\"><strong><span style=\"color: #008080;\">\u2192 Sushumna (\u00e9quilibr\u00e9) pour :<\/span><\/strong><\/p>\n<ul class=\"-mt-1 list-disc space-y-2 pl-8\">\n<li class=\"whitespace-normal break-words\">Les pratiques yogiques avanc\u00e9es<\/li>\n<li class=\"whitespace-normal break-words\">La m\u00e9ditation profonde<\/li>\n<li class=\"whitespace-normal break-words\">Les moments de transition importants<\/li>\n<\/ul>\n<p class=\"whitespace-pre-wrap break-words\"><em>Note : Ces observations traditionnelles sont \u00e0 consid\u00e9rer comme un h\u00e9ritage de la sagesse yogique plut\u00f4t que comme des prescriptions absolues.<\/em><\/p>\n<hr \/>\n<p class=\"whitespace-pre-wrap break-words\" style=\"text-align: center;\"><strong><span style=\"color: #993300;\">Le Shiva-Svarodaya : h\u00e9ritage et transmission<\/span><\/strong><\/p>\n<p class=\"whitespace-pre-wrap break-words\">Le Shiva-Svarodaya (\u00ab\u00a0<strong><span style=\"color: #008080;\">La Naissance du Souffle de Vie<\/span><\/strong>\u00ab\u00a0) fait partie du vaste corpus des textes tantriques de l&rsquo;Inde ancienne.<\/p>\n<p class=\"whitespace-pre-wrap break-words\">\u00c9crit en sanskrit, il se pr\u00e9sente sous la forme caract\u00e9ristique d&rsquo;un <strong><span style=\"color: #008080;\">dialogue entre Shiva et sa par\u00e8dre Parvati<\/span><\/strong>, format traditionnel o\u00f9 les enseignements les plus \u00e9sot\u00e9riques sont transmis. Cette forme litt\u00e9raire, commune dans les textes tantriques, symbolise l&rsquo;union de la conscience (Shiva) et de l&rsquo;\u00e9nergie (Shakti).<\/p>\n<p class=\"whitespace-pre-wrap break-words\">Le texte est consid\u00e9r\u00e9 comme une branche du Shiva-Svarodaya-Tantra, un trait\u00e9 plus vaste appartenant \u00e0 la tradition shiva\u00efte. Sa datation pr\u00e9cise reste difficile \u00e0 \u00e9tablir, comme pour de nombreux textes tantriques, mais les sp\u00e9cialistes le situent entre le <strong><span style=\"color: #008080;\">8\u00e8me et le 12\u00e8me si\u00e8cle de notre \u00e8re<\/span><\/strong>, p\u00e9riode d&rsquo;\u00e9panouissement du tantrisme en Inde.<\/p>\n<p class=\"whitespace-pre-wrap break-words\"><strong><span style=\"color: #008080;\">Sa transmission<\/span><\/strong> s&rsquo;est longtemps faite de ma\u00eetre \u00e0 disciple, pr\u00e9servant ainsi son authenticit\u00e9, avant d&rsquo;\u00eatre plus largement diffus\u00e9. Sa traduction en langues occidentales, notamment celle d&rsquo;Alain Dani\u00e9lou, a permis de faire conna\u00eetre ce texte majeur au-del\u00e0 des cercles traditionnels du yoga tantrique, tout en pr\u00e9servant la profondeur de son enseignement.<\/p>\n","protected":false},"excerpt":{"rendered":"<p>Au c\u0153ur du trait\u00e9 tantrique \u00ab\u00a0Shiva-Svarodaya\u00a0\u00bb (plus d&rsquo;infos en fin de page), le concept de swara se d\u00e9voile comme une science subtile et profonde. Bien plus qu&rsquo;une simple respiration, le swara repr\u00e9sente la manifestation m\u00eame du \u00ab\u00a0Verbe\u00a0\u00bb cr\u00e9ateur, \u00e9manant du principe \u00ab\u00a0\u00e9ther\u00a0\u00bb. Cette conception r\u00e9v\u00e8le la nature fondamentalement vibratoire et&#8230;<\/p>\n<p> <a class=\"continue-reading-link\" href=\"https:\/\/ekongkar.yoga\/?p=38540\"><span>Lire la suite&#8230;<\/span><i class=\"crycon-right-dir\"><\/i><\/a> <\/p>\n","protected":false},"author":2,"featured_media":38620,"comment_status":"closed","ping_status":"closed","sticky":false,"template":"","format":"standard","meta":{"fifu_image_url":"https:\/\/ekongkar.yoga\/wp-content\/uploads\/2024\/10\/swara-2-1.jpg","fifu_image_alt":"","footnotes":""},"categories":[15,38],"tags":[],"class_list":["post-38540","post","type-post","status-publish","format-standard","has-post-thumbnail","hentry","category-corps-energetique","category-pranayama"],"_links":{"self":[{"href":"https:\/\/ekongkar.yoga\/index.php?rest_route=\/wp\/v2\/posts\/38540","targetHints":{"allow":["GET"]}}],"collection":[{"href":"https:\/\/ekongkar.yoga\/index.php?rest_route=\/wp\/v2\/posts"}],"about":[{"href":"https:\/\/ekongkar.yoga\/index.php?rest_route=\/wp\/v2\/types\/post"}],"author":[{"embeddable":true,"href":"https:\/\/ekongkar.yoga\/index.php?rest_route=\/wp\/v2\/users\/2"}],"replies":[{"embeddable":true,"href":"https:\/\/ekongkar.yoga\/index.php?rest_route=%2Fwp%2Fv2%2Fcomments&post=38540"}],"version-history":[{"count":7,"href":"https:\/\/ekongkar.yoga\/index.php?rest_route=\/wp\/v2\/posts\/38540\/revisions"}],"predecessor-version":[{"id":38621,"href":"https:\/\/ekongkar.yoga\/index.php?rest_route=\/wp\/v2\/posts\/38540\/revisions\/38621"}],"wp:featuredmedia":[{"embeddable":true,"href":"https:\/\/ekongkar.yoga\/index.php?rest_route=\/wp\/v2\/media\/38620"}],"wp:attachment":[{"href":"https:\/\/ekongkar.yoga\/index.php?rest_route=%2Fwp%2Fv2%2Fmedia&parent=38540"}],"wp:term":[{"taxonomy":"category","embeddable":true,"href":"https:\/\/ekongkar.yoga\/index.php?rest_route=%2Fwp%2Fv2%2Fcategories&post=38540"},{"taxonomy":"post_tag","embeddable":true,"href":"https:\/\/ekongkar.yoga\/index.php?rest_route=%2Fwp%2Fv2%2Ftags&post=38540"}],"curies":[{"name":"wp","href":"https:\/\/api.w.org\/{rel}","templated":true}]}}