{"id":38521,"date":"2024-10-27T17:39:36","date_gmt":"2024-10-27T16:39:36","guid":{"rendered":"https:\/\/ekongkar.yoga\/?p=38521"},"modified":"2024-10-27T17:59:53","modified_gmt":"2024-10-27T16:59:53","slug":"la-vision-sans-tete-et-le-yoga-une-revolution-sur-le-tapis","status":"publish","type":"post","link":"https:\/\/ekongkar.yoga\/?p=38521","title":{"rendered":"La Vision Sans T\u00eate et le Yoga : une r\u00e9volution sur le tapis"},"content":{"rendered":"<p class=\"whitespace-pre-wrap break-words\">La Vision Sans T\u00eate, approche d\u00e9velopp\u00e9e par le philosophe Douglas Harding, nous invite \u00e0 une d\u00e9couverte r\u00e9volutionnaire : nous ne sommes pas le corps, nous ne sommes m\u00eame pas \u00ab\u00a0dans\u00a0\u00bb le corps &#8211; c&rsquo;est <strong><span style=\"color: #008080;\">le corps qui appara\u00eet en nous<\/span><\/strong>, dans l&rsquo;espace infini de la conscience que nous sommes v\u00e9ritablement.<\/p>\n<p class=\"whitespace-pre-wrap break-words\"><img loading=\"lazy\" decoding=\"async\" class=\" wp-image-38524 alignleft\" src=\"https:\/\/ekongkar.yoga\/wp-content\/uploads\/2024\/10\/157-300x300.jpg\" alt=\"\" width=\"380\" height=\"380\" srcset=\"https:\/\/ekongkar.yoga\/wp-content\/uploads\/2024\/10\/157-300x300.jpg 300w, https:\/\/ekongkar.yoga\/wp-content\/uploads\/2024\/10\/157-100x100.jpg 100w, https:\/\/ekongkar.yoga\/wp-content\/uploads\/2024\/10\/157-768x768.jpg 768w, https:\/\/ekongkar.yoga\/wp-content\/uploads\/2024\/10\/157-150x150.jpg 150w, https:\/\/ekongkar.yoga\/wp-content\/uploads\/2024\/10\/157-45x45.jpg 45w, https:\/\/ekongkar.yoga\/wp-content\/uploads\/2024\/10\/157.jpg 1024w\" sizes=\"auto, (max-width: 380px) 100vw, 380px\" \/>Cette compr\u00e9hension, que nous explorons en d\u00e9tail dans cet autre article (par lequel il serait pr\u00e9f\u00e9rable de commencer votre lecture):\u00a0 <a href=\"https:\/\/ekongkar.yoga\/?p=38519\">Quand le corps n&rsquo;est plus une prison &#8211; La Vision Sans T\u00eate<\/a>, n&rsquo;est pas qu&rsquo;une curiosit\u00e9 philosophique. Elle peut <strong><span style=\"color: #008080;\">transformer radicalement notre pratique du yoga<\/span><\/strong>.<\/p>\n<p class=\"whitespace-pre-wrap break-words\">Si nous ne sommes pas ce corps que nous pensons \u00ab\u00a0poss\u00e9der\u00a0\u00bb ou \u00ab\u00a0habiter\u00a0\u00bb, mais plut\u00f4t l&rsquo;espace de conscience dans lequel il appara\u00eet, comment cela transforme-t-il notre approche de cette discipline mill\u00e9naire dans son ensemble ? <strong><span style=\"color: #008080;\">Comment cette perspective peut-elle enrichir notre exp\u00e9rience sur le tapis et au-del\u00e0 ?<\/span><\/strong><\/p>\n<p class=\"whitespace-pre-wrap break-words\">Le yoga traditionnel vise l&rsquo;union du corps, du souffle et de l&rsquo;esprit &#8211; une r\u00e9alisation de notre vraie nature au-del\u00e0 des identifications limitantes. <strong><span style=\"color: #008080;\">La Vision Sans T\u00eate nous offre une approche directe et imm\u00e9diate de cette r\u00e9alisation.<\/span> <\/strong>Au lieu de voir le yoga comme un chemin vers cette r\u00e9alisation, nous pouvons partir de la r\u00e9alisation elle-m\u00eame : nous sommes d\u00e9j\u00e0 cet espace de conscience dans lequel tout appara\u00eet.<\/p>\n<p class=\"whitespace-pre-wrap break-words\">Imaginez votre prochaine pratique de yoga. Au lieu de vous voir comme une personne limit\u00e9e cherchant \u00e0 progresser spirituellement \u00e0 travers diverses techniques, reconnaissez-vous comme <strong><span style=\"color: #008080;\">l&rsquo;espace de conscience dans lequel toute exp\u00e9rience appara\u00eet<\/span><\/strong> &#8211; qu&rsquo;il s&rsquo;agisse de postures physiques, de respirations, de m\u00e9ditations ou de pens\u00e9es.<\/p>\n<p class=\"whitespace-pre-wrap break-words\">Dans Trikonasana, ce n&rsquo;est plus \u00ab\u00a0vous\u00a0\u00bb qui essayez d&rsquo;\u00e9tirer \u00ab\u00a0votre\u00a0\u00bb corps. C&rsquo;est la conscience qui se manifeste dans une forme triangulaire. Dans Vrksasana (la posture de l&rsquo;arbre), vous n&rsquo;\u00eates plus une personne luttant pour maintenir son \u00e9quilibre \u2013 vous \u00eates <strong><span style=\"color: #008080;\">l&rsquo;espace immobile dans lequel la danse de l&rsquo;\u00e9quilibre se joue<\/span><\/strong>.<\/p>\n<p class=\"whitespace-pre-wrap break-words\">Dans le pranayama, au lieu d&rsquo;\u00eatre \u00ab\u00a0quelqu&rsquo;un qui contr\u00f4le son souffle\u00a0\u00bb, d\u00e9couvrez-vous comme <strong><span style=\"color: #008080;\">l&rsquo;espace dans lequel la respiration appara\u00eet et dispara\u00eet<\/span><\/strong>. Le souffle devient alors un pont vivant entre le fini et l&rsquo;infini, entre la forme et le sans-forme, r\u00e9v\u00e9lant la pulsation m\u00eame de l&rsquo;\u00eatre.<\/p>\n<p class=\"whitespace-pre-wrap break-words\">Cette perspective lib\u00e8re la pratique de toute qu\u00eate de r\u00e9sultat, qu&rsquo;il soit physique, \u00e9nerg\u00e9tique ou spirituel. Il ne s&rsquo;agit plus d&rsquo;atteindre un \u00e9tat particulier ou de \u00ab\u00a0progresser\u00a0\u00bb vers un but distant. Chaque aspect de la pratique devient <strong><span style=\"color: #008080;\">une c\u00e9l\u00e9bration de la conscience s&rsquo;exprimant librement, spontan\u00e9ment<\/span><\/strong>, \u00e0 travers toutes les formes d&rsquo;exp\u00e9rience.<\/p>\n<p class=\"whitespace-pre-wrap break-words\">Les limitations physiques, les fluctuations du mental, les blocages \u00e9nerg\u00e9tiques ne sont plus des \u00ab\u00a0probl\u00e8mes \u00e0 r\u00e9soudre\u00a0\u00bb mais des expressions particuli\u00e8res de la conscience dans l&rsquo;instant. Cette acceptation profonde n&#8217;emp\u00eache pas l&rsquo;\u00e9volution naturelle de la pratique \u2013 au contraire, lib\u00e9r\u00e9e de la tension de l&rsquo;ego, <strong><span style=\"color: #008080;\">elle peut devenir plus authentique et plus profonde<\/span><\/strong>.<\/p>\n<p class=\"whitespace-pre-wrap break-words\"><strong><span style=\"color: #008080;\">Le yoga devient ainsi une exploration vivante de notre vraie nature<\/span><\/strong>. Dans chaque moment de pratique, nous pouvons :<\/p>\n<ul class=\"-mt-1 list-disc space-y-2 pl-8\">\n<li class=\"whitespace-normal break-words\">Observer comment toutes les exp\u00e9riences &#8211; physiques, \u00e9nerg\u00e9tiques, mentales &#8211; apparaissent dans l&rsquo;espace ouvert de la conscience<\/li>\n<li class=\"whitespace-normal break-words\">Noter comment m\u00eame les pens\u00e9es (\u00ab\u00a0je dois progresser\u00a0\u00bb, \u00ab\u00a0je n&rsquo;y arrive pas\u00a0\u00bb, \u00ab\u00a0je ne suis pas assez avanc\u00e9\u00a0\u00bb) sont simplement des \u00e9v\u00e9nements dans cet espace<\/li>\n<li class=\"whitespace-normal break-words\">Reconna\u00eetre que cet espace \u2013 notre vraie nature \u2013 reste inchang\u00e9, quelles que soient les exp\u00e9riences qui s&rsquo;y manifestent<\/li>\n<\/ul>\n<p class=\"whitespace-pre-wrap break-words\"><strong><span style=\"color: #008080;\">La pratique du yoga devient une danse sacr\u00e9e<\/span><\/strong> \u2013 la danse de l&rsquo;infini dans le fini, du sans-forme dans la forme. Chaque s\u00e9ance devient une opportunit\u00e9 de c\u00e9l\u00e9brer ce myst\u00e8re : comment la conscience illimit\u00e9e se manifeste \u00e0 travers toutes les dimensions de l&rsquo;exp\u00e9rience, comment l&rsquo;\u00e9ternel joue dans le temporel, comment l&rsquo;unit\u00e9 s&rsquo;exprime dans la multiplicit\u00e9.<\/p>\n<p class=\"whitespace-pre-wrap break-words\"><strong><span style=\"color: #993300;\">Et vous<\/span><\/strong>, la prochaine fois que vous vous engagerez dans votre pratique, pourquoi ne pas explorer cette perspective ? D\u00e9couvrez ce qui se passe quand vous pratiquez non plus comme une entit\u00e9 limit\u00e9e cherchant \u00e0 atteindre quelque chose, mais comme l&rsquo;espace illimit\u00e9 de conscience dans lequel tout appara\u00eet.<\/p>\n","protected":false},"excerpt":{"rendered":"<p>La Vision Sans T\u00eate, approche d\u00e9velopp\u00e9e par le philosophe Douglas Harding, nous invite \u00e0 une d\u00e9couverte r\u00e9volutionnaire : nous ne sommes pas le corps, nous ne sommes m\u00eame pas \u00ab\u00a0dans\u00a0\u00bb le corps &#8211; c&rsquo;est le corps qui appara\u00eet en nous, dans l&rsquo;espace infini de la conscience que nous sommes v\u00e9ritablement&#8230;.<\/p>\n<p> <a class=\"continue-reading-link\" href=\"https:\/\/ekongkar.yoga\/?p=38521\"><span>Lire la suite&#8230;<\/span><i class=\"crycon-right-dir\"><\/i><\/a> <\/p>\n","protected":false},"author":2,"featured_media":38525,"comment_status":"closed","ping_status":"closed","sticky":false,"template":"","format":"standard","meta":{"fifu_image_url":"https:\/\/ekongkar.yoga\/wp-content\/uploads\/2024\/10\/157.jpg","fifu_image_alt":"","footnotes":""},"categories":[35,36],"tags":[],"class_list":["post-38521","post","type-post","status-publish","format-standard","has-post-thumbnail","hentry","category-moment-present","category-non-dualite"],"_links":{"self":[{"href":"https:\/\/ekongkar.yoga\/index.php?rest_route=\/wp\/v2\/posts\/38521","targetHints":{"allow":["GET"]}}],"collection":[{"href":"https:\/\/ekongkar.yoga\/index.php?rest_route=\/wp\/v2\/posts"}],"about":[{"href":"https:\/\/ekongkar.yoga\/index.php?rest_route=\/wp\/v2\/types\/post"}],"author":[{"embeddable":true,"href":"https:\/\/ekongkar.yoga\/index.php?rest_route=\/wp\/v2\/users\/2"}],"replies":[{"embeddable":true,"href":"https:\/\/ekongkar.yoga\/index.php?rest_route=%2Fwp%2Fv2%2Fcomments&post=38521"}],"version-history":[{"count":4,"href":"https:\/\/ekongkar.yoga\/index.php?rest_route=\/wp\/v2\/posts\/38521\/revisions"}],"predecessor-version":[{"id":38531,"href":"https:\/\/ekongkar.yoga\/index.php?rest_route=\/wp\/v2\/posts\/38521\/revisions\/38531"}],"wp:featuredmedia":[{"embeddable":true,"href":"https:\/\/ekongkar.yoga\/index.php?rest_route=\/wp\/v2\/media\/38525"}],"wp:attachment":[{"href":"https:\/\/ekongkar.yoga\/index.php?rest_route=%2Fwp%2Fv2%2Fmedia&parent=38521"}],"wp:term":[{"taxonomy":"category","embeddable":true,"href":"https:\/\/ekongkar.yoga\/index.php?rest_route=%2Fwp%2Fv2%2Fcategories&post=38521"},{"taxonomy":"post_tag","embeddable":true,"href":"https:\/\/ekongkar.yoga\/index.php?rest_route=%2Fwp%2Fv2%2Ftags&post=38521"}],"curies":[{"name":"wp","href":"https:\/\/api.w.org\/{rel}","templated":true}]}}