{"id":38519,"date":"2024-10-27T16:47:11","date_gmt":"2024-10-27T15:47:11","guid":{"rendered":"https:\/\/ekongkar.yoga\/?p=38519"},"modified":"2024-10-27T21:03:17","modified_gmt":"2024-10-27T20:03:17","slug":"quand-le-corps-nest-plus-une-prison-la-vision-sans-tete","status":"publish","type":"post","link":"https:\/\/ekongkar.yoga\/?p=38519","title":{"rendered":"Quand le corps n&rsquo;est plus une prison &#8211; La Vision Sans T\u00eate"},"content":{"rendered":"<p><img loading=\"lazy\" decoding=\"async\" class=\" wp-image-38527 alignleft\" src=\"https:\/\/ekongkar.yoga\/wp-content\/uploads\/2024\/10\/180-300x300.jpg\" alt=\"\" width=\"380\" height=\"380\" srcset=\"https:\/\/ekongkar.yoga\/wp-content\/uploads\/2024\/10\/180-300x300.jpg 300w, https:\/\/ekongkar.yoga\/wp-content\/uploads\/2024\/10\/180-100x100.jpg 100w, https:\/\/ekongkar.yoga\/wp-content\/uploads\/2024\/10\/180-768x768.jpg 768w, https:\/\/ekongkar.yoga\/wp-content\/uploads\/2024\/10\/180-150x150.jpg 150w, https:\/\/ekongkar.yoga\/wp-content\/uploads\/2024\/10\/180-45x45.jpg 45w, https:\/\/ekongkar.yoga\/wp-content\/uploads\/2024\/10\/180.jpg 1024w\" sizes=\"auto, (max-width: 380px) 100vw, 380px\" \/>Dans les ann\u00e9es 1940, le philosophe anglais Douglas Harding fit une d\u00e9couverte qui <strong><span style=\"color: #008080;\">bouleversa sa perception de lui-m\u00eame et du monde<\/span><\/strong>.<\/p>\n<p>Inspir\u00e9 par l&rsquo;autoportrait du physicien Ernst Mach <em>(voir: <a href=\"https:\/\/fr.wikipedia.org\/wiki\/Vision_sans_t%C3%AAte#\/media\/Fichier:Ernst_Mach_Innenperspektive.png\">ici<\/a>)<\/em>, il r\u00e9alisa en observant son exp\u00e9rience directe qu&rsquo;il n&rsquo;avait \u00ab\u00a0pas de t\u00eate\u00a0\u00bb au centre de son champ de vision. Cette prise de conscience apparemment paradoxale donna naissance \u00e0 ce qu&rsquo;on appelle aujourd&rsquo;hui la <em>Vision Sans T\u00eate<\/em>, une approche de la conscience qui rejoint les intuitions des traditions contemplatives et spirituelles mill\u00e9naires, en invitant \u00e0 <strong><span style=\"color: #008080;\">exp\u00e9rimenter la r\u00e9alit\u00e9 depuis une perspective de pure conscience ouverte<\/span><\/strong> et sans ego.<\/p>\n<p class=\"font-600 text-xl font-bold\"><strong><span style=\"color: #993300;\">Une prison imaginaire ?<\/span><\/strong><\/p>\n<p>Prenons un instant pour observer notre relation habituelle avec notre corps. Nous disons naturellement \u00ab\u00a0je mesure 1m70\u00a0\u00bb, \u00ab\u00a0je p\u00e8se 72 kilos\u00a0\u00bb, \u00ab\u00a0j&rsquo;ai 55 ans\u00a0\u00bb. \u00c0 travers ces expressions quotidiennes se r\u00e9v\u00e8le une identification profond\u00e9ment ancr\u00e9e : <strong><span style=\"color: #008080;\">nous pensons \u00eatre ce corps, ou du moins \u00eatre enferm\u00e9s \u00e0 l&rsquo;int\u00e9rieur de lui<\/span><\/strong>. Cette croyance, si naturelle soit-elle, m\u00e9rite d&rsquo;\u00eatre questionn\u00e9e. Car elle fait de notre corps une prison, et de nous-m\u00eames des prisonniers condamn\u00e9s \u00e0 une existence limit\u00e9e, fragile et temporaire.<\/p>\n<p class=\"font-600 text-xl font-bold\"><strong><span style=\"color: #993300;\">Une simple exp\u00e9rience<\/span><\/strong><\/p>\n<p class=\"whitespace-pre-wrap break-words\">Je vous invite \u00e0 faire une exp\u00e9rience toute simple. Regardez vos pieds, vos jambes, votre ventre, votre poitrine, vos bras. Jusqu&rsquo;ici, tout est normal &#8211; vous voyez votre corps. Maintenant, <strong><span style=\"color: #008080;\">portez votre attention sur ce qui se trouve au-dessus de vos \u00e9paules<\/span><\/strong>, du point de vue de votre exp\u00e9rience directe. Que voyez-vous r\u00e9ellement ?<\/p>\n<p class=\"whitespace-pre-wrap break-words\">La plupart d&rsquo;entre nous seront surpris de constater qu&rsquo;il n&rsquo;y a&#8230; rien. Ou plut\u00f4t, <strong><span style=\"color: #008080;\">il y a un espace ouvert, transparent, sans limites<\/span><\/strong>, dans lequel apparaissent la pi\u00e8ce, les murs, les objets, et oui, aussi notre corps. Cet espace n&rsquo;a ni forme, ni taille, ni \u00e2ge &#8211; et pourtant, c&rsquo;est \u00e0 partir de lui que nous faisons l&rsquo;exp\u00e9rience de tout ce qui est.<\/p>\n<p class=\"font-600 text-xl font-bold\"><strong><span style=\"color: #993300;\">Le grand retournement<\/span><\/strong><\/p>\n<p class=\"whitespace-pre-wrap break-words\">Cette d\u00e9couverte simple mais profonde invite \u00e0 un v\u00e9ritable retournement de perspective. Au lieu d&rsquo;\u00eatre enferm\u00e9s dans un corps, <strong><span style=\"color: #008080;\">nous sommes l&rsquo;espace de conscience dans lequel ce corps &#8211; et tout le reste &#8211; appara\u00eet<\/span><\/strong>. Nous ne sommes pas dans le corps ; c&rsquo;est le corps qui est en nous.<\/p>\n<p class=\"whitespace-pre-wrap break-words\">Cette r\u00e9alisation n&rsquo;est pas qu&rsquo;un jeu intellectuel. Elle peut transformer radicalement notre exp\u00e9rience de la vie. Imaginez : <strong><span style=\"color: #008080;\">vous n&rsquo;\u00eates plus cette entit\u00e9 limit\u00e9e, vuln\u00e9rable, s\u00e9par\u00e9e du monde<\/span><\/strong>. Vous \u00eates l&rsquo;espace ouvert, accueillant, dans lequel se manifeste la danse de l&rsquo;existence tout enti\u00e8re.<\/p>\n<p class=\"font-600 text-xl font-bold\"><strong><span style=\"color: #993300;\">Au-del\u00e0 du petit corps<\/span><\/strong><\/p>\n<p class=\"whitespace-pre-wrap break-words\">Cette perspective nous invite \u00e0 reconsid\u00e9rer ce qu&rsquo;est v\u00e9ritablement notre \u00ab\u00a0corps\u00a0\u00bb. Si nous ne sommes pas limit\u00e9s \u00e0 cette forme physique, quel est notre v\u00e9ritable corps ? Les traditions spirituelles sugg\u00e8rent une r\u00e9ponse audacieuse :<strong><span style=\"color: #008080;\"> l&rsquo;univers entier est le corps de la conscience<\/span><\/strong>. Chaque sensation, chaque perception, chaque exp\u00e9rience &#8211; qu&rsquo;elle soit \u00ab\u00a0int\u00e9rieure\u00a0\u00bb ou \u00ab\u00a0ext\u00e9rieure\u00a0\u00bb &#8211; appara\u00eet dans et comme cet espace de conscience que nous sommes.<\/p>\n<p class=\"font-600 text-xl font-bold\"><strong><span style=\"color: #993300;\">Une pratique simple<\/span><\/strong><\/p>\n<p class=\"whitespace-pre-wrap break-words\">Comment mettre cette compr\u00e9hension en pratique ? Il ne s&rsquo;agit pas d&rsquo;adopter une nouvelle croyance, mais plut\u00f4t de <strong><span style=\"color: #008080;\">cultiver une attention particuli\u00e8re<\/span><\/strong>. \u00c0 tout moment, nous pouvons :<\/p>\n<ol class=\"-mt-1 list-decimal space-y-2 pl-8\">\n<li class=\"whitespace-normal break-words\">Noter notre tendance \u00e0 nous identifier au corps limit\u00e9<\/li>\n<li class=\"whitespace-normal break-words\">Porter doucement notre attention vers l&rsquo;espace de conscience \u00e0 partir duquel nous faisons l&rsquo;exp\u00e9rience du monde<\/li>\n<li class=\"whitespace-normal break-words\">Reconna\u00eetre que cet espace est notre vraie nature &#8211; vaste, ouvert, accueillant<\/li>\n<\/ol>\n<p class=\"font-600 text-xl font-bold\"><strong><span style=\"color: #993300;\">Une libert\u00e9 retrouv\u00e9e<\/span><\/strong><\/p>\n<p class=\"whitespace-pre-wrap break-words\">Cette pratique simple peut nous lib\u00e9rer de la prison imaginaire du corps. Non pas en niant le corps &#8211; qui reste un aspect pr\u00e9cieux de notre exp\u00e9rience &#8211; mais en reconnaissant notre vraie nature comme <strong><span style=\"color: #008080;\">l&rsquo;espace de conscience dans lequel le corps, et tout le reste, appara\u00eet<\/span><\/strong>.<\/p>\n<p class=\"whitespace-pre-wrap break-words\">Cette libert\u00e9 n&rsquo;est pas \u00e0 chercher dans un futur lointain ou apr\u00e8s des ann\u00e9es de pratique. Elle est l\u00e0, imm\u00e9diatement disponible, d\u00e8s que nous retournons notre attention vers notre vraie nature. <strong><span style=\"color: #008080;\">C&rsquo;est peut-\u00eatre le secret le mieux gard\u00e9 de l&rsquo;existence<\/span><\/strong> : la porte de la prison n&rsquo;a jamais \u00e9t\u00e9 ferm\u00e9e.<\/p>\n","protected":false},"excerpt":{"rendered":"<p>Dans les ann\u00e9es 1940, le philosophe anglais Douglas Harding fit une d\u00e9couverte qui bouleversa sa perception de lui-m\u00eame et du monde. Inspir\u00e9 par l&rsquo;autoportrait du physicien Ernst Mach (voir: ici), il r\u00e9alisa en observant son exp\u00e9rience directe qu&rsquo;il n&rsquo;avait \u00ab\u00a0pas de t\u00eate\u00a0\u00bb au centre de son champ de vision. Cette&#8230;<\/p>\n<p> <a class=\"continue-reading-link\" href=\"https:\/\/ekongkar.yoga\/?p=38519\"><span>Lire la suite&#8230;<\/span><i class=\"crycon-right-dir\"><\/i><\/a> <\/p>\n","protected":false},"author":2,"featured_media":38528,"comment_status":"closed","ping_status":"closed","sticky":false,"template":"","format":"standard","meta":{"fifu_image_url":"https:\/\/ekongkar.yoga\/wp-content\/uploads\/2024\/10\/180.jpg","fifu_image_alt":"","footnotes":""},"categories":[35,36],"tags":[],"class_list":["post-38519","post","type-post","status-publish","format-standard","has-post-thumbnail","hentry","category-moment-present","category-non-dualite"],"_links":{"self":[{"href":"https:\/\/ekongkar.yoga\/index.php?rest_route=\/wp\/v2\/posts\/38519","targetHints":{"allow":["GET"]}}],"collection":[{"href":"https:\/\/ekongkar.yoga\/index.php?rest_route=\/wp\/v2\/posts"}],"about":[{"href":"https:\/\/ekongkar.yoga\/index.php?rest_route=\/wp\/v2\/types\/post"}],"author":[{"embeddable":true,"href":"https:\/\/ekongkar.yoga\/index.php?rest_route=\/wp\/v2\/users\/2"}],"replies":[{"embeddable":true,"href":"https:\/\/ekongkar.yoga\/index.php?rest_route=%2Fwp%2Fv2%2Fcomments&post=38519"}],"version-history":[{"count":4,"href":"https:\/\/ekongkar.yoga\/index.php?rest_route=\/wp\/v2\/posts\/38519\/revisions"}],"predecessor-version":[{"id":38532,"href":"https:\/\/ekongkar.yoga\/index.php?rest_route=\/wp\/v2\/posts\/38519\/revisions\/38532"}],"wp:featuredmedia":[{"embeddable":true,"href":"https:\/\/ekongkar.yoga\/index.php?rest_route=\/wp\/v2\/media\/38528"}],"wp:attachment":[{"href":"https:\/\/ekongkar.yoga\/index.php?rest_route=%2Fwp%2Fv2%2Fmedia&parent=38519"}],"wp:term":[{"taxonomy":"category","embeddable":true,"href":"https:\/\/ekongkar.yoga\/index.php?rest_route=%2Fwp%2Fv2%2Fcategories&post=38519"},{"taxonomy":"post_tag","embeddable":true,"href":"https:\/\/ekongkar.yoga\/index.php?rest_route=%2Fwp%2Fv2%2Ftags&post=38519"}],"curies":[{"name":"wp","href":"https:\/\/api.w.org\/{rel}","templated":true}]}}