{"id":38503,"date":"2024-10-26T23:31:57","date_gmt":"2024-10-26T21:31:57","guid":{"rendered":"https:\/\/ekongkar.yoga\/?p=38503"},"modified":"2024-12-31T16:16:35","modified_gmt":"2024-12-31T15:16:35","slug":"leveil-du-regard-sans-tete-une-exploration-de-la-conscience-pure","status":"publish","type":"post","link":"https:\/\/ekongkar.yoga\/?p=38503","title":{"rendered":"L&rsquo;\u00c9veil du regard sans t\u00eate : une exploration de la conscience pure  (po\u00e8mes)"},"content":{"rendered":"<p>Dans la qu\u00eate de la compr\u00e9hension de soi, Douglas Harding a d\u00e9velopp\u00e9 une approche unique connue sous le nom de \u00ab\u00a0Vision sans t\u00eate\u00a0\u00bb. Cette perspective invite \u00e0 <strong><span style=\"color: #008080;\">explorer notre v\u00e9ritable nature<\/span><\/strong> au-del\u00e0 des limites de notre perception habituelle. <em>En savoir plus: <a href=\"https:\/\/ekongkar.yoga\/?p=12080\">\u00ab Vivre sans t\u00eate \u00bb de Douglas Harding<\/a>.<\/em><\/p>\n<p>Les deux po\u00e8mes qui suivent s&rsquo;inspirent profond\u00e9ment de cette philosophie, offrant <strong><span style=\"color: #008080;\">une plong\u00e9e dans l&rsquo;exp\u00e9rience de la conscience pure<\/span><\/strong>.<\/p>\n<p>Ces vers \u00e9voquent <strong><span style=\"color: #008080;\">un \u00e9tat de conscience o\u00f9 les fronti\u00e8res entre l&rsquo;observateur et l&rsquo;observ\u00e9 s&rsquo;estompent<\/span><\/strong>, r\u00e9v\u00e9lant un espace vaste et ouvert qui englobe tout. Ils nous invitent \u00e0 nous reconna\u00eetre non pas comme des \u00eatres limit\u00e9s par notre corps ou notre pens\u00e9e, mais comme la conscience elle-m\u00eame &#8211; un champ infini o\u00f9 le monde entier appara\u00eet et dispara\u00eet.<\/p>\n<p>\u00c0 travers ces po\u00e8mes, nous sommes convi\u00e9s \u00e0 explorer cette <strong><span style=\"color: #008080;\">perspective radicalement diff\u00e9rente de notre existence<\/span><\/strong>. Ils nous encouragent \u00e0 nous voir non pas comme des individus s\u00e9par\u00e9s, mais comme l&rsquo;espace m\u00eame dans lequel toute exp\u00e9rience se manifeste. Cette vision de la \u00ab\u00a0Vision sans t\u00eate\u00a0\u00bb offre une fen\u00eatre sur une r\u00e9alit\u00e9 o\u00f9 l&rsquo;unit\u00e9 fondamentale de toute chose est r\u00e9v\u00e9l\u00e9e dans la clart\u00e9 du regard retourn\u00e9 sur lui-m\u00eame.<\/p>\n<div class=\"mks_col \"><div class=\"mks_one_half \"><img loading=\"lazy\" decoding=\"async\" class=\"alignnone wp-image-38508\" src=\"https:\/\/ekongkar.yoga\/wp-content\/uploads\/2024\/10\/21-300x300.jpg\" alt=\"\" width=\"380\" height=\"380\" srcset=\"https:\/\/ekongkar.yoga\/wp-content\/uploads\/2024\/10\/21-300x300.jpg 300w, https:\/\/ekongkar.yoga\/wp-content\/uploads\/2024\/10\/21-100x100.jpg 100w, https:\/\/ekongkar.yoga\/wp-content\/uploads\/2024\/10\/21-768x768.jpg 768w, https:\/\/ekongkar.yoga\/wp-content\/uploads\/2024\/10\/21-150x150.jpg 150w, https:\/\/ekongkar.yoga\/wp-content\/uploads\/2024\/10\/21-45x45.jpg 45w, https:\/\/ekongkar.yoga\/wp-content\/uploads\/2024\/10\/21.jpg 800w\" sizes=\"auto, (max-width: 380px) 100vw, 380px\" \/><\/p>\n<p><strong><span style=\"color: #008080;\">\u00c0 la source du regard<\/span><\/strong><\/p>\n<p>Dans le calme d\u2019un regard retourn\u00e9,<br \/>\nO\u00f9 se m\u00ealent silence et ouverture,<br \/>\nJe d\u00e9couvre un espace sans contours,<br \/>\nNi forme, ni visage \u00e0 cerner.<\/p>\n<p>Ici, point de t\u00eate, point de fin,<br \/>\nSeulement un champ vaste et nu,<br \/>\nO\u00f9 le monde entier vient s\u2019abreuver,<br \/>\n\u00c0 la source d\u2019un regard sans retenue.<\/p>\n<p>Tout s\u2019\u00e9l\u00e8ve en ce clair miroir,<br \/>\nSans voile, ni masque, ni nom,<br \/>\nLes formes dansent sans fronti\u00e8res,<br \/>\nDans l\u2019\u00e9clat pur de l\u2019union.<\/p>\n<p>\u00d4 conscience sans origine,<br \/>\nO\u00f9 le monde se fond et rena\u00eet,<br \/>\nQui suis-je, sinon ce vide aimant,<br \/>\nCe vaste ciel o\u00f9 tout appara\u00eet ?<\/p>\n<p>Sans limite ni s\u00e9paration,<br \/>\nJe suis l\u2019oc\u00e9an et la rive,<br \/>\nUn espace libre de toute notion,<br \/>\nO\u00f9 seul le pr\u00e9sent s\u2019\u00e9veille\u00a0et\u00a0s\u2019\u00e9panouit.<\/p>\n<\/div><div class=\"mks_one_half \">\n<p><img loading=\"lazy\" decoding=\"async\" class=\"alignnone wp-image-38509\" src=\"https:\/\/ekongkar.yoga\/wp-content\/uploads\/2024\/10\/2-300x300.jpg\" alt=\"\" width=\"380\" height=\"380\" srcset=\"https:\/\/ekongkar.yoga\/wp-content\/uploads\/2024\/10\/2-300x300.jpg 300w, https:\/\/ekongkar.yoga\/wp-content\/uploads\/2024\/10\/2-100x100.jpg 100w, https:\/\/ekongkar.yoga\/wp-content\/uploads\/2024\/10\/2-768x768.jpg 768w, https:\/\/ekongkar.yoga\/wp-content\/uploads\/2024\/10\/2-150x150.jpg 150w, https:\/\/ekongkar.yoga\/wp-content\/uploads\/2024\/10\/2-45x45.jpg 45w, https:\/\/ekongkar.yoga\/wp-content\/uploads\/2024\/10\/2.jpg 800w\" sizes=\"auto, (max-width: 380px) 100vw, 380px\" \/><\/p>\n<p><strong><span style=\"color: #008080;\">La conscience sans visage<\/span><\/strong><\/p>\n<p>Ici, couch\u00e9 sans visage, sans nom,<br \/>\nCe n\u2019est pas lui qui contemple l\u2019horizon.<br \/>\nC\u2019est la conscience, pure, vaste, ouverte,<br \/>\nQui s\u2019\u00e9coule par ce regard sans t\u00eate.<\/p>\n<p>Je ne suis pas l\u2019homme allong\u00e9,<br \/>\nMais l\u2019espace o\u00f9 tout peut \u00e9merger.<br \/>\nPlan\u00e8tes, \u00e9toiles, et galaxies,<br \/>\nDansent dans ce vide sans lui.<\/p>\n<p>Sans fronti\u00e8re, ni contour, ni fin,<br \/>\nJe suis le champ o\u00f9 le monde s\u2019incline.<br \/>\nUn miroir vivant, sans reflet, sans \u00e9treinte,<br \/>\nO\u00f9 l\u2019infini se d\u00e9couvre et se feinte.<\/p>\n<p>La terre, l\u2019herbe, le ciel et l\u2019espace,<br \/>\nTout appara\u00eet dans un souffle sans place.<br \/>\nPas de lien, pas de s\u00e9paration,<br \/>\nUni par la pure observation.<\/p>\n<p>Je ne suis pas ce corps, ni cette pens\u00e9e,<br \/>\nMais l\u2019\u00e9tendue o\u00f9 naissent et meurent les id\u00e9es.<br \/>\nLe monde entier coule dans ce regard,<br \/>\nSans centre, sans bord, ni histoire.<\/p>\n<p>Je suis la source et l\u2019oc\u00e9an,<br \/>\nLe regard clair o\u00f9 tout se prend,<br \/>\nUn silence sans fin, une douce clart\u00e9,<br \/>\nL\u00e0 o\u00f9 le soi et l\u2019univers\u00a0sont\u00a0unifi\u00e9s.<\/div><\/div>\n","protected":false},"excerpt":{"rendered":"<p>Dans la qu\u00eate de la compr\u00e9hension de soi, Douglas Harding a d\u00e9velopp\u00e9 une approche unique connue sous le nom de \u00ab\u00a0Vision sans t\u00eate\u00a0\u00bb. Cette perspective invite \u00e0 explorer notre v\u00e9ritable nature au-del\u00e0 des limites de notre perception habituelle. En savoir plus: \u00ab Vivre sans t\u00eate \u00bb de Douglas Harding. Les&#8230;<\/p>\n<p> <a class=\"continue-reading-link\" href=\"https:\/\/ekongkar.yoga\/?p=38503\"><span>Lire la suite&#8230;<\/span><i class=\"crycon-right-dir\"><\/i><\/a> <\/p>\n","protected":false},"author":2,"featured_media":38510,"comment_status":"closed","ping_status":"closed","sticky":false,"template":"","format":"standard","meta":{"fifu_image_url":"https:\/\/ekongkar.yoga\/wp-content\/uploads\/2024\/10\/2.jpg","fifu_image_alt":"","footnotes":""},"categories":[35,36,103],"tags":[],"class_list":["post-38503","post","type-post","status-publish","format-standard","has-post-thumbnail","hentry","category-moment-present","category-non-dualite","category-portraits-sacres"],"_links":{"self":[{"href":"https:\/\/ekongkar.yoga\/index.php?rest_route=\/wp\/v2\/posts\/38503","targetHints":{"allow":["GET"]}}],"collection":[{"href":"https:\/\/ekongkar.yoga\/index.php?rest_route=\/wp\/v2\/posts"}],"about":[{"href":"https:\/\/ekongkar.yoga\/index.php?rest_route=\/wp\/v2\/types\/post"}],"author":[{"embeddable":true,"href":"https:\/\/ekongkar.yoga\/index.php?rest_route=\/wp\/v2\/users\/2"}],"replies":[{"embeddable":true,"href":"https:\/\/ekongkar.yoga\/index.php?rest_route=%2Fwp%2Fv2%2Fcomments&post=38503"}],"version-history":[{"count":6,"href":"https:\/\/ekongkar.yoga\/index.php?rest_route=\/wp\/v2\/posts\/38503\/revisions"}],"predecessor-version":[{"id":38736,"href":"https:\/\/ekongkar.yoga\/index.php?rest_route=\/wp\/v2\/posts\/38503\/revisions\/38736"}],"wp:featuredmedia":[{"embeddable":true,"href":"https:\/\/ekongkar.yoga\/index.php?rest_route=\/wp\/v2\/media\/38510"}],"wp:attachment":[{"href":"https:\/\/ekongkar.yoga\/index.php?rest_route=%2Fwp%2Fv2%2Fmedia&parent=38503"}],"wp:term":[{"taxonomy":"category","embeddable":true,"href":"https:\/\/ekongkar.yoga\/index.php?rest_route=%2Fwp%2Fv2%2Fcategories&post=38503"},{"taxonomy":"post_tag","embeddable":true,"href":"https:\/\/ekongkar.yoga\/index.php?rest_route=%2Fwp%2Fv2%2Ftags&post=38503"}],"curies":[{"name":"wp","href":"https:\/\/api.w.org\/{rel}","templated":true}]}}