{"id":38344,"date":"2024-09-23T00:08:55","date_gmt":"2024-09-22T22:08:55","guid":{"rendered":"https:\/\/ekongkar.yoga\/?p=38344"},"modified":"2024-10-27T15:55:03","modified_gmt":"2024-10-27T14:55:03","slug":"emerveillement-et-simplicite-la-pleine-conscience-au-quotidien","status":"publish","type":"post","link":"https:\/\/ekongkar.yoga\/?p=38344","title":{"rendered":"\u00c9merveillement et simplicit\u00e9 : la Pleine Conscience au quotidien"},"content":{"rendered":"<p><strong><span style=\"color: #993300;\"><img loading=\"lazy\" decoding=\"async\" class=\"wp-image-38349 alignleft\" src=\"https:\/\/ekongkar.yoga\/wp-content\/uploads\/2024\/09\/lesly-juarez-DFtjXYd5Pto-unsplash-300x200.jpg\" alt=\"\" width=\"380\" height=\"253\" srcset=\"https:\/\/ekongkar.yoga\/wp-content\/uploads\/2024\/09\/lesly-juarez-DFtjXYd5Pto-unsplash-300x200.jpg 300w, https:\/\/ekongkar.yoga\/wp-content\/uploads\/2024\/09\/lesly-juarez-DFtjXYd5Pto-unsplash-100x67.jpg 100w, https:\/\/ekongkar.yoga\/wp-content\/uploads\/2024\/09\/lesly-juarez-DFtjXYd5Pto-unsplash-768x512.jpg 768w, https:\/\/ekongkar.yoga\/wp-content\/uploads\/2024\/09\/lesly-juarez-DFtjXYd5Pto-unsplash-150x100.jpg 150w, https:\/\/ekongkar.yoga\/wp-content\/uploads\/2024\/09\/lesly-juarez-DFtjXYd5Pto-unsplash.jpg 1024w\" sizes=\"auto, (max-width: 380px) 100vw, 380px\" \/>La pleine conscience : une\u00a0approche unique\u00a0de la m\u00e9ditation<\/span><\/strong><\/p>\n<p>La m\u00e9ditation de pleine conscience est souvent mal comprise. On pourrait croire qu&rsquo;il s&rsquo;agit de relaxation, mais en r\u00e9alit\u00e9, c&rsquo;est diff\u00e9rent. M\u00eame si elle peut \u00eatre utilis\u00e9e comme un outil de gestion du stress, <strong><span style=\"color: #008080;\">la pleine conscience se distingue de la relaxation dans le sens o\u00f9 elle ne cherche pas \u00e0 induire une d\u00e9tente imm\u00e9diate ou \u00e0 provoquer un bien-\u00eatre instantan\u00e9<\/span><\/strong>\u00a0(photo de <a href=\"https:\/\/unsplash.com\/fr\/@jblesly?utm_content=creditCopyText&amp;utm_medium=referral&amp;utm_source=unsplash\">Lesly Juarez<\/a> sur <a href=\"https:\/\/unsplash.com\/fr\/photos\/papier-imprime-de-pleine-conscience-pres-de-la-fenetre-DFtjXYd5Pto?utm_content=creditCopyText&amp;utm_medium=referral&amp;utm_source=unsplash\">Unsplash<\/a>).<\/p>\n<p>La m\u00e9ditation, dans son ensemble, est un champ tr\u00e8s vaste. On peut m\u00e9diter sur la compassion, sur Dieu, sur la vie, sur la mort. Cependant, <strong><span style=\"color: #008080;\">la pleine conscience se concentre sur l&rsquo;instant pr\u00e9sent.<\/span><\/strong> Il s&rsquo;agit d&rsquo;arr\u00eater de faire, de r\u00e9agir, d&rsquo;agir ou de se divertir, pour simplement se sentir vivre, seconde apr\u00e8s seconde, et observer ce qui se passe en soi et autour de soi. Cela implique une pr\u00e9sence totale, accompagn\u00e9e d&rsquo;une certaine distance int\u00e9rieure <em>(inspiration libre de l&rsquo;interview de Christophe Andre\u0301 &#8211; <a href=\"https:\/\/www.youtube.com\/watch?v=MyFKJ0KsiQw\">Introduction \u00e0 la m\u00e9ditation en pleine conscience<\/a>)<\/em><\/p>\n<p>Contrairement \u00e0 ce que l&rsquo;on pourrait penser, la pleine conscience n&rsquo;est pas une d\u00e9marche intellectuelle. En Occident, le terme \u00ab\u00a0m\u00e9ditation\u00a0\u00bb est souvent associ\u00e9 \u00e0 une r\u00e9flexion intellectuelle profonde, comme les m\u00e9ditations des philosophes ou des po\u00e8tes sur le sens de la vie. Ce type de m\u00e9ditation fait effectivement partie d&rsquo;une tradition m\u00e9ditative, mais la pleine conscience suit une voie presque oppos\u00e9e. <strong><span style=\"color: #008080;\">L&rsquo;objectif est de suspendre tout jugement et d&rsquo;essayer, dans la mesure du possible, de mettre l&rsquo;intellect de c\u00f4t\u00e9.<\/span><\/strong> Bien s\u00fbr, il est impossible d&rsquo;arr\u00eater compl\u00e8tement l&rsquo;activit\u00e9 mentale, mais l&rsquo;id\u00e9e est de prendre un peu de recul et de se concentrer davantage sur le ressenti.<\/p>\n<p>De nombreuses personnes qui rejoignent des groupes de m\u00e9ditation s&rsquo;attendent \u00e0 une d\u00e9marche intellectuelle ou psychologique. Mais ce qu&rsquo;on leur propose, c&rsquo;est de se reconnecter \u00e0 leur corps : ressentir leur souffle, sentir les sensations physiques. La pleine conscience n&rsquo;est donc pas une approche purement intellectuelle, mais bien <strong><span style=\"color: #008080;\">une exploration de l&rsquo;exp\u00e9rience corporelle et sensorielle<\/span><\/strong>.<\/p>\n<p><strong><span style=\"color: #993300;\">Vivre pleinement : l&rsquo;essence de la m\u00e9ditation de pleine conscience<\/span><\/strong><\/p>\n<p>La m\u00e9ditation de pleine conscience ne consiste pas \u00e0 s\u2019arr\u00eater de vivre, mais \u00e0 se regarder vivre, \u00e0 se voir et \u00e0 se sentir pleinement. Nos activit\u00e9s quotidiennes mobilisent souvent toute notre \u00e9nergie et orientent notre attention vers l\u2019ext\u00e9rieur : atteindre des objectifs, obtenir ce que l\u2019on souhaite, se rendre disponible aux autres, g\u00e9rer les obligations comme les courses, la cuisine, le travail. Dans ce tourbillon, <strong><span style=\"color: #008080;\">il est facile d\u2019oublier de s\u2019arr\u00eater<\/span> <\/strong>pour ressentir, pour savourer les moments agr\u00e9ables ou affronter avec lucidit\u00e9 les moments plus difficiles, sans chercher \u00e0 les fuir.<\/p>\n<p>La pratique r\u00e9guli\u00e8re de la pleine conscience ajoute, en ce sens, une densit\u00e9 \u00e0 nos existences. Elle nous rend plus pr\u00e9sents \u00e0 ce qu\u2019est r\u00e9ellement notre vie, et nous permet de<strong><span style=\"color: #008080;\"> r\u00e9aliser la chance extraordinaire que nous avons d\u2019\u00eatre vivants<\/span><\/strong>. Il s\u2019agit de ne pas simplement vivre m\u00e9caniquement, mais de vivre en \u00e9tant pleinement conscients de chaque instant, qu\u2019il soit agr\u00e9able ou non.<\/p>\n<p><strong><span style=\"color: #993300;\"><img loading=\"lazy\" decoding=\"async\" class=\" wp-image-38352 alignleft\" src=\"https:\/\/ekongkar.yoga\/wp-content\/uploads\/2024\/09\/toni-reed-BmwEhjQBmyU-unsplash-300x199.jpg\" alt=\"\" width=\"380\" height=\"252\" srcset=\"https:\/\/ekongkar.yoga\/wp-content\/uploads\/2024\/09\/toni-reed-BmwEhjQBmyU-unsplash-300x199.jpg 300w, https:\/\/ekongkar.yoga\/wp-content\/uploads\/2024\/09\/toni-reed-BmwEhjQBmyU-unsplash-100x66.jpg 100w, https:\/\/ekongkar.yoga\/wp-content\/uploads\/2024\/09\/toni-reed-BmwEhjQBmyU-unsplash-768x510.jpg 768w, https:\/\/ekongkar.yoga\/wp-content\/uploads\/2024\/09\/toni-reed-BmwEhjQBmyU-unsplash-150x100.jpg 150w, https:\/\/ekongkar.yoga\/wp-content\/uploads\/2024\/09\/toni-reed-BmwEhjQBmyU-unsplash.jpg 1024w\" sizes=\"auto, (max-width: 380px) 100vw, 380px\" \/>La pleine conscience au\u00a0quotidien : une\u00a0pratique accessible \u00e0 tous<\/span><\/strong><\/p>\n<p>La m\u00e9ditation, contrairement \u00e0 ce que l\u2019on pourrait penser, n\u2019implique pas de se retirer du monde. Certains, comme les moines ou les personnes consacr\u00e9es \u00e0 la vie contemplative, choisissent de s\u2019extraire de la vie quotidienne pour se connecter au divin ou aux grands principes qui r\u00e9gissent notre existence. C\u2019est un choix courageux et radical. Mais dans la pleine conscience,<strong><span style=\"color: #008080;\"> l\u2019id\u00e9e est de continuer \u00e0 mener nos existences ordinaires tout en \u00e9tant plus pr\u00e9sents \u00e0 chaque moment<\/span><\/strong>, qu\u2019il s\u2019agisse de moments de gr\u00e2ce ou de moments de difficult\u00e9 (photo de <a href=\"https:\/\/unsplash.com\/fr\/@trfotos?utm_content=creditCopyText&amp;utm_medium=referral&amp;utm_source=unsplash\">Toni Reed<\/a> sur <a href=\"https:\/\/unsplash.com\/fr\/photos\/silhouette-dune-personne-assise-sur-un-banc-pres-dun-plan-deau-pendant-la-journee-BmwEhjQBmyU?utm_content=creditCopyText&amp;utm_medium=referral&amp;utm_source=unsplash\">Unsplash<\/a>).<\/p>\n<p>Il est important de comprendre que la m\u00e9ditation ne supprime pas la souffrance, mais elle modifie l\u2019impact qu\u2019elle a sur nous. Gr\u00e2ce \u00e0 cette pratique, la souffrance ne nous asservit plus autant, elle ne nous d\u00e9molit pas de la m\u00eame mani\u00e8re. Elle permet de ne pas perdre notre humanit\u00e9 face \u00e0 la douleur, de ne pas nous en \u00e9loigner. Ainsi, <strong><span style=\"color: #008080;\">la pleine conscience nous met en contact permanent avec la vie<\/span><\/strong>, nous aidant \u00e0 mieux traverser ses hauts et ses bas.<\/p>\n<p><strong><span style=\"color: #993300;\">La respiration : l&rsquo;ancre de la pleine conscience<\/span><\/strong><\/p>\n<p>Quant \u00e0 la pratique elle-m\u00eame, <strong><span style=\"color: #008080;\">la respiration est au c\u0153ur de la m\u00e9ditation de pleine conscience<\/span><\/strong>. C\u2019est un ancrage essentiel. La respiration, en tant que fonction vitale, est toujours avec nous. Elle devient un point de focalisation, une ancre qui nous permet de revenir \u00e0 l\u2019instant pr\u00e9sent chaque fois que notre esprit s\u2019\u00e9gare. Elle nous rappelle que nous sommes vivants, ici et maintenant, et que nous pouvons toujours revenir \u00e0 cette simplicit\u00e9.<\/p>\n<p>Dans la pleine conscience, <strong><span style=\"color: #008080;\">chaque respiration devient une opportunit\u00e9 de se reconnecter \u00e0 soi-m\u00eame<\/span><\/strong> et au moment pr\u00e9sent. C\u2019est un point de d\u00e9part essentiel pour cultiver une pr\u00e9sence attentive \u00e0 tout ce que nous vivons, sans jugement ni attente, simplement en accueillant ce qui est, \u00e0 chaque instant.<\/p>\n<p><strong><span style=\"color: #993300;\">Le d\u00e9fi de la m\u00e9ditation : faire face au tumulte int\u00e9rieur<\/span><\/strong><\/p>\n<p>La m\u00e9ditation peut para\u00eetre simple en apparence, mais elle r\u00e9v\u00e8le rapidement \u00e0 quel point il est difficile de ne rien faire. Lorsqu\u2019on s&rsquo;assoit pour m\u00e9diter, les attentes sont souvent trompeuses. On esp\u00e8re que le calme viendra en se retirant de l\u2019agitation du monde ext\u00e9rieur, que notre esprit fera le vide. Cependant, ce qui se produit la plupart du temps, c\u2019est l\u2019inverse : un v\u00e9ritable tumulte int\u00e9rieur se manifeste. <strong><span style=\"color: #008080;\">Nos pens\u00e9es jaillissent dans toutes les directions, sans r\u00e9pit.<\/span><\/strong> Cela s\u2019explique par la nature m\u00eame de notre esprit, qui est une machine \u00e0 fabriquer des pens\u00e9es. Cette activit\u00e9 mentale incessante, que l\u2019on appelle souvent le \u00ab\u00a0bavardage de l\u2019esprit\u00a0\u00bb, se d\u00e9ploie sans que nous puissions l\u2019arr\u00eater.<\/p>\n<div class=\"mks_col \">\n<div class=\"mks_one_half \">Le c\u0153ur de la m\u00e9ditation consiste \u00e0 ne pas se laisser emporter par ce flot de pens\u00e9es. Que faire lorsque notre esprit divague vers ce que nous allons manger ce soir, les courses \u00e0 faire, ou encore les r\u00e9flexions sur une conversation pass\u00e9e ou un \u00e9v\u00e9nement futur ? L\u2019exercice central de la m\u00e9ditation est d\u2019ancrer notre attention dans le moment pr\u00e9sent, de <strong><span style=\"color: #008080;\">revenir \u00e0 ce que nous ressentons ici et maintenant<\/span><\/strong>.<\/div>\n<div class=\"mks_one_half \">\n<iframe loading=\"lazy\" title=\"YouTube video player\" src=\"https:\/\/www.youtube.com\/embed\/MyFKJ0KsiQw?si=HneWk9ODZSx9eaID\" width=\"560\" height=\"238\" frameborder=\"0\" allowfullscreen=\"allowfullscreen\"><\/iframe><br \/>\n<\/div>\n<\/div>\n<p>Pour cela, il est souvent recommand\u00e9 de concentrer son attention sur quelque chose de concret. La respiration est un point d\u2019ancrage privil\u00e9gi\u00e9. Il ne s\u2019agit pas de la modifier ou de la contr\u00f4ler, mais simplement d\u2019en prendre conscience, d\u2019observer le va-et-vient naturel de notre souffle. Cet ancrage dans la respiration nous aide \u00e0 rester pr\u00e9sents, m\u00eame lorsque notre esprit tente de s\u2019\u00e9vader.<\/p>\n<p>La m\u00e9ditation ne r\u00e9side pas dans l\u2019intellectualisation d&rsquo;un concept, mais dans la pratique elle-m\u00eame. De la m\u00eame mani\u00e8re que comprendre le concept du v\u00e9lo ne fait pas de bien \u00e0 notre sant\u00e9, ce n\u2019est que le fait de p\u00e9daler qui en procure les bienfaits. Il en va de m\u00eame pour la m\u00e9ditation :<strong><span style=\"color: #008080;\"> ce n\u2019est pas l\u2019id\u00e9e de la m\u00e9ditation qui est b\u00e9n\u00e9fique, mais le fait de la pratiquer r\u00e9guli\u00e8rement.<\/span><\/strong><\/p>\n<p><strong><span style=\"color: #993300;\"><img loading=\"lazy\" decoding=\"async\" class=\" wp-image-38353 alignleft\" src=\"https:\/\/ekongkar.yoga\/wp-content\/uploads\/2024\/09\/abdrahim-oulfakir-1jzQyIaRuwk-unsplash-300x199.jpg\" alt=\"\" width=\"380\" height=\"252\" srcset=\"https:\/\/ekongkar.yoga\/wp-content\/uploads\/2024\/09\/abdrahim-oulfakir-1jzQyIaRuwk-unsplash-300x199.jpg 300w, https:\/\/ekongkar.yoga\/wp-content\/uploads\/2024\/09\/abdrahim-oulfakir-1jzQyIaRuwk-unsplash-100x66.jpg 100w, https:\/\/ekongkar.yoga\/wp-content\/uploads\/2024\/09\/abdrahim-oulfakir-1jzQyIaRuwk-unsplash-768x510.jpg 768w, https:\/\/ekongkar.yoga\/wp-content\/uploads\/2024\/09\/abdrahim-oulfakir-1jzQyIaRuwk-unsplash-150x100.jpg 150w, https:\/\/ekongkar.yoga\/wp-content\/uploads\/2024\/09\/abdrahim-oulfakir-1jzQyIaRuwk-unsplash.jpg 1024w\" sizes=\"auto, (max-width: 380px) 100vw, 380px\" \/>Int\u00e9grer la pleine conscience dans le quotidien<\/span><\/strong><\/p>\n<p>M\u00e9diter en pleine conscience consiste \u00e0 bouleverser nos automatismes quotidiens, ces gestes r\u00e9p\u00e9titifs qui r\u00e9gissent souvent nos vies. Lorsque nous rentrons chez nous le soir, nous avons tendance \u00e0 suivre des sch\u00e9mas pr\u00e9\u00e9tablis : poser nos cl\u00e9s toujours au m\u00eame endroit, retirer nos chaussures, v\u00e9rifier le courrier, \u00e9couter nos messages, pr\u00e9parer le repas, etc. Ces automatismes sont n\u00e9cessaires pour faciliter notre quotidien, mais la pleine conscience nous invite \u00e0 les revisiter. En introduisant de la pleine conscience dans notre quotidien, nous rompons avec ces habitudes et nous cr\u00e9ons des moments de pr\u00e9sence (photo de <a href=\"https:\/\/unsplash.com\/fr\/@abdskrzoul?utm_content=creditCopyText&amp;utm_medium=referral&amp;utm_source=unsplash\">Abdrahim Oulfakir<\/a> sur <a href=\"https:\/\/unsplash.com\/fr\/photos\/homme-en-polo-raye-rouge-et-bleu-assis-sur-le-terrain-dherbe-verte-pendant-la-journee-1jzQyIaRuwk?utm_content=creditCopyText&amp;utm_medium=referral&amp;utm_source=unsplash\">Unsplash<\/a>).<\/p>\n<p>Par exemple, il est souvent sugg\u00e9r\u00e9, lorsqu&rsquo;on rentre chez soi, de s&rsquo;asseoir quelques minutes dans une pi\u00e8ce que l\u2019on appr\u00e9cie. Prenons cinq \u00e0 dix minutes pour nous connecter \u00e0 notre respiration, \u00e9couter les bruits ambiants que l\u2019on n\u2019entend peut-\u00eatre jamais \u00e0 ce moment pr\u00e9cis de la journ\u00e9e. Il ne s\u2019agit pas de modifier quoi que ce soit, mais simplement de pr\u00eater attention \u00e0 l\u2019instant pr\u00e9sent. Ce m\u00eame exercice peut s\u2019appliquer \u00e0 d\u2019autres moments : lorsque nous sommes dans une salle d\u2019attente, au lieu de lire des magazines ou de consulter nos messages, il est possible de se recentrer sur soi, de se demander ce que l\u2019on ressent et de s&rsquo;ancrer dans l\u2019instant. <strong><span style=\"color: #008080;\">Plut\u00f4t que de se perdre dans des pr\u00e9occupations inutiles, on peut choisir de s\u2019arr\u00eater et de se reconnecter \u00e0 soi-m\u00eame, \u00e0 son v\u00e9cu ici et maintenant.<\/span><\/strong><\/p>\n<p>La m\u00e9ditation est donc une d\u00e9marche introspective, mais \u00e9galement une ouverture \u00e0 ce qui nous entoure. Elle nous permet de quitter nos pr\u00e9occupations et nos attentes pour nous immerger pleinement dans l\u2019instant pr\u00e9sent. Ce n\u2019est pas seulement un retour sur soi, mais aussi <strong><span style=\"color: #008080;\">une connexion plus profonde avec le monde<\/span><\/strong>.<\/p>\n<p><strong><span style=\"color: #993300;\">Le corps : pilier central de la m\u00e9ditation de pleine conscience<\/span><\/strong><\/p>\n<p>Le corps occupe une place centrale dans la m\u00e9ditation de pleine conscience. Contrairement \u00e0 certaines id\u00e9es re\u00e7ues, la m\u00e9ditation ne consiste pas \u00e0 s\u2019extraire du corps, mais au contraire, \u00e0 s\u2019y reconnecter. L\u2019un des bienfaits de la m\u00e9ditation est de nous aider \u00e0 <strong><span style=\"color: #008080;\">\u00e9chapper aux cycles de rumination mentale<\/span><\/strong>. Nous avons souvent tendance \u00e0 anticiper l\u2019avenir, \u00e0 ressasser nos inqui\u00e9tudes ou \u00e0 revivre des \u00e9v\u00e9nements du pass\u00e9. Ces cycles de pens\u00e9e tournent en rond et ne servent \u00e0 rien apr\u00e8s un certain point.<\/p>\n<p>C\u2019est dans ces moments que la m\u00e9ditation nous encourage \u00e0 revenir au corps, car lui, vit toujours dans le pr\u00e9sent. En observant notre respiration ou en prenant conscience des sensations qui parcourent notre corps, des pieds \u00e0 la t\u00eate, nous pouvons retrouver un lien avec le r\u00e9el. Lorsque nous souffrons, ruminons ou nous inqui\u00e9tons, nous nous \u00e9loignons de la r\u00e9alit\u00e9 pour entrer dans un univers amplifi\u00e9, d\u00e9form\u00e9 par nos pens\u00e9es. <strong><span style=\"color: #008080;\">Revenir \u00e0 nos sensations corporelles<\/span><\/strong>, m\u00eame si elles ne sont pas toujours agr\u00e9ables, nous aide \u00e0 r\u00e9tablir ce lien avec le moment pr\u00e9sent.<\/p>\n<p>Il est important de souligner que la m\u00e9ditation de pleine conscience n\u2019est pas une technique de relaxation. Elle est parfois <strong><span style=\"color: #008080;\">une confrontation directe avec la r\u00e9alit\u00e9<\/span><\/strong>, m\u00eame lorsque celle-ci est douloureuse. L\u2019id\u00e9e n\u2019est pas de fuir, mais d\u2019affronter cette r\u00e9alit\u00e9 avec s\u00e9r\u00e9nit\u00e9, sans se laisser emporter par nos d\u00e9lires int\u00e9rieurs ou nos projections mentales. C\u2019est un exercice d\u2019ancrage, une mani\u00e8re d\u2019affronter le monde sans s\u2019en d\u00e9tourner.<\/p>\n<p><strong><span style=\"color: #993300;\">La pleine conscience dans les situations de conflit<\/span><\/strong><\/p>\n<p>La pleine conscience, dans un cadre professionnel comme dans la vie quotidienne, consiste \u00e0<strong><span style=\"color: #008080;\"> s&rsquo;offrir le choix de ne pas r\u00e9agir imm\u00e9diatement et instinctivement face \u00e0 une situation de tension<\/span><\/strong>. Lorsqu\u2019un conflit \u00e9clate avec un coll\u00e8gue, par exemple, la premi\u00e8re r\u00e9action est souvent automatique : soit on se laisse emporter par l\u2019agressivit\u00e9, soit on se renferme en s&rsquo;auto-d\u00e9valorisant. La pleine conscience permet de faire une pause, de rester dans l&rsquo;instant pr\u00e9sent, d&rsquo;<strong><span style=\"color: #008080;\">accepter la contrari\u00e9t\u00e9 telle qu&rsquo;elle est avant de r\u00e9agir<\/span><\/strong>. Ce processus commence par une observation des \u00e9motions ressenties dans le corps, ce qui nous aide \u00e0 prendre du recul et \u00e0 ne pas \u00eatre submerg\u00e9 par nos r\u00e9flexes habituels.<\/p>\n<p>Cet exercice est loin d\u2019\u00eatre facile. Cela n\u00e9cessite un v\u00e9ritable apprentissage, car, tout comme pour entra\u00eener notre corps, l\u2019esprit doit \u00e9galement \u00eatre travaill\u00e9. De la m\u00eame mani\u00e8re qu&rsquo;il est \u00e9vident qu\u2019un corps plus fort ou plus souple demande de l\u2019exercice r\u00e9gulier, il en va de m\u00eame pour la gestion de nos \u00e9motions. Pourtant, nous n\u00e9gligeons souvent cet entra\u00eenement \u00e9motionnel, pensant que la simple volont\u00e9 devrait suffire. Mais les \u00e9motions sont des forces biologiques ancr\u00e9es dans notre corps, et elles n\u00e9cessitent une pr\u00e9paration. La pleine conscience offre cet entra\u00eenement : <strong><span style=\"color: #008080;\">un moyen de se pr\u00e9parer \u00e0 affronter aussi bien les joies que les peines avec s\u00e9r\u00e9nit\u00e9 et pr\u00e9sence<\/span><\/strong>.<\/p>\n<p>Cette pratique nous invite \u00e0 prendre un l\u00e9ger recul, \u00e0 observer ce qui se passe sans r\u00e9agir imm\u00e9diatement. Par exemple, dans un conflit avec quelqu\u2019un, une des premi\u00e8res choses \u00e0 int\u00e9grer est d\u2019intervenir apr\u00e8s le coup de col\u00e8re, pas forc\u00e9ment sur le moment. Lorsqu&rsquo;une dispute s\u2019ach\u00e8ve, plut\u00f4t que de retourner directement au travail comme si de rien n\u2019\u00e9tait ou d\u2019aller ruminer avec quelqu\u2019un d&rsquo;autre, <strong><span style=\"color: #008080;\">la pleine conscience invite \u00e0 s&rsquo;arr\u00eater, respirer et examiner ce qui se passe en soi<\/span><\/strong>.<\/p>\n<p>Il est tentant de chercher un soutien dans notre entourage, une personne bienveillante qui va nous conforter dans notre ressenti. Bien que cela puisse sembler apaisant sur le moment, cela risque souvent d\u2019aggraver la situation en nous enfermant encore plus dans la rumination. La pleine conscience, elle, nous pousse \u00e0 <strong><span style=\"color: #008080;\">prendre ce temps pour soi, pour se reconnecter \u00e0 ce que l&rsquo;on ressent<\/span><\/strong>, identifier les pens\u00e9es qui surgissent et examiner vers quoi elles nous m\u00e8nent. Est-ce vraiment l\u00e0 o\u00f9 nous voulons aller ? Vers plus de ressentiment, de vengeance ou d\u2019autoflagellation ?<\/p>\n<p>Ces petites pauses de conscience, r\u00e9p\u00e9t\u00e9es au quotidien, transforment progressivement notre mani\u00e8re d&rsquo;aborder les situations, qu\u2019elles soient positives ou n\u00e9gatives. Ce sont ces <strong><span style=\"color: #008080;\">moments d&rsquo;introspection<\/span><\/strong> qui finissent par changer la donne, en nous offrant des alternatives plus constructives et apais\u00e9es.<\/p>\n<p><strong><span style=\"color: #993300;\"><img loading=\"lazy\" decoding=\"async\" class=\"wp-image-38354 alignleft\" src=\"https:\/\/ekongkar.yoga\/wp-content\/uploads\/2024\/09\/felipepelaquim-JxVNc4QYGwc-unsplash-300x200.jpg\" alt=\"\" width=\"380\" height=\"253\" srcset=\"https:\/\/ekongkar.yoga\/wp-content\/uploads\/2024\/09\/felipepelaquim-JxVNc4QYGwc-unsplash-300x200.jpg 300w, https:\/\/ekongkar.yoga\/wp-content\/uploads\/2024\/09\/felipepelaquim-JxVNc4QYGwc-unsplash-100x67.jpg 100w, https:\/\/ekongkar.yoga\/wp-content\/uploads\/2024\/09\/felipepelaquim-JxVNc4QYGwc-unsplash-768x512.jpg 768w, https:\/\/ekongkar.yoga\/wp-content\/uploads\/2024\/09\/felipepelaquim-JxVNc4QYGwc-unsplash-150x100.jpg 150w, https:\/\/ekongkar.yoga\/wp-content\/uploads\/2024\/09\/felipepelaquim-JxVNc4QYGwc-unsplash.jpg 1024w\" sizes=\"auto, (max-width: 380px) 100vw, 380px\" \/>La pleine conscience face \u00e0 la dispersion moderne<\/span><\/strong><\/p>\n<p>La pleine conscience s&rsquo;inscrit dans une soci\u00e9t\u00e9 moderne souvent marqu\u00e9e par la dispersion et la surstimulation. Chaque jour, nous jonglons entre de multiples t\u00e2ches : travailler, s\u2019occuper des enfants, g\u00e9rer les impr\u00e9vus. Nous avons pris l\u2019habitude de faire plusieurs choses en m\u00eame temps, par exemple, manger tout en consultant nos e-mails, regarder la t\u00e9l\u00e9vision tout en parcourant nos r\u00e9seaux sociaux, ou encore \u00e9couter la radio en r\u00e9pondant \u00e0 des messages. <strong><span style=\"color: #008080;\">Cette fragmentation de l&rsquo;attention nous emp\u00eache de r\u00e9ellement savourer les moments et nous prive d\u2019un contact authentique avec nous-m\u00eames et notre environnement<\/span><\/strong> (photo de <a href=\"https:\/\/unsplash.com\/fr\/@felipepelaquim?utm_content=creditCopyText&amp;utm_medium=referral&amp;utm_source=unsplash\">@felipepelaquim<\/a> sur <a href=\"https:\/\/unsplash.com\/fr\/photos\/un-homme-portant-un-chapeau-rouge-regardant-par-une-fenetre-JxVNc4QYGwc?utm_content=creditCopyText&amp;utm_medium=referral&amp;utm_source=unsplash\">Unsplash<\/a>).<\/p>\n<p>Dans cette dynamique, <strong><span style=\"color: #008080;\">la pleine conscience propose une voie de d\u00e9pollution psychologique<\/span><\/strong>. Aujourd&rsquo;hui, on parle souvent de pollution chimique, celle de l&rsquo;air que nous respirons ou des aliments que nous consommons. Mais il existe aussi une pollution psychologique, plus insidieuse, engendr\u00e9e par les multiples interruptions et sollicitations que nous subissons quotidiennement : notifications, e-mails, publicit\u00e9s omnipr\u00e9sentes. L&rsquo;\u00e8re du num\u00e9rique a exacerb\u00e9 cette d\u00e9pendance aux appareils \u00e9lectroniques, notamment parmi les plus jeunes, qui en font parfois un usage compulsif, voire addictif. Cette hyperstimulation mentale a des effets n\u00e9fastes sur notre cerveau, le privant des moments de calme et de respiration dont il a besoin pour se r\u00e9g\u00e9n\u00e9rer.<\/p>\n<p>La pleine conscience nous invite \u00e0<strong><span style=\"color: #008080;\"> recr\u00e9er ces espaces de tranquillit\u00e9 et de continuit\u00e9 dans notre vie<\/span><\/strong>. Il ne s\u2019agit pas de rejeter toute forme d\u2019activit\u00e9 ou de renoncer \u00e0 nos obligations, mais plut\u00f4t de r\u00e9tablir un \u00e9quilibre. Si nous ressentons une surcharge ou un sentiment d\u2019\u00eatre constamment sollicit\u00e9s, il est essentiel de prendre le temps de nous reconnecter \u00e0 des moments de calme, sans attendre le sommeil pour offrir ce repos \u00e0 notre esprit. En effet, beaucoup passent leurs journ\u00e9es dans une course effr\u00e9n\u00e9e, puis s\u2019effondrent de fatigue le soir sans avoir pris le temps de se reconnecter \u00e0 eux-m\u00eames ou aux personnes qu\u2019ils aiment. Ce mode de vie risque de nous faire passer \u00e0 c\u00f4t\u00e9 de l\u2019essentiel.<\/p>\n<p>L\u2019une des pratiques de pleine conscience consiste \u00e0 <strong><span style=\"color: #008080;\">apprendre \u00e0 vivre une seule chose \u00e0 la fois<\/span><\/strong>. Lorsque nous mangeons, nous devrions nous concentrer uniquement sur ce moment, sans distractions ext\u00e9rieures. Cet exercice, qui semble simple en apparence, demande un entra\u00eenement. Par exemple, il est recommand\u00e9 de prendre au moins un repas par semaine en pleine conscience, seul, sans musique, sans t\u00e9l\u00e9vision, sans lecture. Cela permet de vraiment se concentrer sur les aliments, de les regarder, de les savourer bouch\u00e9e apr\u00e8s bouch\u00e9e, en \u00e9tant attentif \u00e0 chaque sensation, \u00e0 chaque saveur. Il s\u2019agit \u00e9galement de ne pas se resservir avant d&rsquo;avoir termin\u00e9 ce que l&rsquo;on a dans la bouche, et de pr\u00eater attention \u00e0 l&rsquo;environnement : la lumi\u00e8re, les sons, l\u2019instant pr\u00e9sent.<\/p>\n<p>Cette approche s\u2019\u00e9tend \u00e0 d\u2019autres gestes de la vie quotidienne, m\u00eame les plus banals. Brosser ses dents, prendre une douche, faire la vaisselle, descendre les poubelles, marcher d\u2019un point A \u00e0 un point B : toutes ces activit\u00e9s peuvent \u00eatre transform\u00e9es en exp\u00e9riences de pleine conscience si nous nous engageons pleinement dans l\u2019instant pr\u00e9sent, plut\u00f4t que de les r\u00e9aliser m\u00e9caniquement en pensant \u00e0 autre chose. <strong><span style=\"color: #008080;\">En \u00e9tant vraiment pr\u00e9sent \u00e0 ces moments, nous ressentons notre vie s\u2019\u00e9couler en nous.<\/span><\/strong> Cela nous connecte plus profond\u00e9ment \u00e0 la r\u00e9alit\u00e9 et \u00e0 l\u2019instant, au lieu de nous laisser emporter par le flux incessant des pens\u00e9es, pr\u00e9occupations et automatismes.<\/p>\n<p><strong><span style=\"color: #993300;\"><img loading=\"lazy\" decoding=\"async\" class=\" wp-image-38355 alignleft\" src=\"https:\/\/ekongkar.yoga\/wp-content\/uploads\/2024\/09\/rodolfo-sanches-carvalho-c28lg4Px9FE-unsplash-300x200.jpg\" alt=\"\" width=\"380\" height=\"253\" srcset=\"https:\/\/ekongkar.yoga\/wp-content\/uploads\/2024\/09\/rodolfo-sanches-carvalho-c28lg4Px9FE-unsplash-300x200.jpg 300w, https:\/\/ekongkar.yoga\/wp-content\/uploads\/2024\/09\/rodolfo-sanches-carvalho-c28lg4Px9FE-unsplash-100x67.jpg 100w, https:\/\/ekongkar.yoga\/wp-content\/uploads\/2024\/09\/rodolfo-sanches-carvalho-c28lg4Px9FE-unsplash-768x512.jpg 768w, https:\/\/ekongkar.yoga\/wp-content\/uploads\/2024\/09\/rodolfo-sanches-carvalho-c28lg4Px9FE-unsplash-150x100.jpg 150w, https:\/\/ekongkar.yoga\/wp-content\/uploads\/2024\/09\/rodolfo-sanches-carvalho-c28lg4Px9FE-unsplash.jpg 1024w\" sizes=\"auto, (max-width: 380px) 100vw, 380px\" \/>L&rsquo;ordinaire n&rsquo;existe pas<\/span><\/strong><\/p>\n<p>La pleine conscience nous invite \u00e0 savourer pleinement chaque instant, \u00e0 <strong><span style=\"color: #008080;\">prendre conscience de l&rsquo;extraordinaire dans ce que nous consid\u00e9rons souvent comme ordinaire<\/span><\/strong>. En r\u00e9alit\u00e9, l&rsquo;ordinaire n&rsquo;existe pas. \u00catre vivant est une exp\u00e9rience extraordinaire, mais nous avons tendance \u00e0 passer \u00e0 c\u00f4t\u00e9 de cette \u00e9vidence sans nous laisser vraiment bouleverser par elle. Nous reconnaissons intellectuellement la beaut\u00e9 d&rsquo;\u00eatre en vie, mais sans nous arr\u00eater pour la ressentir profond\u00e9ment (photo de <a href=\"https:\/\/unsplash.com\/fr\/@rsanchescarvalho?utm_content=creditCopyText&amp;utm_medium=referral&amp;utm_source=unsplash\">Rodolfo Sanches Carvalho<\/a> sur <a href=\"https:\/\/unsplash.com\/fr\/photos\/femme-avec-chemise-blanche-avec-les-yeux-fermes-c28lg4Px9FE?utm_content=creditCopyText&amp;utm_medium=referral&amp;utm_source=unsplash\">Unsplash<\/a>).<\/p>\n<p><strong><span style=\"color: #993300;\">S&rsquo;arr\u00eater sur les petites choses qui nous touchent<\/span><\/strong><\/p>\n<p>Un des exercices propos\u00e9s en pleine conscience est de s&rsquo;arr\u00eater sur les petites choses qui nous touchent au cours de la journ\u00e9e. Que ce soit un ciel magnifique, le chant d\u2019un oiseau, le rire d\u2019enfants ou la tendresse d\u2019un couple \u00e2g\u00e9 qui marche main dans la main, il est essentiel de ne pas simplement remarquer ces moments en surface. Il ne suffit pas de les observer en continuant nos pens\u00e9es et nos actions habituelles. <strong><span style=\"color: #008080;\">Il s&rsquo;agit de s&rsquo;arr\u00eater, de respirer, de prendre pleinement conscience de ce que l\u2019on voit et de ce que cela provoque en nous<\/span><\/strong>. Ces instants, aussi simples soient-ils, peuvent devenir de v\u00e9ritables parenth\u00e8ses de vie en pleine conscience, o\u00f9 tout change en nous, m\u00eame si ext\u00e9rieurement rien ne semble avoir chang\u00e9.<\/p>\n<p><strong><span style=\"color: #993300;\">La vie regorge d&rsquo;occasions de s&rsquo;\u00e9merveiller<\/span><\/strong><\/p>\n<p>Ces moments d\u2019\u00e9merveillement, de joie ou de bouleversement positif sont en r\u00e9alit\u00e9 multiples. Il suffit d&rsquo;ouvrir les yeux pour constater que la vie regorge d&rsquo;occasions de s&rsquo;\u00e9merveiller. Christian Bobin parlait de ces \u00ab bouleversements calmes \u00bb, des instants o\u00f9 il ne se passe rien de sp\u00e9cial, mais o\u00f9 tout change en nous. <strong><span style=\"color: #008080;\">Ces moments, o\u00f9 l\u2019on se sent r\u00e9ceptif et ouvert, nous ram\u00e8nent \u00e0 une sensibilit\u00e9 presque enfantine.<\/span> <\/strong>Sans mot ni r\u00e9action particuli\u00e8re, on accueille la beaut\u00e9 du monde en plein c\u0153ur, et cela nous apporte quelque chose d\u2019irrempla\u00e7able.<\/p>\n<p>La pleine conscience ne se limite pas \u00e0 cette r\u00e9ceptivit\u00e9. Elle aff\u00fbte \u00e9galement l&rsquo;esprit et l&rsquo;intelligence, en nous permettant de sortir des pens\u00e9es pr\u00e9con\u00e7ues. En pratiquant la m\u00e9ditation de pleine conscience, des \u00e9tudes scientifiques ont d\u00e9montr\u00e9 que cela augmente la flexibilit\u00e9 cognitive, c&rsquo;est-\u00e0-dire notre capacit\u00e9 \u00e0 <strong><span style=\"color: #008080;\">nous d\u00e9tacher de certains sch\u00e9mas mentaux ou st\u00e9r\u00e9otypes<\/span><\/strong> pour envisager la r\u00e9alit\u00e9 sous un autre angle. Elle nous aide \u00e0 sortir des jugements automatiques, des id\u00e9es pr\u00e9con\u00e7ues et des r\u00e9actions m\u00e9caniques.<\/p>\n<p>Bien que ce ne soit pas l&rsquo;objectif direct des s\u00e9ances de pleine conscience, ce processus d\u2019\u00e9coute et de pr\u00e9sence modifie notre rapport au monde. Par exemple, lorsqu&rsquo;on \u00e9coute une personne, la pleine conscience nous invite \u00e0 r\u00e9ellement pr\u00eater attention \u00e0 ce qu&rsquo;elle dit avant de formuler une r\u00e9ponse. Sans cette pr\u00e9sence, nous avons souvent d\u00e9j\u00e0 pr\u00e9par\u00e9 mentalement notre r\u00e9plique, attendant juste une opportunit\u00e9 d\u2019interrompre pour l&rsquo;exprimer. En \u00e9tant pleinement pr\u00e9sent, <strong><span style=\"color: #008080;\">nous d\u00e9veloppons une \u00e9coute plus profonde et attentive<\/span><\/strong>, enrichissant ainsi nos interactions et notre compr\u00e9hension des autres <em>(inspiration libre de l&rsquo;interview de Christophe Andre\u0301 &#8211; <a href=\"https:\/\/www.youtube.com\/watch?v=MyFKJ0KsiQw\">Introduction \u00e0 la m\u00e9ditation en pleine conscience<\/a>)<\/em><\/p>\n","protected":false},"excerpt":{"rendered":"<p>La pleine conscience : une\u00a0approche unique\u00a0de la m\u00e9ditation La m\u00e9ditation de pleine conscience est souvent mal comprise. On pourrait croire qu&rsquo;il s&rsquo;agit de relaxation, mais en r\u00e9alit\u00e9, c&rsquo;est diff\u00e9rent. M\u00eame si elle peut \u00eatre utilis\u00e9e comme un outil de gestion du stress, la pleine conscience se distingue de la relaxation&#8230;<\/p>\n<p> <a class=\"continue-reading-link\" href=\"https:\/\/ekongkar.yoga\/?p=38344\"><span>Lire la suite&#8230;<\/span><i class=\"crycon-right-dir\"><\/i><\/a> <\/p>\n","protected":false},"author":2,"featured_media":38518,"comment_status":"closed","ping_status":"closed","sticky":false,"template":"","format":"standard","meta":{"fifu_image_url":"https:\/\/ekongkar.yoga\/wp-content\/uploads\/2024\/09\/sPC2.jpg","fifu_image_alt":"","footnotes":""},"categories":[34],"tags":[],"class_list":["post-38344","post","type-post","status-publish","format-standard","has-post-thumbnail","hentry","category-meditation"],"_links":{"self":[{"href":"https:\/\/ekongkar.yoga\/index.php?rest_route=\/wp\/v2\/posts\/38344","targetHints":{"allow":["GET"]}}],"collection":[{"href":"https:\/\/ekongkar.yoga\/index.php?rest_route=\/wp\/v2\/posts"}],"about":[{"href":"https:\/\/ekongkar.yoga\/index.php?rest_route=\/wp\/v2\/types\/post"}],"author":[{"embeddable":true,"href":"https:\/\/ekongkar.yoga\/index.php?rest_route=\/wp\/v2\/users\/2"}],"replies":[{"embeddable":true,"href":"https:\/\/ekongkar.yoga\/index.php?rest_route=%2Fwp%2Fv2%2Fcomments&post=38344"}],"version-history":[{"count":5,"href":"https:\/\/ekongkar.yoga\/index.php?rest_route=\/wp\/v2\/posts\/38344\/revisions"}],"predecessor-version":[{"id":38358,"href":"https:\/\/ekongkar.yoga\/index.php?rest_route=\/wp\/v2\/posts\/38344\/revisions\/38358"}],"wp:featuredmedia":[{"embeddable":true,"href":"https:\/\/ekongkar.yoga\/index.php?rest_route=\/wp\/v2\/media\/38518"}],"wp:attachment":[{"href":"https:\/\/ekongkar.yoga\/index.php?rest_route=%2Fwp%2Fv2%2Fmedia&parent=38344"}],"wp:term":[{"taxonomy":"category","embeddable":true,"href":"https:\/\/ekongkar.yoga\/index.php?rest_route=%2Fwp%2Fv2%2Fcategories&post=38344"},{"taxonomy":"post_tag","embeddable":true,"href":"https:\/\/ekongkar.yoga\/index.php?rest_route=%2Fwp%2Fv2%2Ftags&post=38344"}],"curies":[{"name":"wp","href":"https:\/\/api.w.org\/{rel}","templated":true}]}}