{"id":38210,"date":"2024-09-08T18:35:16","date_gmt":"2024-09-08T16:35:16","guid":{"rendered":"https:\/\/ekongkar.yoga\/?p=38210"},"modified":"2024-09-08T19:40:16","modified_gmt":"2024-09-08T17:40:16","slug":"maya-et-la-science-moderne-lillusion-cosmique-6","status":"publish","type":"post","link":"https:\/\/ekongkar.yoga\/?p=38210","title":{"rendered":"Maya et la science moderne | L&rsquo;illusion cosmique (6)"},"content":{"rendered":"<p><img loading=\"lazy\" decoding=\"async\" class=\"wp-image-38211 alignleft\" src=\"https:\/\/ekongkar.yoga\/wp-content\/uploads\/2024\/09\/illusion-6-300x199.jpg\" alt=\"\" width=\"380\" height=\"252\" srcset=\"https:\/\/ekongkar.yoga\/wp-content\/uploads\/2024\/09\/illusion-6-300x199.jpg 300w, https:\/\/ekongkar.yoga\/wp-content\/uploads\/2024\/09\/illusion-6-100x66.jpg 100w, https:\/\/ekongkar.yoga\/wp-content\/uploads\/2024\/09\/illusion-6-768x509.jpg 768w, https:\/\/ekongkar.yoga\/wp-content\/uploads\/2024\/09\/illusion-6-150x99.jpg 150w, https:\/\/ekongkar.yoga\/wp-content\/uploads\/2024\/09\/illusion-6.jpg 1024w\" sizes=\"auto, (max-width: 380px) 100vw, 380px\" \/>Le concept de Maya, bien qu&rsquo;enracin\u00e9 dans la philosophie indienne ancienne, trouve des \u00e9chos dans certaines th\u00e9ories scientifiques modernes. <strong><span style=\"color: #008080;\">Ce dialogue entre une notion m\u00e9taphysique mill\u00e9naire et la science contemporaine offre des perspectives sur la nature de la r\u00e9alit\u00e9.<\/span><\/strong><\/p>\n<p><strong><span style=\"color: #993300;\">En physique quantique<\/span><\/strong>, le principe d&rsquo;incertitude de Heisenberg et la dualit\u00e9 onde-particule remettent en question notre compr\u00e9hension classique de la r\u00e9alit\u00e9. L&rsquo;id\u00e9e que l&rsquo;observation affecte la nature de ce qui est observ\u00e9 r\u00e9sonne avec la notion de Maya, sugg\u00e9rant que <strong><span style=\"color: #008080;\">notre perception joue un r\u00f4le dans la manifestation de la r\u00e9alit\u00e9<\/span><\/strong>. De plus, l&rsquo;intrication quantique, d\u00e9crite par Einstein comme une \u00ab\u00a0action fantomatique \u00e0 distance\u00a0\u00bb, \u00e9voque l&rsquo;interconnexion fondamentale de toutes choses, un th\u00e8me central dans la conception de Maya.<\/p>\n<p><strong><span style=\"color: #993300;\">Les neurosciences<\/span><\/strong> modernes offrent \u00e9galement des parall\u00e8les int\u00e9ressants. Les \u00e9tudes sur la perception montrent que <strong><span style=\"color: #008080;\">notre cerveau construit activement notre r\u00e9alit\u00e9<\/span><\/strong> plut\u00f4t que de simplement la percevoir passivement. Cette d\u00e9couverte fait \u00e9cho \u00e0 l&rsquo;id\u00e9e de Maya comme une projection de la conscience. Les recherches sur les illusions optiques et les exp\u00e9riences de r\u00e9alit\u00e9 virtuelle d\u00e9montrent \u00e0 quel point notre perception peut \u00eatre facilement tromp\u00e9e.<\/p>\n<p>Dans le domaine de la <strong><span style=\"color: #993300;\">psychologie cognitive<\/span><\/strong>, le concept de biais cognitif montre comment nos perceptions et jugements peuvent \u00eatre syst\u00e9matiquement d\u00e9form\u00e9s. Cette id\u00e9e r\u00e9sonne avec la notion de Maya comme <strong><span style=\"color: #008080;\">un voile qui obscurcit notre compr\u00e9hension de la r\u00e9alit\u00e9 v\u00e9ritable<\/span><\/strong>.<\/p>\n<p><strong><span style=\"color: #993300;\">La th\u00e9orie des cordes en physique th\u00e9orique<\/span><\/strong>, qui postule l&rsquo;existence de dimensions suppl\u00e9mentaires au-del\u00e0 de celles que nous percevons, offre \u00e9galement un parall\u00e8le int\u00e9ressant avec l&rsquo;id\u00e9e de niveaux de r\u00e9alit\u00e9 dans la philosophie de Maya. De m\u00eame, le concept de multivers sugg\u00e8re l&rsquo;<strong><span style=\"color: #008080;\">existence de r\u00e9alit\u00e9s multiples<\/span><\/strong>, sugg\u00e9rant l&rsquo;id\u00e9e que notre r\u00e9alit\u00e9 per\u00e7ue n&rsquo;est qu&rsquo;une parmi de nombreuses possibilit\u00e9s.<\/p>\n<p>Il est important de noter que ces parall\u00e8les ne signifient pas une \u00e9quivalence directe entre Maya et les th\u00e9ories scientifiques modernes. Les contextes culturels et m\u00e9thodologiques sont tr\u00e8s diff\u00e9rents. Cependant, <strong><span style=\"color: #008080;\">ces convergences offrent des opportunit\u00e9s int\u00e9ressantes pour un dialogue interdisciplinaire<\/span><\/strong>.<\/p>\n<p>Certains scientifiques et philosophes contemporains, comme Fritjof Capra et Amit Goswami, ont explor\u00e9 ces connexions, cherchant \u00e0 cr\u00e9er des ponts entre la pens\u00e9e orientale et la science occidentale. Ces efforts, bien que parfois controvers\u00e9s dans les cercles acad\u00e9miques traditionnels, ouvrent \u00e9videmment de <strong><span style=\"color: #008080;\">nouvelles perspectives sur la nature de la conscience et de la r\u00e9alit\u00e9<\/span><\/strong>.<\/p>\n<p>Le dialogue entre le concept de Maya et la science moderne illustre <strong><span style=\"color: #008080;\">la pertinence continue des anciennes traditions philosophiques<\/span><\/strong>. Il nous rappelle que, malgr\u00e9 des approches et des langages diff\u00e9rents, la qu\u00eate humaine pour comprendre la nature fondamentale de la r\u00e9alit\u00e9 transcende les fronti\u00e8res culturelles et temporelles.<\/p>\n<p>Photo de <a href=\"https:\/\/unsplash.com\/fr\/@jessedo81?utm_content=creditCopyText&amp;utm_medium=referral&amp;utm_source=unsplash\">jesse orrico<\/a> sur <a href=\"https:\/\/unsplash.com\/fr\/photos\/phot-de-mise-au-point-selective-du-crane-humain-artificiel-rmWtVQN5RzU?utm_content=creditCopyText&amp;utm_medium=referral&amp;utm_source=unsplash\">Unsplash<\/a><\/p>\n","protected":false},"excerpt":{"rendered":"<p>Le concept de Maya, bien qu&rsquo;enracin\u00e9 dans la philosophie indienne ancienne, trouve des \u00e9chos dans certaines th\u00e9ories scientifiques modernes. Ce dialogue entre une notion m\u00e9taphysique mill\u00e9naire et la science contemporaine offre des perspectives sur la nature de la r\u00e9alit\u00e9. En physique quantique, le principe d&rsquo;incertitude de Heisenberg et la dualit\u00e9&#8230;<\/p>\n<p> <a class=\"continue-reading-link\" href=\"https:\/\/ekongkar.yoga\/?p=38210\"><span>Lire la suite&#8230;<\/span><i class=\"crycon-right-dir\"><\/i><\/a> <\/p>\n","protected":false},"author":2,"featured_media":38212,"comment_status":"closed","ping_status":"closed","sticky":false,"template":"","format":"standard","meta":{"fifu_image_url":"https:\/\/ekongkar.yoga\/wp-content\/uploads\/2024\/09\/Maya6.jpg","fifu_image_alt":"","footnotes":""},"categories":[23],"tags":[],"class_list":["post-38210","post","type-post","status-publish","format-standard","has-post-thumbnail","hentry","category-histoire-du-yoga"],"_links":{"self":[{"href":"https:\/\/ekongkar.yoga\/index.php?rest_route=\/wp\/v2\/posts\/38210","targetHints":{"allow":["GET"]}}],"collection":[{"href":"https:\/\/ekongkar.yoga\/index.php?rest_route=\/wp\/v2\/posts"}],"about":[{"href":"https:\/\/ekongkar.yoga\/index.php?rest_route=\/wp\/v2\/types\/post"}],"author":[{"embeddable":true,"href":"https:\/\/ekongkar.yoga\/index.php?rest_route=\/wp\/v2\/users\/2"}],"replies":[{"embeddable":true,"href":"https:\/\/ekongkar.yoga\/index.php?rest_route=%2Fwp%2Fv2%2Fcomments&post=38210"}],"version-history":[{"count":1,"href":"https:\/\/ekongkar.yoga\/index.php?rest_route=\/wp\/v2\/posts\/38210\/revisions"}],"predecessor-version":[{"id":38213,"href":"https:\/\/ekongkar.yoga\/index.php?rest_route=\/wp\/v2\/posts\/38210\/revisions\/38213"}],"wp:featuredmedia":[{"embeddable":true,"href":"https:\/\/ekongkar.yoga\/index.php?rest_route=\/wp\/v2\/media\/38212"}],"wp:attachment":[{"href":"https:\/\/ekongkar.yoga\/index.php?rest_route=%2Fwp%2Fv2%2Fmedia&parent=38210"}],"wp:term":[{"taxonomy":"category","embeddable":true,"href":"https:\/\/ekongkar.yoga\/index.php?rest_route=%2Fwp%2Fv2%2Fcategories&post=38210"},{"taxonomy":"post_tag","embeddable":true,"href":"https:\/\/ekongkar.yoga\/index.php?rest_route=%2Fwp%2Fv2%2Ftags&post=38210"}],"curies":[{"name":"wp","href":"https:\/\/api.w.org\/{rel}","templated":true}]}}