{"id":38205,"date":"2024-09-08T18:20:34","date_gmt":"2024-09-08T16:20:34","guid":{"rendered":"https:\/\/ekongkar.yoga\/?p=38205"},"modified":"2024-09-08T19:39:14","modified_gmt":"2024-09-08T17:39:14","slug":"maya-implications-psychologiques-et-existentielles-lillusion-cosmique-5","status":"publish","type":"post","link":"https:\/\/ekongkar.yoga\/?p=38205","title":{"rendered":"Maya: implications psychologiques et existentielles | L&rsquo;illusion cosmique (5)"},"content":{"rendered":"<p><img loading=\"lazy\" decoding=\"async\" class=\" wp-image-38206 alignleft\" src=\"https:\/\/ekongkar.yoga\/wp-content\/uploads\/2024\/09\/illusion-5-200x300.jpg\" alt=\"\" width=\"380\" height=\"570\" srcset=\"https:\/\/ekongkar.yoga\/wp-content\/uploads\/2024\/09\/illusion-5-200x300.jpg 200w, https:\/\/ekongkar.yoga\/wp-content\/uploads\/2024\/09\/illusion-5-67x100.jpg 67w, https:\/\/ekongkar.yoga\/wp-content\/uploads\/2024\/09\/illusion-5-100x150.jpg 100w, https:\/\/ekongkar.yoga\/wp-content\/uploads\/2024\/09\/illusion-5.jpg 683w\" sizes=\"auto, (max-width: 380px) 100vw, 380px\" \/>Le concept de Maya, au-del\u00e0 de ses dimensions m\u00e9taphysiques et cosmologiques, a des implications sur la psychologie humaine et notre compr\u00e9hension de l&rsquo;existence. <strong><span style=\"color: #008080;\">Cette notion d&rsquo;illusion cosmique influence \u00e9videmment la fa\u00e7on dont les individus per\u00e7oivent leur r\u00e9alit\u00e9 et donnent un sens \u00e0 leur vie.<\/span><\/strong><\/p>\n<p>Sur le plan psychologique, la reconnaissance de Maya comme principe d&rsquo;illusion peut avoir un <strong><span style=\"color: #993300;\">effet lib\u00e9rateur<\/span><\/strong>. En comprenant que nos perceptions et nos attachements sont potentiellement illusoires, <strong><span style=\"color: #008080;\">nous pouvons d\u00e9velopper un d\u00e9tachement sain vis-\u00e0-vis de nos exp\u00e9riences \u00e9motionnelles et mentales<\/span><\/strong>. Cela ne signifie pas pour autant un d\u00e9ni de ces exp\u00e9riences, mais plut\u00f4t une capacit\u00e9 \u00e0 les observer avec une certaine distance.<\/p>\n<p>En reconnaissant le caract\u00e8re transitoire et potentiellement illusoire de nos pr\u00e9occupations quotidiennes, <strong><span style=\"color: #008080;\">nous pouvons d\u00e9velopper une plus grande r\u00e9silience face aux d\u00e9fis de la vie<\/span><\/strong>. La philosophie de Maya nous invite \u00e0 questionner la solidit\u00e9 de nos constructions mentales et \u00e0 adopter une attitude plus souple face \u00e0 la r\u00e9alit\u00e9.<\/p>\n<p>Existentiellement, le concept de Maya soul\u00e8ve des questions fondamentales sur la nature de notre identit\u00e9. Si le monde tel que nous le percevons est une illusion, <strong><span style=\"color: #008080;\">qui sommes-nous r\u00e9ellement ?<\/span><\/strong> Cette interrogation peut conduire \u00e0 une qu\u00eate de notre v\u00e9ritable nature, au-del\u00e0 des apparences et des conditionnements sociaux.<\/p>\n<p>La notion de Maya peut \u00e9galement influencer notre rapport au temps et \u00e0 la mort. En consid\u00e9rant que notre perception du temps lin\u00e9aire pourrait \u00eatre une illusion, nous pouvons d\u00e9velopper une perspective plus large sur notre existence,<strong><span style=\"color: #008080;\"> transcendant la peur de la mort et l&rsquo;angoisse li\u00e9e \u00e0 la finitude<\/span><\/strong>.<\/p>\n<p>Cependant, la compr\u00e9hension de Maya peut aussi <strong><span style=\"color: #993300;\">pr\u00e9senter des d\u00e9fis psychologiques<\/span><\/strong>. Pour certains, l&rsquo;id\u00e9e que la r\u00e9alit\u00e9 per\u00e7ue est illusoire peut conduire \u00e0 un sentiment de d\u00e9r\u00e9alisation ou de<strong><span style=\"color: #008080;\"> d\u00e9tachement excessif<\/span><\/strong>. Il est donc important de trouver un \u00e9quilibre entre la reconnaissance de l&rsquo;aspect illusoire de la r\u00e9alit\u00e9 et l&rsquo;engagement n\u00e9cessaire dans le monde manifest\u00e9.<\/p>\n<p>Dans la pratique spirituelle, la compr\u00e9hension de Maya est souvent utilis\u00e9e comme <strong><span style=\"color: #008080;\">un outil pour cultiver le discernement<\/span> <\/strong>(viveka). Il s&rsquo;agit de d\u00e9velopper la capacit\u00e9 \u00e0 distinguer le r\u00e9el de l&rsquo;irr\u00e9el, le permanent de l&rsquo;impermanent. Cette pratique peut conduire \u00e0 plus de clart\u00e9 mentale et \u00e0 une paix int\u00e9rieure plus profonde.<\/p>\n<p><strong><span style=\"color: #993300;\">La compr\u00e9hension de Maya offre un cadre puissant pour explorer notre psych\u00e9 et notre existence.<\/span><\/strong> Elle nous invite \u00e0 une introspection, \u00e0 remettre en question nos perceptions habituelles, et \u00e0 chercher une compr\u00e9hension authentique de nous-m\u00eames et du monde qui nous entoure. Bien que potentiellement d\u00e9stabilisante, cette perspective peut, lorsqu&rsquo;elle est bien int\u00e9gr\u00e9e, conduire \u00e0 une grande libert\u00e9 int\u00e9rieure et \u00e0 une existence plus consciente et \u00e9panouie.<\/p>\n<p>Photo de <a href=\"https:\/\/unsplash.com\/fr\/@jakobowens1?utm_content=creditCopyText&amp;utm_medium=referral&amp;utm_source=unsplash\">Jakob Owens<\/a> sur <a href=\"https:\/\/unsplash.com\/fr\/photos\/femme-avec-des-lunettes-a-monture-noire-et-une-chemise-a-manches-longues-rayee-noire-et-blanche-lQwXaukMVtw?utm_content=creditCopyText&amp;utm_medium=referral&amp;utm_source=unsplash\">Unsplash<\/a><\/p>\n","protected":false},"excerpt":{"rendered":"<p>Le concept de Maya, au-del\u00e0 de ses dimensions m\u00e9taphysiques et cosmologiques, a des implications sur la psychologie humaine et notre compr\u00e9hension de l&rsquo;existence. Cette notion d&rsquo;illusion cosmique influence \u00e9videmment la fa\u00e7on dont les individus per\u00e7oivent leur r\u00e9alit\u00e9 et donnent un sens \u00e0 leur vie. Sur le plan psychologique, la reconnaissance&#8230;<\/p>\n<p> <a class=\"continue-reading-link\" href=\"https:\/\/ekongkar.yoga\/?p=38205\"><span>Lire la suite&#8230;<\/span><i class=\"crycon-right-dir\"><\/i><\/a> <\/p>\n","protected":false},"author":2,"featured_media":38207,"comment_status":"closed","ping_status":"closed","sticky":false,"template":"","format":"standard","meta":{"fifu_image_url":"https:\/\/ekongkar.yoga\/wp-content\/uploads\/2024\/09\/Maya5.jpg","fifu_image_alt":"","footnotes":""},"categories":[23],"tags":[],"class_list":["post-38205","post","type-post","status-publish","format-standard","has-post-thumbnail","hentry","category-histoire-du-yoga"],"_links":{"self":[{"href":"https:\/\/ekongkar.yoga\/index.php?rest_route=\/wp\/v2\/posts\/38205","targetHints":{"allow":["GET"]}}],"collection":[{"href":"https:\/\/ekongkar.yoga\/index.php?rest_route=\/wp\/v2\/posts"}],"about":[{"href":"https:\/\/ekongkar.yoga\/index.php?rest_route=\/wp\/v2\/types\/post"}],"author":[{"embeddable":true,"href":"https:\/\/ekongkar.yoga\/index.php?rest_route=\/wp\/v2\/users\/2"}],"replies":[{"embeddable":true,"href":"https:\/\/ekongkar.yoga\/index.php?rest_route=%2Fwp%2Fv2%2Fcomments&post=38205"}],"version-history":[{"count":1,"href":"https:\/\/ekongkar.yoga\/index.php?rest_route=\/wp\/v2\/posts\/38205\/revisions"}],"predecessor-version":[{"id":38208,"href":"https:\/\/ekongkar.yoga\/index.php?rest_route=\/wp\/v2\/posts\/38205\/revisions\/38208"}],"wp:featuredmedia":[{"embeddable":true,"href":"https:\/\/ekongkar.yoga\/index.php?rest_route=\/wp\/v2\/media\/38207"}],"wp:attachment":[{"href":"https:\/\/ekongkar.yoga\/index.php?rest_route=%2Fwp%2Fv2%2Fmedia&parent=38205"}],"wp:term":[{"taxonomy":"category","embeddable":true,"href":"https:\/\/ekongkar.yoga\/index.php?rest_route=%2Fwp%2Fv2%2Fcategories&post=38205"},{"taxonomy":"post_tag","embeddable":true,"href":"https:\/\/ekongkar.yoga\/index.php?rest_route=%2Fwp%2Fv2%2Ftags&post=38205"}],"curies":[{"name":"wp","href":"https:\/\/api.w.org\/{rel}","templated":true}]}}