{"id":37906,"date":"2024-04-14T09:04:52","date_gmt":"2024-04-14T07:04:52","guid":{"rendered":"https:\/\/ekongkar.yoga\/?p=37906"},"modified":"2024-09-04T19:55:55","modified_gmt":"2024-09-04T17:55:55","slug":"jesus-et-la-samaritaine-4-yoga-meditation","status":"publish","type":"post","link":"https:\/\/ekongkar.yoga\/?p=37906","title":{"rendered":"Eveiller sushumna nadi &#8211; J\u00e9sus et la Samaritaine (4)"},"content":{"rendered":"<p><a title=\"Giuseppe Bartolomeo Chiari , Public domain, via Wikimedia Commons\" href=\"https:\/\/commons.wikimedia.org\/wiki\/File:Christ_and_the_Woman_of_Samaria_2000_CKS_06323_0228_000(013412).jpg\"><img loading=\"lazy\" decoding=\"async\" class=\"alignleft\" src=\"https:\/\/upload.wikimedia.org\/wikipedia\/commons\/thumb\/c\/cf\/Christ_and_the_Woman_of_Samaria_2000_CKS_06323_0228_000%28013412%29.jpg\/256px-Christ_and_the_Woman_of_Samaria_2000_CKS_06323_0228_000%28013412%29.jpg?20240528023350\" alt=\"Christ and the Woman of Samaria 2000 CKS 06323 0228 000(013412)\" width=\"380\" height=\"527\" \/><\/a><em>Dans notre exploration continue de l&rsquo;\u00e9pisode de <strong><span style=\"color: #993300;\">J\u00e9sus et la Samaritaine<\/span><\/strong>, nous abordons maintenant un quatri\u00e8me aspect de ce r\u00e9cit : <\/em><strong><span style=\"color: #008080;\">la signification symbolique du moment de leur rencontre <\/span><\/strong><em>(<a href=\"https:\/\/ekongkar.yoga\/?p=38069\">sommaire des chapitres<\/a>).<\/em><\/p>\n<p><em>Ce nouvel article s&rsquo;inscrit dans une s\u00e9rie d&rsquo;analyses, dont nous vous encourageons vivement \u00e0 d\u00e9couvrir les pr\u00e9c\u00e9dentes, en particulier la premi\u00e8re qui traite de <a href=\"https:\/\/ekongkar.yoga\/?p=37875\">l&rsquo;humanit\u00e9 en qu\u00eate d&rsquo;apaiser sa soif spirituelle<\/a>.<\/em><\/p>\n<p><strong><span style=\"color: #008080;\">La mention de \u00ab\u00a0la sixi\u00e8me heure\u00a0\u00bb dans le r\u00e9cit de la rencontre entre J\u00e9sus et la Samaritaine<\/span><\/strong> est loin d&rsquo;\u00eatre anodine. Ce d\u00e9tail temporel, qui correspond \u00e0 midi dans le syst\u00e8me de comptage de l&rsquo;\u00e9poque, rev\u00eat une signification profonde, particuli\u00e8rement lorsqu&rsquo;on l&rsquo;examine \u00e0 travers le prisme des traditions spirituelles, notamment celle du yoga.<\/p>\n<p><em>L&rsquo;\u00e9pisode de J\u00e9sus et la Samaritaine se trouve dans l&rsquo;\u00c9vangile selon Jean, chapitre 4, versets 1 \u00e0 42 (\u00e0 <a href=\"https:\/\/www.biblegateway.com\/passage\/?search=Jean%204%3A1-42&amp;version=LSG\" target=\"_blank\" rel=\"noopener\">lire<\/a> ou <a href=\"https:\/\/open.spotify.com\/track\/5T9ojeqQHE3OU0VxuKMILN?si=oQb50GVnQoy1oA5xWNf3KA\" target=\"_blank\" rel=\"noopener\">\u00e9couter<\/a>).<\/em><\/p>\n<p><strong><span style=\"color: #993300;\">L&rsquo;axe central du jour<\/span><\/strong><\/p>\n<p>Midi repr\u00e9sente le point culminant de la journ\u00e9e, le moment o\u00f9 le soleil atteint son z\u00e9nith. Dans la tradition yogique, ce moment particulier peut \u00e9voquer le concept de<strong><span style=\"color: #008080;\"> sushumna nadi<\/span><\/strong>. Selon les enseignements yogiques, notre corps physique est accompagn\u00e9 d&rsquo;un syst\u00e8me \u00e9nerg\u00e9tique complexe, compos\u00e9 de canaux appel\u00e9s nadis, par lesquels circule l&rsquo;\u00e9nergie vitale ou prana.<\/p>\n<p>Parmi ces nadis, le sushumna nadi est consid\u00e9r\u00e9 comme le canal central, vertical, courant le long de la colonne vert\u00e9brale, du p\u00e9rin\u00e9e au z\u00e9nith du corps, le sommet du cr\u00e2ne. <strong><span style=\"color: #008080;\">Ce canal est essentiel pour l&rsquo;\u00e9veil de la kundalini<\/span><\/strong>, l&rsquo;\u00e9nergie latente souvent repr\u00e9sent\u00e9e comme un serpent lov\u00e9 \u00e0 la base de la colonne vert\u00e9brale. Lorsque cette \u00e9nergie s&rsquo;\u00e9veille et monte \u00e0 travers le sushumna nadi, elle active et purifie chaque chakra sur son passage, conduisant \u00e0 une \u00e9l\u00e9vation de la conscience.<\/p>\n<p>Dans ce contexte, la rencontre de J\u00e9sus et de la Samaritaine \u00e0 midi symbolise<strong><span style=\"color: #008080;\"> un moment d&rsquo;alignement parfait<\/span><\/strong>, o\u00f9 les \u00e9nergies cosmiques (repr\u00e9sent\u00e9es par le soleil au z\u00e9nith) et individuelles (le sushumna nadi) sont les plus propices \u00e0 une exp\u00e9rience transformatrice. Ce moment peut \u00eatre vu comme une opportunit\u00e9 unique pour l&rsquo;\u00e9veil, la transmission de connaissances profondes, ou une compr\u00e9hension plus \u00e9lev\u00e9e de la r\u00e9alit\u00e9.<\/p>\n<p>Cette interpr\u00e9tation invite \u00e0 <strong><span style=\"color: #008080;\">consid\u00e9rer certains moments de la journ\u00e9e, en particulier midi, comme particuli\u00e8rement favorables \u00e0 la pratique spirituelle<\/span><\/strong>. Elle souligne l&rsquo;importance de l&rsquo;alignement dans le processus de croissance, rappelant que notre \u00e9tat de conscience et notre r\u00e9ceptivit\u00e9 peuvent \u00eatre influenc\u00e9s par des rythmes cosmiques plus larges.<\/p>\n<p><strong><span style=\"color: #993300;\">Luminosit\u00e9 maximale et clart\u00e9 int\u00e9rieure<\/span><\/strong><\/p>\n<p>Le milieu du jour est le moment o\u00f9 la lumi\u00e8re est la plus intense. Symboliquement, cette luminosit\u00e9 ext\u00e9rieure refl\u00e8te un \u00e9tat de clart\u00e9 int\u00e9rieure et de lucidit\u00e9 accrue. Dans de nombreuses traditions, dont le yoga, la lumi\u00e8re est associ\u00e9e \u00e0 la connaissance. <strong><span style=\"color: #008080;\">Ce moment de la journ\u00e9e repr\u00e9sente donc un \u00e9tat o\u00f9 les voiles de l&rsquo;illusion (maya) sont les plus fins<\/span><\/strong>, permettant une perception plus claire de la r\u00e9alit\u00e9 spirituelle.<\/p>\n<p>Cette intensit\u00e9 lumineuse \u00e0 midi trouve un \u00e9cho dans les pratiques m\u00e9ditatives et contemplatives. Dans le yoga, on parle souvent de d\u00e9velopper le \u00ab\u00a0t\u00e9moin int\u00e9rieur\u00a0\u00bb ou drasht\u0101, cette partie de notre conscience qui observe sans jugement. <strong><span style=\"color: #008080;\">La luminosit\u00e9 de midi peut \u00eatre vue comme une manifestation ext\u00e9rieure de cet \u00e9tat de conscience \u00e9lev\u00e9<\/span><\/strong>, o\u00f9 notre perception devient plus aigu\u00eb. C&rsquo;est un moment propice pour la pratique de pratyahara (le retrait des sens) et de dharana (la concentration), deux \u00e9tapes essentielles du yoga qui pr\u00e9parent \u00e0 la m\u00e9ditation. <strong><span style=\"color: #008080;\">La clart\u00e9 ext\u00e9rieure devient ainsi un support pour cultiver la clart\u00e9 int\u00e9rieure<\/span><\/strong>, nous permettant de voir au-del\u00e0 des apparences et de toucher \u00e0 l&rsquo;essence des choses.<\/p>\n<p><strong><span style=\"color: #993300;\">\u00c9quilibre parfait<\/span><\/strong><\/p>\n<p>Midi marque le point d&rsquo;\u00e9quilibre exact entre le matin et le soir, entre le lever et le coucher du soleil. <strong><span style=\"color: #008080;\">Cet \u00e9quilibre r\u00e9sonne avec l&rsquo;\u00e9tat de balance recherch\u00e9 dans les pratiques yogiques.<\/span> <\/strong>Il symbolise un moment o\u00f9 les \u00e9nergies oppos\u00e9es (comme ida et pingala dans le syst\u00e8me des nadis) sont en parfaite harmonie, cr\u00e9ant un \u00e9tat optimal pour la pratique.<\/p>\n<p>Cette notion d&rsquo;\u00e9quilibre \u00e0 midi r\u00e9sonne avec le concept de <strong><span style=\"color: #008080;\">sthira-sukham, l&rsquo;union de la stabilit\u00e9 et de l&rsquo;aisance<\/span><\/strong>. Dans l&rsquo;Ashtanga Yoga de Patanjali, la posture parfaite (asana) est d\u00e9crite comme celle qui combine fermet\u00e9 et confort. De m\u00eame, le moment de midi repr\u00e9sente un \u00e9quilibre parfait entre l&rsquo;\u00e9nergie ascendante du matin et l&rsquo;\u00e9nergie descendante du soir. <strong><span style=\"color: #008080;\">C&rsquo;est un instant o\u00f9 la tension entre les oppos\u00e9s se r\u00e9sout naturellement<\/span><\/strong>, offrant une fen\u00eatre pour exp\u00e9rimenter l&rsquo;\u00e9tat de samadhi, ou d&rsquo;union compl\u00e8te.<\/p>\n<p><strong><span style=\"color: #993300;\">Un moment de pause et de r\u00e9ceptivit\u00e9<\/span><\/strong><\/p>\n<p>Traditionnellement, midi est souvent un moment de pause dans les activit\u00e9s quotidiennes. Cette pause naturelle dans le rythme du jour cr\u00e9e <strong><span style=\"color: #008080;\">un espace propice \u00e0 la r\u00e9flexion, \u00e0 l&rsquo;introspection et \u00e0 la r\u00e9ceptivit\u00e9<\/span><\/strong>. C&rsquo;est un moment o\u00f9 l&rsquo;agitation du matin s&rsquo;est apais\u00e9e et o\u00f9 l&rsquo;esprit peut \u00eatre plus ouvert \u00e0 recevoir des enseignements.<\/p>\n<p>En interrompant le flux des t\u00e2ches quotidiennes, en prenant le temps de respirer profond\u00e9ment et de se recentrer, on cr\u00e9e un environnement favorable \u00e0 l&rsquo;accueil de la sagesse. Cette pause \u00e0 midi devient <strong><span style=\"color: #008080;\">une invitation \u00e0 reconna\u00eetre la valeur des moments de silence et de r\u00e9flexion<\/span><\/strong>, et \u00e0 nourrir notre d\u00e9veloppement spirituel.<\/p>\n<blockquote><p>La rencontre de J\u00e9sus et de la Samaritaine \u00e0 \u00ab\u00a0la sixi\u00e8me heure\u00a0\u00bb n&rsquo;est donc pas un simple d\u00e9tail historique, mais un indicateur puissant des conditions spirituelles optimales pour une rencontre transformatrice. Elle illustre comment, au coeur de notre vie quotidienne, il existe des moments particuli\u00e8rement propices \u00e0 l&rsquo;\u00e9veil, des instants o\u00f9 notre \u00eatre est naturellement plus align\u00e9 et r\u00e9ceptif.<\/p><\/blockquote>\n<p>Cette interpr\u00e9tation nous invite \u00e0 <strong><span style=\"color: #993300;\">\u00eatre attentifs \u00e0 ces moments d&rsquo;alignement<\/span><\/strong>, \u00e0 reconna\u00eetre et \u00e0 saisir ces opportunit\u00e9s qui peuvent surgir m\u00eame dans les circonstances les plus ordinaires. Elle nous rappelle que la spiritualit\u00e9 n&rsquo;est pas s\u00e9par\u00e9e de notre vie quotidienne, qu&rsquo;elle se manifeste \u00e0 tout moment, particuli\u00e8rement lorsque nous sommes centr\u00e9s, \u00e9quilibr\u00e9s et ouverts \u00e0 l&rsquo;inattendu.<\/p>\n<table style=\"background-color: #f4f5b8; height: 0px;\" width=\"0\">\n<tbody>\n<tr>\n<td style=\"text-align: center;\"><strong><span style=\"color: #008080;\"><em>J\u00e9sus et la Samaritaine &#8211; Revenez au <a style=\"color: #008080;\" href=\"https:\/\/ekongkar.yoga\/?p=38069\">sommaire<\/a> des chapitres<\/em><\/span><\/strong><\/td>\n<\/tr>\n<\/tbody>\n<\/table>\n<p><em>(Source de l&rsquo;illustration: Giuseppe Bartolomeo Chiari, Public domain, via Wikimedia Commons, Attribution not legally required &#8211; <a href=\"https:\/\/commons.wikimedia.org\/wiki\/File:Christ_and_the_Woman_of_Samaria_2000_CKS_06323_0228_000(013412).jpg\" target=\"_blank\" rel=\"noopener\">www.commons.wikimedia.org<\/a>)<\/em><\/p>\n","protected":false},"excerpt":{"rendered":"<p>Dans notre exploration continue de l&rsquo;\u00e9pisode de J\u00e9sus et la Samaritaine, nous abordons maintenant un quatri\u00e8me aspect de ce r\u00e9cit : la signification symbolique du moment de leur rencontre (sommaire des chapitres). Ce nouvel article s&rsquo;inscrit dans une s\u00e9rie d&rsquo;analyses, dont nous vous encourageons vivement \u00e0 d\u00e9couvrir les pr\u00e9c\u00e9dentes, en&#8230;<\/p>\n<p> <a class=\"continue-reading-link\" href=\"https:\/\/ekongkar.yoga\/?p=37906\"><span>Lire la suite&#8230;<\/span><i class=\"crycon-right-dir\"><\/i><\/a> <\/p>\n","protected":false},"author":2,"featured_media":38086,"comment_status":"closed","ping_status":"closed","sticky":false,"template":"","format":"standard","meta":{"fifu_image_url":"","fifu_image_alt":"","footnotes":""},"categories":[99],"tags":[],"class_list":["post-37906","post","type-post","status-publish","format-standard","has-post-thumbnail","hentry","category-bible"],"_links":{"self":[{"href":"https:\/\/ekongkar.yoga\/index.php?rest_route=\/wp\/v2\/posts\/37906","targetHints":{"allow":["GET"]}}],"collection":[{"href":"https:\/\/ekongkar.yoga\/index.php?rest_route=\/wp\/v2\/posts"}],"about":[{"href":"https:\/\/ekongkar.yoga\/index.php?rest_route=\/wp\/v2\/types\/post"}],"author":[{"embeddable":true,"href":"https:\/\/ekongkar.yoga\/index.php?rest_route=\/wp\/v2\/users\/2"}],"replies":[{"embeddable":true,"href":"https:\/\/ekongkar.yoga\/index.php?rest_route=%2Fwp%2Fv2%2Fcomments&post=37906"}],"version-history":[{"count":12,"href":"https:\/\/ekongkar.yoga\/index.php?rest_route=\/wp\/v2\/posts\/37906\/revisions"}],"predecessor-version":[{"id":38102,"href":"https:\/\/ekongkar.yoga\/index.php?rest_route=\/wp\/v2\/posts\/37906\/revisions\/38102"}],"wp:featuredmedia":[{"embeddable":true,"href":"https:\/\/ekongkar.yoga\/index.php?rest_route=\/wp\/v2\/media\/38086"}],"wp:attachment":[{"href":"https:\/\/ekongkar.yoga\/index.php?rest_route=%2Fwp%2Fv2%2Fmedia&parent=37906"}],"wp:term":[{"taxonomy":"category","embeddable":true,"href":"https:\/\/ekongkar.yoga\/index.php?rest_route=%2Fwp%2Fv2%2Fcategories&post=37906"},{"taxonomy":"post_tag","embeddable":true,"href":"https:\/\/ekongkar.yoga\/index.php?rest_route=%2Fwp%2Fv2%2Ftags&post=37906"}],"curies":[{"name":"wp","href":"https:\/\/api.w.org\/{rel}","templated":true}]}}