{"id":37483,"date":"2023-11-19T20:29:46","date_gmt":"2023-11-19T18:29:46","guid":{"rendered":"https:\/\/ekongkar.yoga\/?p=37483"},"modified":"2026-03-31T16:59:15","modified_gmt":"2026-03-31T14:59:15","slug":"a-la-decouverte-de-layurveda-angers-19-janvier-2024-atelier","status":"publish","type":"post","link":"https:\/\/ekongkar.yoga\/?p=37483","title":{"rendered":"A la d\u00e9couverte de l&rsquo;Ayurveda (Angers &#8211; 19 janvier 2024) &#8211; Atelier"},"content":{"rendered":"<p><strong><span style=\"color: #008080;\"><img loading=\"lazy\" decoding=\"async\" class=\"wp-image-37484 alignleft\" src=\"http:\/\/ekongkar.yoga\/wp-content\/uploads\/2024\/05\/formation-professeur-yoga-nidra-angers-nantes-bretagne-300x300.jpg\" alt=\"\" width=\"380\" height=\"380\" srcset=\"https:\/\/ekongkar.yoga\/wp-content\/uploads\/2024\/05\/formation-professeur-yoga-nidra-angers-nantes-bretagne-300x300.jpg 300w, https:\/\/ekongkar.yoga\/wp-content\/uploads\/2024\/05\/formation-professeur-yoga-nidra-angers-nantes-bretagne-1024x1024.jpg 1024w, https:\/\/ekongkar.yoga\/wp-content\/uploads\/2024\/05\/formation-professeur-yoga-nidra-angers-nantes-bretagne-150x150.jpg 150w, https:\/\/ekongkar.yoga\/wp-content\/uploads\/2024\/05\/formation-professeur-yoga-nidra-angers-nantes-bretagne-768x768.jpg 768w, https:\/\/ekongkar.yoga\/wp-content\/uploads\/2024\/05\/formation-professeur-yoga-nidra-angers-nantes-bretagne.jpg 1080w\" sizes=\"auto, (max-width: 380px) 100vw, 380px\" \/>Un voyage au c\u0153ur de l&rsquo;\u00e9quilibre et du bien-\u00eatre<\/span><span style=\"color: #800080;\"><br \/>\nVendredi 19 janvier 2024<br \/>\n<\/span><span style=\"color: #ff6600;\">Atelier de 20h \u00e0 21h30<br \/>\n<span style=\"color: #008080;\">Angers (HOME &#8211; \u00c9veils &amp; Yoga)<br \/>\n<\/span><\/span><span style=\"color: #993300;\"><span style=\"color: #800080;\"><a href=\"https:\/\/ekongkar.yoga\/?p=40481\" target=\"_blank\" rel=\"noopener\">gratuit<\/a><\/span><\/span><br \/>\n<\/strong><\/p>\n<p>Un atelier anim\u00e9 par <strong><span style=\"color: #008080;\">Jean-Pierre Vanderydt (Yoga Ekongkar)<\/span><\/strong><\/p>\n<p><strong><span style=\"color: #008080;\">Infos et\/ou inscription<\/span><\/strong>: 06.74.20.04.76<\/p>\n<p><strong><span style=\"color: #008080;\">Lieu:<\/span><\/strong> <a href=\"https:\/\/home-eveils-et-yoga-1.s2.yapla.com\/fr\/formation\" target=\"_blank\" rel=\"noopener\">HOME &#8211; \u00c9veils &amp; Yoga<\/a> (1 Impasse des Petits P\u00e8res &#8211; 49100 Angers)<\/p>\n<p><strong><span style=\"color: #008080;\">Envie de vous reconnecter \u00e0 votre nature profonde<\/span><\/strong>, d&rsquo;harmoniser votre corps et votre esprit et de d\u00e9couvrir les secrets d&rsquo;une vie plus saine et plus \u00e9panouissante?<\/p>\n<p>L&rsquo;<strong><span style=\"color: #008080;\">Ayurveda, m\u00e9decine ancestrale originaire d&rsquo;Inde<\/span><\/strong>, vous invite \u00e0 un voyage vers l&rsquo;\u00e9quilibre et le bien-\u00eatre. Cette science propose une approche personnalis\u00e9e et naturelle pour prendre soin de votre sant\u00e9 physique et mentale.<\/p>\n<p><strong><span style=\"color: #993300;\">Lors de cette soir\u00e9e, vous d\u00e9couvrirez :<\/span><\/strong><\/p>\n<ul>\n<li>Les principes fondamentaux de l&rsquo;Ayurveda et sa vision de l&rsquo;\u00e9quilibre des \u00e9nergies vitales (doshas)<\/li>\n<li>Des outils pratiques pour harmoniser vos doshas et am\u00e9liorer votre quotidien<\/li>\n<li>Des conseils personnalis\u00e9s pour une alimentation et un mode de vie ayurv\u00e9diques<\/li>\n<\/ul>\n<p>Cette soir\u00e9e est <strong><span style=\"color: #008080;\">ouverte \u00e0 tous<\/span><\/strong>, curieux de d\u00e9couvrir l&rsquo;Ayurveda et ses bienfaits ou souhaitant prendre en main votre sant\u00e9 de mani\u00e8re naturelle. Offrez-vous ce premier pas vers une vie plus harmonieuse et plus \u00e9panouissante!<\/p>\n<hr \/>\n<p><img loading=\"lazy\" decoding=\"async\" class=\"wp-image-11858 alignleft\" src=\"http:\/\/ekongkar.yoga\/wp-content\/uploads\/1400\/06\/Copie-de-Copie-de-Copie-de-Copie-de-Copie-de-Copie-de-Copie-de-Nouvelle-pub-google-et-Meta-300x300.jpg\" sizes=\"auto, (max-width: 145px) 100vw, 145px\" srcset=\"https:\/\/ekongkar.yoga\/wp-content\/uploads\/1400\/06\/Copie-de-Copie-de-Copie-de-Copie-de-Copie-de-Copie-de-Copie-de-Nouvelle-pub-google-et-Meta-300x300.jpg 300w, https:\/\/ekongkar.yoga\/wp-content\/uploads\/1400\/06\/Copie-de-Copie-de-Copie-de-Copie-de-Copie-de-Copie-de-Copie-de-Nouvelle-pub-google-et-Meta-100x100.jpg 100w, https:\/\/ekongkar.yoga\/wp-content\/uploads\/1400\/06\/Copie-de-Copie-de-Copie-de-Copie-de-Copie-de-Copie-de-Copie-de-Nouvelle-pub-google-et-Meta-768x768.jpg 768w, https:\/\/ekongkar.yoga\/wp-content\/uploads\/1400\/06\/Copie-de-Copie-de-Copie-de-Copie-de-Copie-de-Copie-de-Copie-de-Nouvelle-pub-google-et-Meta-1024x1024.jpg 1024w, https:\/\/ekongkar.yoga\/wp-content\/uploads\/1400\/06\/Copie-de-Copie-de-Copie-de-Copie-de-Copie-de-Copie-de-Copie-de-Nouvelle-pub-google-et-Meta-150x150.jpg 150w, https:\/\/ekongkar.yoga\/wp-content\/uploads\/1400\/06\/Copie-de-Copie-de-Copie-de-Copie-de-Copie-de-Copie-de-Copie-de-Nouvelle-pub-google-et-Meta-45x45.jpg 45w, https:\/\/ekongkar.yoga\/wp-content\/uploads\/1400\/06\/Copie-de-Copie-de-Copie-de-Copie-de-Copie-de-Copie-de-Copie-de-Nouvelle-pub-google-et-Meta.jpg 1080w\" alt=\"\" width=\"145\" height=\"145\" \/>Kin\u00e9sith\u00e9rapeute de profession,\u00a0<strong><span style=\"color: #008080;\">Jean-Pierre Vanderydt<\/span><\/strong>\u00a0pratique le yoga depuis pr\u00e8s de 30 ans dans la lign\u00e9es de diff\u00e9rents ma\u00eetres de tradition bouddhiste tib\u00e9taine.\u00a0<strong><span style=\"color: #008080;\">Cette pratique est au c\u0153ur de sa vie<\/span><\/strong>. Ses voyages en Inde et ses rencontres avec plusieurs ma\u00eetres indiens l\u2019ont par ailleurs conduit \u00e0 explorer diff\u00e9rentes autres formes de yoga, en particulier le Kundalini Yoga. Son expertise en anatomie et physiologie enrichit son enseignement, tout comme une formation universitaire initiale en litt\u00e9rature et en th\u00e9ologie qui l\u2019on amen\u00e9 \u00e0 explorer l\u2019histoire du yoga et les syst\u00e8mes philosophiques d\u2019origine indienne.<\/p>\n<hr \/>\n<table>\n<tbody>\n<tr>\n<td style=\"background-color: #f8fad9; text-align: left;\"><span style=\"font-size: 14pt;\"><span class=\"x3nfvp2 x1j61x8r x1fcty0u xdj266r xhhsvwb xat24cr xgzva0m xxymvpz xlup9mm x1kky2od\"><a href=\"https:\/\/www.facebook.com\/professeur.yoga\/\" target=\"_blank\" rel=\"noopener noreferrer\"><img loading=\"lazy\" decoding=\"async\" class=\"wp-image-11752 alignright\" src=\"http:\/\/ekongkar.yoga\/wp-content\/uploads\/1500\/06\/pngwing.com-11-300x290.png\" alt=\"\" width=\"88\" height=\"85\" srcset=\"https:\/\/ekongkar.yoga\/wp-content\/uploads\/1500\/06\/pngwing.com-11-300x290.png 300w, https:\/\/ekongkar.yoga\/wp-content\/uploads\/1500\/06\/pngwing.com-11.png 754w\" sizes=\"auto, (max-width: 88px) 100vw, 88px\" \/><\/a><strong><span style=\"color: #993300;\">Formation Professeur de Yoga<\/span><\/strong> &#8211; Nous sommes l\u00e0 pour discuter de votre situation, de vos attentes et de vos projets. <strong><span style=\"color: #993300;\">Contactez-nous!<\/span><\/strong> 06.74.20.04.76 &#8211; Jean-Pierre Vanderydt &#8211; formation.professeur.yoga@gmail.com<\/span><\/span><\/td>\n<\/tr>\n<\/tbody>\n<\/table>\n<p><a href=\"https:\/\/www.facebook.com\/professeur.yoga\/\" target=\"_blank\" rel=\"noopener\"><img loading=\"lazy\" decoding=\"async\" class=\"wp-image-37347 aligncenter\" src=\"http:\/\/ekongkar.yoga\/wp-content\/uploads\/1023\/10\/Formation-prof-de-yoga-nantes-angers-bretagne-300x114.jpg\" alt=\"\" width=\"826\" height=\"315\" srcset=\"https:\/\/ekongkar.yoga\/wp-content\/uploads\/1023\/10\/Formation-prof-de-yoga-nantes-angers-bretagne-300x114.jpg 300w, https:\/\/ekongkar.yoga\/wp-content\/uploads\/1023\/10\/Formation-prof-de-yoga-nantes-angers-bretagne-768x292.jpg 768w, https:\/\/ekongkar.yoga\/wp-content\/uploads\/1023\/10\/Formation-prof-de-yoga-nantes-angers-bretagne.jpg 828w\" sizes=\"auto, (max-width: 826px) 100vw, 826px\" \/><\/a><\/p>\n","protected":false},"excerpt":{"rendered":"<p>Un voyage au c\u0153ur de l&rsquo;\u00e9quilibre et du bien-\u00eatre Vendredi 19 janvier 2024 Atelier de 20h \u00e0 21h30 Angers (HOME &#8211; \u00c9veils &amp; Yoga) gratuit Un atelier anim\u00e9 par Jean-Pierre Vanderydt (Yoga Ekongkar) Infos et\/ou inscription: 06.74.20.04.76 Lieu: HOME &#8211; \u00c9veils &amp; Yoga (1 Impasse des Petits P\u00e8res &#8211; 49100&#8230;<\/p>\n<p> <a class=\"continue-reading-link\" href=\"https:\/\/ekongkar.yoga\/?p=37483\"><span>Lire la suite&#8230;<\/span><i class=\"crycon-right-dir\"><\/i><\/a> <\/p>\n","protected":false},"author":1,"featured_media":37506,"comment_status":"closed","ping_status":"open","sticky":false,"template":"","format":"standard","meta":{"fifu_image_url":"","fifu_image_alt":"","footnotes":""},"categories":[7,22,48],"tags":[],"class_list":["post-37483","post","type-post","status-publish","format-standard","has-post-thumbnail","hentry","category-atelier-angers","category-formation-professeur-de-yoga","category-stages"],"_links":{"self":[{"href":"https:\/\/ekongkar.yoga\/index.php?rest_route=\/wp\/v2\/posts\/37483","targetHints":{"allow":["GET"]}}],"collection":[{"href":"https:\/\/ekongkar.yoga\/index.php?rest_route=\/wp\/v2\/posts"}],"about":[{"href":"https:\/\/ekongkar.yoga\/index.php?rest_route=\/wp\/v2\/types\/post"}],"author":[{"embeddable":true,"href":"https:\/\/ekongkar.yoga\/index.php?rest_route=\/wp\/v2\/users\/1"}],"replies":[{"embeddable":true,"href":"https:\/\/ekongkar.yoga\/index.php?rest_route=%2Fwp%2Fv2%2Fcomments&post=37483"}],"version-history":[{"count":1,"href":"https:\/\/ekongkar.yoga\/index.php?rest_route=\/wp\/v2\/posts\/37483\/revisions"}],"predecessor-version":[{"id":40555,"href":"https:\/\/ekongkar.yoga\/index.php?rest_route=\/wp\/v2\/posts\/37483\/revisions\/40555"}],"wp:featuredmedia":[{"embeddable":true,"href":"https:\/\/ekongkar.yoga\/index.php?rest_route=\/wp\/v2\/media\/37506"}],"wp:attachment":[{"href":"https:\/\/ekongkar.yoga\/index.php?rest_route=%2Fwp%2Fv2%2Fmedia&parent=37483"}],"wp:term":[{"taxonomy":"category","embeddable":true,"href":"https:\/\/ekongkar.yoga\/index.php?rest_route=%2Fwp%2Fv2%2Fcategories&post=37483"},{"taxonomy":"post_tag","embeddable":true,"href":"https:\/\/ekongkar.yoga\/index.php?rest_route=%2Fwp%2Fv2%2Ftags&post=37483"}],"curies":[{"name":"wp","href":"https:\/\/api.w.org\/{rel}","templated":true}]}}