{"id":2459,"date":"2016-10-11T10:18:13","date_gmt":"2016-10-11T08:18:13","guid":{"rendered":"http:\/\/ekongkar.yoga\/?p=2459"},"modified":"2025-12-23T13:28:53","modified_gmt":"2025-12-23T12:28:53","slug":"festival-international-de-yoga-a-parmath-niketan","status":"publish","type":"post","link":"https:\/\/ekongkar.yoga\/?p=2459","title":{"rendered":"Festival International de Yoga \u00e0 Parmath Niketan"},"content":{"rendered":"<p>Voici <strong><span style=\"color: #008080;\">une semaine de Yoga<\/span> <\/strong>bien tentante, \u00e0 Rishikesh en Inde, \u00e0 l&rsquo;occasion du <strong><span style=\"color: #008080;\">Festival International de Yoga \u00e0 Parmath Niketan<\/span><\/strong>.<\/p>\n<p>Du <strong><span style=\"color: #008080;\">1er au 7 mars 2017<\/span><\/strong>, l&rsquo;Ashram Parmarth Niketan \u00e0 Rishikesh accueillera le 29\u00e8me Festival international annuel. Ce festival est fr\u00e9quent\u00e9 par de nombreux ma\u00eetres spirituels, saints, rishis et enseignants de renomm\u00e9es mondiales.<\/p>\n<p><strong><span style=\"color: #008080;\">De nombreux yogas<\/span><\/strong> seront pratiqu\u00e9s \u00e0 cette occasion: Kundalini Yoga, yoga Iyengar, Jivamukti Yoga, Vinyasa Yoga, Sivananda Yoga, Shintoh Yoga, Kriya Yoga, Nada Yoga, hatha yoga traditionnel et bien d&rsquo;autres encore.<\/p>\n<p><strong><span style=\"color: #993300;\">Pour en savoir plus<\/span><\/strong> et vous inscrire d\u00e8s \u00e0 pr\u00e9sent suivez ce lien <a href=\"http:\/\/www.internationalyogafestival.org\" target=\"_blank\" rel=\"noopener noreferrer\">www.internationalyogafestival.org<\/a> et pour vous mettre l&rsquo;eau \u00e0 la bouche en images:<\/p>\n<p><iframe loading=\"lazy\" src=\"https:\/\/www.youtube.com\/embed\/U3cBzDomgY0\" width=\"560\" height=\"315\" frameborder=\"0\" allowfullscreen=\"allowfullscreen\"><\/iframe><\/p>\n","protected":false},"excerpt":{"rendered":"<p>Voici une semaine de Yoga bien tentante, \u00e0 Rishikesh en Inde, \u00e0 l&rsquo;occasion du Festival International de Yoga \u00e0 Parmath Niketan. Du 1er au 7 mars 2017, l&rsquo;Ashram Parmarth Niketan \u00e0 Rishikesh accueillera le 29\u00e8me Festival international annuel. Ce festival est fr\u00e9quent\u00e9 par de nombreux ma\u00eetres spirituels, saints, rishis et&#8230;<\/p>\n<p> <a class=\"continue-reading-link\" href=\"https:\/\/ekongkar.yoga\/?p=2459\"><span>Lire la suite&#8230;<\/span><i class=\"crycon-right-dir\"><\/i><\/a> <\/p>\n","protected":false},"author":1,"featured_media":2460,"comment_status":"closed","ping_status":"open","sticky":false,"template":"","format":"standard","meta":{"fifu_image_url":"","fifu_image_alt":"","footnotes":""},"categories":[25,28,31],"tags":[],"class_list":["post-2459","post","type-post","status-publish","format-standard","has-post-thumbnail","hentry","category-inde","category-les-yogas","category-maitres"],"_links":{"self":[{"href":"https:\/\/ekongkar.yoga\/index.php?rest_route=\/wp\/v2\/posts\/2459","targetHints":{"allow":["GET"]}}],"collection":[{"href":"https:\/\/ekongkar.yoga\/index.php?rest_route=\/wp\/v2\/posts"}],"about":[{"href":"https:\/\/ekongkar.yoga\/index.php?rest_route=\/wp\/v2\/types\/post"}],"author":[{"embeddable":true,"href":"https:\/\/ekongkar.yoga\/index.php?rest_route=\/wp\/v2\/users\/1"}],"replies":[{"embeddable":true,"href":"https:\/\/ekongkar.yoga\/index.php?rest_route=%2Fwp%2Fv2%2Fcomments&post=2459"}],"version-history":[{"count":1,"href":"https:\/\/ekongkar.yoga\/index.php?rest_route=\/wp\/v2\/posts\/2459\/revisions"}],"predecessor-version":[{"id":39921,"href":"https:\/\/ekongkar.yoga\/index.php?rest_route=\/wp\/v2\/posts\/2459\/revisions\/39921"}],"wp:featuredmedia":[{"embeddable":true,"href":"https:\/\/ekongkar.yoga\/index.php?rest_route=\/wp\/v2\/media\/2460"}],"wp:attachment":[{"href":"https:\/\/ekongkar.yoga\/index.php?rest_route=%2Fwp%2Fv2%2Fmedia&parent=2459"}],"wp:term":[{"taxonomy":"category","embeddable":true,"href":"https:\/\/ekongkar.yoga\/index.php?rest_route=%2Fwp%2Fv2%2Fcategories&post=2459"},{"taxonomy":"post_tag","embeddable":true,"href":"https:\/\/ekongkar.yoga\/index.php?rest_route=%2Fwp%2Fv2%2Ftags&post=2459"}],"curies":[{"name":"wp","href":"https:\/\/api.w.org\/{rel}","templated":true}]}}