{"id":2238,"date":"2016-09-09T07:26:04","date_gmt":"2016-09-09T05:26:04","guid":{"rendered":"http:\/\/ekongkar.yoga\/?p=2238"},"modified":"2025-12-23T13:13:21","modified_gmt":"2025-12-23T12:13:21","slug":"letirement-du-nerf-de-vie","status":"publish","type":"post","link":"https:\/\/ekongkar.yoga\/?p=2238","title":{"rendered":"L\u2019\u00e9tirement du nerf de vie"},"content":{"rendered":"<p>Voici dans ce blog la premi\u00e8re d&rsquo;une s\u00e9ries de r\u00e9flexions et de conseils sur diff\u00e9rentes postures (assana) que nous avons coutume de r\u00e9aliser&#8230;<\/p>\n<p>Commen\u00e7ons avec l&rsquo;<strong><span style=\"color: #008080;\">\u00e9tirement du nerf de vie\u00a0<\/span><\/strong>(Paschimottan\u00e2sana).<\/p>\n<p><em><span style=\"font-size: 12pt;\">\u00ab\u00a0Nerf de vie\u00a0\u00bb fait r\u00e9f\u00e9rence au <strong><span style=\"color: #008080;\">nerf sciatique<\/span><\/strong><\/span><\/em><em><span style=\"font-size: 12pt;\">, le plus gros et le plus long nerf de l&rsquo;organisme. Ce nerf prend naissance dans le <strong><span style=\"color: #008080;\">bas du do<\/span><span style=\"color: #008080;\">s<\/span><\/strong>, il est issu de fibres venant des deux derni\u00e8res racines lombaires (L4 et L5) et des trois premi\u00e8res racines sacr\u00e9es. Il sort ensuite du petit bassin pour s&rsquo;engager verticalement dans la loge post\u00e9rieure de la cuisse jusqu&rsquo;\u00e0 l&rsquo;arri\u00e8re du genou (fosse poplit\u00e9e) o\u00f9 il se s\u00e9pare en deux branches: le nerf tibial et le nerf fibulaire commun. Sa fonction est double, d&rsquo;une part <strong><span style=\"color: #008080;\">motrice<\/span><\/strong>, il assure l&rsquo;extension de la cuisse, la flexion de la jambe et les flexion \/\u00a0extension du pied; et d&rsquo;autre part <strong><span style=\"color: #008080;\">sensitive<\/span><\/strong>, faisant remonter l&rsquo;information des faces lat\u00e9rale et arri\u00e8re de la jambe et de l&rsquo;ensemble du pied.<\/span><\/em><\/p>\n<p><strong><span style=\"color: #800000;\">Instructions :<\/span><\/strong><\/p>\n<ul>\n<li>assis, jambes \u00e9tendues devant, pieds joints ou l\u00e9g\u00e8rement \u00e9cart\u00e9s.<\/li>\n<li>pouce et index de chaque main tiennent fermement les gros orteils (le pouce presse sur l\u2019ongle de l\u2019orteil).<\/li>\n<li>poitrine pos\u00e9e sur les cuisses et t\u00eate pos\u00e9e sur les genoux.<\/li>\n<li>dans la pratique dynamique de cette posture, on distingue deux phases. A l\u2019inspir le tronc se redresse et \u00e9ventuellement les bras sont port\u00e9s au dessus de la t\u00eate. A l\u2019expir, le tronc s\u2019incline vers l\u2019avant, la poitrine est pos\u00e9e sur les cuisses et la t\u00eate sur les genoux. Souffle et mouvements du corps sont ainsi parfaitement coordonn\u00e9s.<\/li>\n<\/ul>\n<p><strong><span style=\"color: #800000;\">Finalit\u00e9 et b\u00e9n\u00e9fices :<\/span><\/strong><\/p>\n<p>L\u2019\u00e9tirement du nerf de vie (sciatique) est <strong><span style=\"color: #008080;\">une des grandes postures du Yoga<\/span><\/strong>. Elle \u00e9tire tout l\u2019arri\u00e8re du corps, notamment l\u2019arri\u00e8re de la colonne vert\u00e9brale et l\u2019arri\u00e8re des membres inf\u00e9rieurs.<\/p>\n<p>Dans la pratique dynamique de cette posture, la flexion du tronc vers l\u2019avant<strong><span style=\"color: #008080;\"> masse les visc\u00e8res<\/span> <\/strong>de la cavit\u00e9 abdominale, elle est ainsi recommand\u00e9e en lutte contre la constipation dans les cas de paresse intestinale.<\/p>\n<p>Du point de vie \u00e9nerg\u00e9tique, il est dit que cette posture <strong><span style=\"color: #008080;\">immobilise prana et apana<\/span><\/strong>, limite le passage des souffles dans les deux nadis lat\u00e9raux (ida et pingala) et favorise l\u2019ouverture du canal central.<\/p>\n<p><strong><span style=\"color: #800000;\">Risques et bons am\u00e9nagements :<\/span><\/strong><\/p>\n<p><strong><span style=\"color: #008080;\">Les occidentaux appellent souvent cette posture la \u00ab pince \u00bb<\/span><\/strong>, et effectivement elle a bien l\u2019apparence d\u2019une pince qui se ferme. Cette appellation est int\u00e9ressante car lorsque la posture est mal ex\u00e9cut\u00e9e, c\u2019est \u00e0 des \u00ab pincements \u00bb dangereux des disques intervert\u00e9braux qu\u2019elle expose.<\/p>\n<p>Cette posture (tout comme d\u2019autres \u00e9tirements avant) est souvent mal ex\u00e9cut\u00e9es car la flexion n\u2019est pas suffisamment r\u00e9alis\u00e9e au niveau des hanches, la pliure en deux est plut\u00f4t observ\u00e9e au niveau de la taille (la colonne est enroul\u00e9e), engendrant des contraintes vert\u00e9brales importantes et \u00e9ventuellement des <strong><span style=\"color: #008080;\">\u00e9crasements dangereux des disques intervert\u00e9braux<\/span><\/strong>.<\/p>\n<p>En particulier les personnes souffrantes de lombalgies ou ayant une fragilit\u00e9 av\u00e9r\u00e9e \u00e0 ce niveau doivent <strong><span style=\"color: #008080;\">s\u2019entourer de pr\u00e9cautions<\/span><\/strong> et apporter un soin particulier \u00e0 l\u2019adaptation de cette posture.<\/p>\n<p>L\u2019objectif \u00e0 garder en m\u00e9moire lors de l\u2019ex\u00e9cution de cette posture est d\u2019<strong><span style=\"color: #008080;\">allonger et d\u2019\u00e9tirer le dos<\/span><\/strong> (auto-grandissement) et non de tasser les lombaires.<\/p>\n<ul>\n<li>Se pencher en avant depuis les hanches, sans arrondir le bas du dos. <strong><span style=\"color: #008080;\">Limiter l\u2019amplitude de la flexion<\/span><\/strong> en cons\u00e9quence. Rehausser le bassin avec un coussin ou une couverture pli\u00e9e permet d\u2019augmenter d\u2019autant cette amplitude de flexion.<\/li>\n<li>Au besoin, pour les personnes fragiles et afin de tout de m\u00eame saisir les gros orteils, il peut \u00eatre envisag\u00e9 de plier les genoux. <strong><span style=\"color: #008080;\">Plier les genoux<\/span><\/strong> limite la tension dans les muscles ischio-jambiers (souvent trop courts) et cette seule adaptation permet de maintenir un dos droit et s\u00e9curis\u00e9.<\/li>\n<\/ul>\n<p><em>Il n&rsquo;est pas facile de trouver sur le web un sujet r\u00e9alisant cette posture sans arrondir le dos, je n&rsquo;en ai trouv\u00e9 qu&rsquo;une seule, qui illustre maintenant ce texte: source de l&rsquo;illustration: <a href=\"http:\/\/www.degasquet.com\/\" target=\"_blank\" rel=\"noopener noreferrer\">Degasquet Institut &#8211;\u00a0www.degasquet.com<\/a><\/em><\/p>\n","protected":false},"excerpt":{"rendered":"<p>Voici dans ce blog la premi\u00e8re d&rsquo;une s\u00e9ries de r\u00e9flexions et de conseils sur diff\u00e9rentes postures (assana) que nous avons coutume de r\u00e9aliser&#8230; Commen\u00e7ons avec l&rsquo;\u00e9tirement du nerf de vie\u00a0(Paschimottan\u00e2sana). \u00ab\u00a0Nerf de vie\u00a0\u00bb fait r\u00e9f\u00e9rence au nerf sciatique, le plus gros et le plus long nerf de l&rsquo;organisme. Ce nerf&#8230;<\/p>\n<p> <a class=\"continue-reading-link\" href=\"https:\/\/ekongkar.yoga\/?p=2238\"><span>Lire la suite&#8230;<\/span><i class=\"crycon-right-dir\"><\/i><\/a> <\/p>\n","protected":false},"author":1,"featured_media":0,"comment_status":"closed","ping_status":"open","sticky":false,"template":"","format":"standard","meta":{"fifu_image_url":"","fifu_image_alt":"","footnotes":""},"categories":[26,49],"tags":[],"class_list":["post-2238","post","type-post","status-publish","format-standard","hentry","category-kundalini-yoga","category-techniques-du-yoga"],"_links":{"self":[{"href":"https:\/\/ekongkar.yoga\/index.php?rest_route=\/wp\/v2\/posts\/2238","targetHints":{"allow":["GET"]}}],"collection":[{"href":"https:\/\/ekongkar.yoga\/index.php?rest_route=\/wp\/v2\/posts"}],"about":[{"href":"https:\/\/ekongkar.yoga\/index.php?rest_route=\/wp\/v2\/types\/post"}],"author":[{"embeddable":true,"href":"https:\/\/ekongkar.yoga\/index.php?rest_route=\/wp\/v2\/users\/1"}],"replies":[{"embeddable":true,"href":"https:\/\/ekongkar.yoga\/index.php?rest_route=%2Fwp%2Fv2%2Fcomments&post=2238"}],"version-history":[{"count":2,"href":"https:\/\/ekongkar.yoga\/index.php?rest_route=\/wp\/v2\/posts\/2238\/revisions"}],"predecessor-version":[{"id":39899,"href":"https:\/\/ekongkar.yoga\/index.php?rest_route=\/wp\/v2\/posts\/2238\/revisions\/39899"}],"wp:attachment":[{"href":"https:\/\/ekongkar.yoga\/index.php?rest_route=%2Fwp%2Fv2%2Fmedia&parent=2238"}],"wp:term":[{"taxonomy":"category","embeddable":true,"href":"https:\/\/ekongkar.yoga\/index.php?rest_route=%2Fwp%2Fv2%2Fcategories&post=2238"},{"taxonomy":"post_tag","embeddable":true,"href":"https:\/\/ekongkar.yoga\/index.php?rest_route=%2Fwp%2Fv2%2Ftags&post=2238"}],"curies":[{"name":"wp","href":"https:\/\/api.w.org\/{rel}","templated":true}]}}