{"id":12774,"date":"2023-12-04T17:01:13","date_gmt":"2023-12-04T15:01:13","guid":{"rendered":"http:\/\/ekongkar.yoga\/?p=12774"},"modified":"2026-03-03T15:15:19","modified_gmt":"2026-03-03T14:15:19","slug":"formation-yoga-doula-yoga-perinatal-2024-2025","status":"publish","type":"post","link":"https:\/\/ekongkar.yoga\/?p=12774","title":{"rendered":"Formation Yoga Doula &#038; Yoga p\u00e9rinatal 2024 \u2013 2025"},"content":{"rendered":"<p style=\"text-align: center;\"><a href=\"https:\/\/yoga-doula.eu\/formation-yoga-doula-et-yoga-perinatal\/\" target=\"_blank\" rel=\"noopener noreferrer\"><img loading=\"lazy\" decoding=\"async\" class=\" wp-image-12775 alignright\" src=\"http:\/\/ekongkar.yoga\/wp-content\/uploads\/2023\/12\/395335712_708462567982081_7037176909227877098_n-300x300.jpg\" alt=\"\" width=\"380\" height=\"380\" srcset=\"https:\/\/ekongkar.yoga\/wp-content\/uploads\/2023\/12\/395335712_708462567982081_7037176909227877098_n-300x300.jpg 300w, https:\/\/ekongkar.yoga\/wp-content\/uploads\/2023\/12\/395335712_708462567982081_7037176909227877098_n-1024x1024.jpg 1024w, https:\/\/ekongkar.yoga\/wp-content\/uploads\/2023\/12\/395335712_708462567982081_7037176909227877098_n-150x150.jpg 150w, https:\/\/ekongkar.yoga\/wp-content\/uploads\/2023\/12\/395335712_708462567982081_7037176909227877098_n-768x768.jpg 768w, https:\/\/ekongkar.yoga\/wp-content\/uploads\/2023\/12\/395335712_708462567982081_7037176909227877098_n.jpg 1080w\" sizes=\"auto, (max-width: 380px) 100vw, 380px\" \/><\/a><strong><span style=\"font-size: 14pt; color: #993300;\">Devenez Yoga Doula et accompagnez les parents sur le chemin de la maternit\u00e9&#8230;<\/span><\/strong><\/p>\n<p style=\"text-align: center;\">Vous d\u00e9sirez <strong><span style=\"color: #008080;\">accompagner la maternit\u00e9 consciente<\/span><\/strong> &amp; offrir un soutien non m\u00e9dical \u00e0 la m\u00e8re &amp; sa famille?<br \/>\nVous souhaitez vous \u00e9panouir avec votre nature f\u00e9minine &amp; <strong><span style=\"color: #008080;\">explorer votre potentiel cr\u00e9ateur<\/span><\/strong>?<br \/>\nVous \u00eates enceinte et vous avez envie de profiter de ces enseignements pour <strong><span style=\"color: #008080;\">optimiser votre exp\u00e9rience de la maternit\u00e9<\/span><\/strong>?<\/p>\n<p>D\u00e9couvrez alors le <strong><span style=\"color: #008080;\">programme complet<\/span><\/strong> sur le site de l&rsquo;<strong><span style=\"color: #993300;\">Ecole Yoga Doula<\/span><\/strong>: <a href=\"https:\/\/yoga-doula.eu\/\" target=\"_blank\" rel=\"noopener noreferrer\">www.yoga-doula.eu<\/a><\/p>\n<p><strong><span style=\"color: #008080;\">Formation globale en 275 heures<\/span><\/strong> alliant 13 jours de pratique en pr\u00e9sentiel, 28h vid\u00e9os d\u2019enseignements th\u00e9oriques et pratiques ainsi que des visioconf\u00e9rences bi-mensuelles. Cette formation est pr\u00e9vue sur minimum 12 mois, maximum 3 ans.<\/p>\n<table>\n<tbody>\n<tr>\n<td style=\"background-color: #f7f6b7;\">\n<p style=\"text-align: center;\"><strong><span style=\"font-size: 14pt; color: #993300;\">Ecole Yoga Doula &#8211; <\/span><\/strong><em>Promouvoir le bien-\u00eatre de la m\u00e8re et de sa famille autour de l\u2019enfantement<br \/>\n<span style=\"font-size: 14pt;\"><strong><span style=\"color: #008080;\">Site web:<\/span><\/strong> <a href=\"https:\/\/yoga-doula.eu\/\" target=\"_blank\" rel=\"noopener noreferrer\">www.yoga-doula.eu<\/a> &#8211; <a href=\"https:\/\/www.facebook.com\/ecoleyogadoula\" target=\"_blank\" rel=\"noopener noreferrer\">Facebook<\/a> &#8211; <a href=\"https:\/\/www.instagram.com\/ecoleyogadoula\" target=\"_blank\" rel=\"noopener noreferrer\">Instagram<\/a><\/span><\/em><\/p>\n<p><a href=\"https:\/\/yoga-doula.eu\" target=\"_blank\" rel=\"noopener noreferrer\"><img loading=\"lazy\" decoding=\"async\" class=\" wp-image-12779 alignright\" src=\"http:\/\/ekongkar.yoga\/wp-content\/uploads\/2023\/12\/YD2-240x300.png\" alt=\"\" width=\"149\" height=\"186\" srcset=\"https:\/\/ekongkar.yoga\/wp-content\/uploads\/2023\/12\/YD2-240x300.png 240w, https:\/\/ekongkar.yoga\/wp-content\/uploads\/2023\/12\/YD2.png 380w\" sizes=\"auto, (max-width: 149px) 100vw, 149px\" \/><\/a>L\u2019\u00e9cole dispense des <strong><span style=\"color: #008080;\">formations afin de soutenir les femmes et leur partenaire<\/span><\/strong> pendant la grossesse, l\u2019accouchement et la p\u00e9riode postnatale pour:<\/p>\n<ul>\n<li>Assurer <strong><span style=\"color: #008080;\">pr\u00e9sence et \u00e9coute<\/span><\/strong> afin que chaque m\u00e8re puisse vivre l&rsquo;exp\u00e9rience de la maternit\u00e9 en \u00e9tant actrice de son processus au plus pr\u00e8s de ses aspirations<\/li>\n<li><strong><span style=\"color: #008080;\">Accompagner<\/span> <\/strong>le\/la partenaire pour qu&rsquo;il\/elle puisse se sentir \u00e0 sa place et pr\u00e9par\u00e9.e \u00e0 soutenir sa compagne selon leurs d\u00e9sirs<\/li>\n<\/ul>\n<p><span style=\"font-size: 14pt;\"><strong><span style=\"color: #993300;\">Les sp\u00e9cificit\u00e9s de l\u2019\u00e9cole sont:<\/span><\/strong><\/span><\/p>\n<ul>\n<li>une approche d\u2019accompagnement syst\u00e9mique et holistique<\/li>\n<li>la pratique de <strong><span style=\"color: #008080;\">yoga pr\u00e9 &amp; post-natal<\/span><\/strong><\/li>\n<li>des<strong><span style=\"color: #008080;\"> principes de l\u2019ayurv\u00e9da<\/span><\/strong> appliqu\u00e9e aux soins et \u00e0 l\u2019alimentation de la m\u00e8re<\/li>\n<li>des pratiques indig\u00e8nes d\u2019Am\u00e9rique latine<\/li>\n<\/ul>\n<p><span style=\"font-size: 14pt;\"><strong><span style=\"color: #993300;\">Selon vos besoins, les propositions de l\u2019\u00e9cole s\u2019adaptent \u00e0 vos projets:<\/span><\/strong><\/span><\/p>\n<ul>\n<li><strong><span style=\"color: #008080;\">formation globale Yoga Doula &amp; Yoga p\u00e9rinatal<\/span><\/strong> en 275 heures alliant 13 jours de pr\u00e9sentiel, 28 heures de vid\u00e9os d\u2019enseignements th\u00e9oriques et pratiques en ligne ainsi que des visioconf\u00e9rences bi-mensuelles<\/li>\n<li><strong><span style=\"color: #008080;\">modules \u00e0 la carte<\/span><\/strong> : Programme Yoga Maternit\u00e9, Parcours Devenir Parents, Transmission soin Rebozo, Accompagnement de la femme autour l\u2019IVG<\/li>\n<\/ul>\n<\/td>\n<\/tr>\n<\/tbody>\n<\/table>\n<p style=\"text-align: center;\"><a href=\"https:\/\/yoga-doula.eu\/formation-yoga-doula-et-yoga-perinatal\/\" target=\"_blank\" rel=\"noopener noreferrer\"><img loading=\"lazy\" decoding=\"async\" class=\"alignnone size-medium wp-image-12780\" src=\"http:\/\/ekongkar.yoga\/wp-content\/uploads\/2023\/12\/Yoga-doula-300x111.jpg\" alt=\"\" width=\"851\" height=\"315\" srcset=\"https:\/\/ekongkar.yoga\/wp-content\/uploads\/2023\/12\/Yoga-doula-300x111.jpg 300w, https:\/\/ekongkar.yoga\/wp-content\/uploads\/2023\/12\/Yoga-doula-768x284.jpg 768w, https:\/\/ekongkar.yoga\/wp-content\/uploads\/2023\/12\/Yoga-doula.jpg 851w\" sizes=\"auto, (max-width: 851px) 100vw, 851px\" \/><\/a><\/p>\n","protected":false},"excerpt":{"rendered":"<p>Devenez Yoga Doula et accompagnez les parents sur le chemin de la maternit\u00e9&#8230; Vous d\u00e9sirez accompagner la maternit\u00e9 consciente &amp; offrir un soutien non m\u00e9dical \u00e0 la m\u00e8re &amp; sa famille? Vous souhaitez vous \u00e9panouir avec votre nature f\u00e9minine &amp; explorer votre potentiel cr\u00e9ateur? Vous \u00eates enceinte et vous avez&#8230;<\/p>\n<p> <a class=\"continue-reading-link\" href=\"https:\/\/ekongkar.yoga\/?p=12774\"><span>Lire la suite&#8230;<\/span><i class=\"crycon-right-dir\"><\/i><\/a> <\/p>\n","protected":false},"author":1,"featured_media":12783,"comment_status":"closed","ping_status":"open","sticky":false,"template":"","format":"standard","meta":{"fifu_image_url":"","fifu_image_alt":"","footnotes":""},"categories":[28],"tags":[],"class_list":["post-12774","post","type-post","status-publish","format-standard","has-post-thumbnail","hentry","category-les-yogas"],"_links":{"self":[{"href":"https:\/\/ekongkar.yoga\/index.php?rest_route=\/wp\/v2\/posts\/12774","targetHints":{"allow":["GET"]}}],"collection":[{"href":"https:\/\/ekongkar.yoga\/index.php?rest_route=\/wp\/v2\/posts"}],"about":[{"href":"https:\/\/ekongkar.yoga\/index.php?rest_route=\/wp\/v2\/types\/post"}],"author":[{"embeddable":true,"href":"https:\/\/ekongkar.yoga\/index.php?rest_route=\/wp\/v2\/users\/1"}],"replies":[{"embeddable":true,"href":"https:\/\/ekongkar.yoga\/index.php?rest_route=%2Fwp%2Fv2%2Fcomments&post=12774"}],"version-history":[{"count":1,"href":"https:\/\/ekongkar.yoga\/index.php?rest_route=\/wp\/v2\/posts\/12774\/revisions"}],"predecessor-version":[{"id":40244,"href":"https:\/\/ekongkar.yoga\/index.php?rest_route=\/wp\/v2\/posts\/12774\/revisions\/40244"}],"wp:featuredmedia":[{"embeddable":true,"href":"https:\/\/ekongkar.yoga\/index.php?rest_route=\/wp\/v2\/media\/12783"}],"wp:attachment":[{"href":"https:\/\/ekongkar.yoga\/index.php?rest_route=%2Fwp%2Fv2%2Fmedia&parent=12774"}],"wp:term":[{"taxonomy":"category","embeddable":true,"href":"https:\/\/ekongkar.yoga\/index.php?rest_route=%2Fwp%2Fv2%2Fcategories&post=12774"},{"taxonomy":"post_tag","embeddable":true,"href":"https:\/\/ekongkar.yoga\/index.php?rest_route=%2Fwp%2Fv2%2Ftags&post=12774"}],"curies":[{"name":"wp","href":"https:\/\/api.w.org\/{rel}","templated":true}]}}