{"id":12198,"date":"2023-10-27T15:42:01","date_gmt":"2023-10-27T13:42:01","guid":{"rendered":"http:\/\/ekongkar.yoga\/?p=12198"},"modified":"2023-10-27T15:42:01","modified_gmt":"2023-10-27T13:42:01","slug":"audio-la-meditation-de-la-montagne-et-la-meditation-du-lac-jon-kabat-zinn","status":"publish","type":"post","link":"https:\/\/ekongkar.yoga\/?p=12198","title":{"rendered":"[Audio] La m\u00e9ditation de la montagne et du lac (Jon Kabat-Zinn)"},"content":{"rendered":"<p><strong><span style=\"color: #993300;\">Jon Kabat-Zinn<\/span><\/strong>, souvent consid\u00e9r\u00e9 comme l&rsquo;un des p\u00e8res de la m\u00e9ditation de pleine conscience, a laiss\u00e9 une empreinte ind\u00e9l\u00e9bile dans le domaine de la pratique m\u00e9ditative en rendant accessible et efficace cette technique mill\u00e9naire pour le bien-\u00eatre mental et physique. Parmi ses nombreuses contributions, deux m\u00e9ditations, en particulier, se d\u00e9marquent comme des pratiques embl\u00e9matiques, non seulement pour leur simplicit\u00e9, mais aussi pour leur pouvoir transformateur. <strong><span style=\"color: #008080;\">La \u00ab\u00a0M\u00e9ditation de la Montagne\u00a0\u00bb et la \u00ab\u00a0M\u00e9ditation du Lac\u00a0\u00bb.<\/span><\/strong><\/p>\n<div class=\"mks_col \">\n<div class=\"mks_one_half \">\n<iframe loading=\"lazy\" title=\"YouTube video player\" src=\"https:\/\/www.youtube.com\/embed\/J1PK4lqiO3Y?si=RNancdIGZ0AD11M-\" width=\"560\" height=\"238\" frameborder=\"0\" allowfullscreen=\"allowfullscreen\"><\/iframe><\/p>\n<p>La \u00ab\u00a0<strong><span style=\"color: #008080;\">M\u00e9ditation de la Montagne<\/span><\/strong>\u00a0\u00bb nous invite \u00e0 nous immerger dans la solide et immuable pr\u00e9sence d&rsquo;une montagne. \u00c0 travers cette m\u00e9taphore, Kabat-Zinn nous encourage \u00e0 cultiver une stabilit\u00e9 int\u00e9rieure, \u00e0 l&rsquo;image de la montagne, face aux vents changeants de nos pens\u00e9es et \u00e9motions. En visualisant cette montagne, nous apprenons \u00e0 d\u00e9velopper une perspective de d\u00e9tachement bienveillant envers nos pr\u00e9occupations, nous permettant ainsi de gagner en clart\u00e9 et en s\u00e9r\u00e9nit\u00e9.<\/p>\n<\/div><div class=\"mks_one_half \">\n<iframe loading=\"lazy\" title=\"YouTube video player\" src=\"https:\/\/www.youtube.com\/embed\/u4LZbeGB8sQ?si=GbRIfJQLw7ON29Tv\" width=\"560\" height=\"238\" frameborder=\"0\" allowfullscreen=\"allowfullscreen\"><\/iframe><br \/>\nLa \u00ab\u00a0<strong><span style=\"color: #008080;\">M\u00e9ditation du Lac<\/span><\/strong>\u00a0\u00bb nous transporte vers la surface calme d&rsquo;un lac, o\u00f9 l&rsquo;eau refl\u00e8te le ciel et les nuages. Cette m\u00e9ditation met l&rsquo;accent sur l&rsquo;id\u00e9e que, tout comme les pens\u00e9es agit\u00e9es qui peuvent nous submerger, la surface du lac peut \u00eatre troubl\u00e9e par des vagues. Cependant, en plongeant notre attention au-del\u00e0 de la surface, nous d\u00e9couvrons un espace de tranquillit\u00e9 profonde, tout comme notre esprit peut trouver la paix en d\u00e9passant le tumulte de nos pens\u00e9es.<\/p>\n<\/div>\n<\/div>\n<p>Ces deux m\u00e9ditations, simples mais profondes, sont des exemples de la mani\u00e8re dont Jon Kabat-Zinn a contribu\u00e9 \u00e0 rendre la pleine conscience accessible \u00e0 tous. Gr\u00e2ce \u00e0 sa vision, il a permis \u00e0 de nombreuses personnes de d\u00e9couvrir les bienfaits de la m\u00e9ditation et de l&rsquo;int\u00e9grer dans leur vie quotidienne pour am\u00e9liorer leur bien-\u00eatre mental et \u00e9motionnel. <strong><span style=\"color: #008080;\">Sa philosophie demeure un phare pour ceux en qu\u00eate de paix int\u00e9rieure et de pr\u00e9sence dans un monde souvent agit\u00e9.<\/span><\/strong><\/p>\n","protected":false},"excerpt":{"rendered":"<p>Jon Kabat-Zinn, souvent consid\u00e9r\u00e9 comme l&rsquo;un des p\u00e8res de la m\u00e9ditation de pleine conscience, a laiss\u00e9 une empreinte ind\u00e9l\u00e9bile dans le domaine de la pratique m\u00e9ditative en rendant accessible et efficace cette technique mill\u00e9naire pour le bien-\u00eatre mental et physique. Parmi ses nombreuses contributions, deux m\u00e9ditations, en particulier, se d\u00e9marquent&#8230;<\/p>\n<p> <a class=\"continue-reading-link\" href=\"https:\/\/ekongkar.yoga\/?p=12198\"><span>Lire la suite&#8230;<\/span><i class=\"crycon-right-dir\"><\/i><\/a> <\/p>\n","protected":false},"author":1,"featured_media":12199,"comment_status":"closed","ping_status":"open","sticky":false,"template":"","format":"standard","meta":{"fifu_image_url":"","fifu_image_alt":"","footnotes":""},"categories":[34,39,53],"tags":[],"class_list":["post-12198","post","type-post","status-publish","format-standard","has-post-thumbnail","hentry","category-meditation","category-pratiques-guidees","category-videos"],"_links":{"self":[{"href":"https:\/\/ekongkar.yoga\/index.php?rest_route=\/wp\/v2\/posts\/12198","targetHints":{"allow":["GET"]}}],"collection":[{"href":"https:\/\/ekongkar.yoga\/index.php?rest_route=\/wp\/v2\/posts"}],"about":[{"href":"https:\/\/ekongkar.yoga\/index.php?rest_route=\/wp\/v2\/types\/post"}],"author":[{"embeddable":true,"href":"https:\/\/ekongkar.yoga\/index.php?rest_route=\/wp\/v2\/users\/1"}],"replies":[{"embeddable":true,"href":"https:\/\/ekongkar.yoga\/index.php?rest_route=%2Fwp%2Fv2%2Fcomments&post=12198"}],"version-history":[{"count":0,"href":"https:\/\/ekongkar.yoga\/index.php?rest_route=\/wp\/v2\/posts\/12198\/revisions"}],"wp:featuredmedia":[{"embeddable":true,"href":"https:\/\/ekongkar.yoga\/index.php?rest_route=\/wp\/v2\/media\/12199"}],"wp:attachment":[{"href":"https:\/\/ekongkar.yoga\/index.php?rest_route=%2Fwp%2Fv2%2Fmedia&parent=12198"}],"wp:term":[{"taxonomy":"category","embeddable":true,"href":"https:\/\/ekongkar.yoga\/index.php?rest_route=%2Fwp%2Fv2%2Fcategories&post=12198"},{"taxonomy":"post_tag","embeddable":true,"href":"https:\/\/ekongkar.yoga\/index.php?rest_route=%2Fwp%2Fv2%2Ftags&post=12198"}],"curies":[{"name":"wp","href":"https:\/\/api.w.org\/{rel}","templated":true}]}}