{"id":11879,"date":"1000-11-30T10:04:52","date_gmt":"1000-11-30T09:55:31","guid":{"rendered":"http:\/\/ekongkar.yoga\/?p=11879"},"modified":"2026-04-03T15:31:29","modified_gmt":"2026-04-03T13:31:29","slug":"formation-praticien-kundalini-yoga-20h","status":"publish","type":"post","link":"https:\/\/ekongkar.yoga\/?p=11879","title":{"rendered":"Formation Praticien Kundalini Yoga (20H)"},"content":{"rendered":"<p style=\"text-align: center;\"><strong><span style=\"color: #008080;\"><img loading=\"lazy\" decoding=\"async\" class=\" wp-image-12153 alignleft\" src=\"http:\/\/ekongkar.yoga\/wp-content\/uploads\/2023\/07\/Praticien-en-KY-general-300x300.jpg\" alt=\"\" width=\"380\" height=\"380\" srcset=\"https:\/\/ekongkar.yoga\/wp-content\/uploads\/2023\/07\/Praticien-en-KY-general-300x300.jpg 300w, https:\/\/ekongkar.yoga\/wp-content\/uploads\/2023\/07\/Praticien-en-KY-general-1024x1024.jpg 1024w, https:\/\/ekongkar.yoga\/wp-content\/uploads\/2023\/07\/Praticien-en-KY-general-150x150.jpg 150w, https:\/\/ekongkar.yoga\/wp-content\/uploads\/2023\/07\/Praticien-en-KY-general-768x768.jpg 768w, https:\/\/ekongkar.yoga\/wp-content\/uploads\/2023\/07\/Praticien-en-KY-general.jpg 1414w\" sizes=\"auto, (max-width: 380px) 100vw, 380px\" \/>Ouvert et accessible \u00e0 tous, sans pr\u00e9-requis. <\/span><\/strong>Cette formation s\u2019adresse \u00e9galement aux professeurs de yoga, naturopathes, psychologues, coachs, professionnels de la sant\u00e9, enseignants ou th\u00e9rapeutes qui souhaitent <strong><span style=\"color: #008080;\">int\u00e9grer les connaissances et les outils du Kundalini Yoga dans l\u2019accompagnement des personnes<\/span><\/strong>.<\/p>\n<p style=\"text-align: center;\"><strong><span style=\"color: #ff6600;\">Un certificat (20h) est remis en fin de formation:<br \/>\n<\/span><span style=\"font-size: 16pt; color: #993300;\">Praticien en Kundalini Yoga<\/span><\/strong><\/p>\n<p style=\"text-align: center;\"><span style=\"font-size: 14pt;\"><strong><span style=\"color: #008080;\">Une seule date pour 2026 (ci-dessous)<\/span><\/strong><\/span><\/p>\n<hr \/>\n<p><strong><span style=\"color: #800000;\"><span class=\"x3nfvp2 x1j61x8r x1fcty0u xdj266r xhhsvwb xat24cr xgzva0m xxymvpz xlup9mm x1kky2od\"><img loading=\"lazy\" decoding=\"async\" src=\"https:\/\/static.xx.fbcdn.net\/images\/emoji.php\/v9\/t72\/1\/16\/1f538.png\" alt=\"\ud83d\udd38\" width=\"16\" height=\"16\" \/><\/span>\u00a0Max. 15 participants<\/span><br \/>\n<\/strong>Le nombre de places \u00e9tant limit\u00e9, l&rsquo;inscription pr\u00e9alable est indispensable.<\/p>\n<p><strong><span style=\"color: #800000;\"><span class=\"x3nfvp2 x1j61x8r x1fcty0u xdj266r xhhsvwb xat24cr xgzva0m xxymvpz xlup9mm x1kky2od\"><img loading=\"lazy\" decoding=\"async\" src=\"https:\/\/static.xx.fbcdn.net\/images\/emoji.php\/v9\/t72\/1\/16\/1f538.png\" alt=\"\ud83d\udd38\" width=\"16\" height=\"16\" \/><\/span>\u00a0Inscription<\/span><\/strong><br \/>\n<a href=\"http:\/\/ekongkar.yoga\/?page_id=23\">Jean Pierre Vanderydt<\/a> au 06.74.20.04.76. <strong><span style=\"color: #008080;\">Tarif<\/span> <\/strong>ci-dessous.<\/p>\n<p><strong><span class=\"x3nfvp2 x1j61x8r x1fcty0u xdj266r xhhsvwb xat24cr xgzva0m xxymvpz xlup9mm x1kky2od\"><img loading=\"lazy\" decoding=\"async\" src=\"https:\/\/static.xx.fbcdn.net\/images\/emoji.php\/v9\/t72\/1\/16\/1f538.png\" alt=\"\ud83d\udd38\" width=\"16\" height=\"16\" \/><\/span>\u00a0<span style=\"color: #993300;\">Lieu:<\/span><\/strong><br \/>\nEcole de Yoga Ekongkar, 4 Moustero, 56770 Plouray \u2013 Bretagne (<a href=\"http:\/\/ekongkar.yoga\/?page_id=23\" target=\"_blank\" rel=\"noopener noreferrer\">Google Map<\/a>)<\/p>\n<hr \/>\n<p><img loading=\"lazy\" decoding=\"async\" class=\"alignleft\" src=\"http:\/\/ekongkar.yoga\/wp-content\/uploads\/1500\/06\/Formation-Professeur-Yoga-1.png\" alt=\"\" width=\"50\" height=\"50\" \/>En mettant l&rsquo;accent sur le souffle, le rythme, des postures dynamiques ou statiques, l&rsquo;usage de mantras, la relaxation et la m\u00e9ditation, <strong><span style=\"color: #993300;\">le Kundalini Yoga est une pratique holistique puissante<\/span><\/strong> qui invite \u00e0 travailler sur tous les plans de l&rsquo;\u00eatre. Cette approche compl\u00e8te permet d&rsquo;explorer et de nourrir les dimensions physique, \u00e9motionnelle, mentale et spirituelle de l&rsquo;existence.<\/p>\n<hr \/>\n<table style=\"border-color: #450606; background-color: #4f1e1e;\" border=\"1\">\n<tbody>\n<tr>\n<td style=\"text-align: center;\"><strong style=\"font-size: 21.3333px;\"><span style=\"color: #ffffff;\">2026: Pas de date programm\u00e9e actuellement<\/span><\/strong><\/td>\n<\/tr>\n<\/tbody>\n<\/table>\n<table style=\"background-color: #faf7d2;\">\n<tbody>\n<tr>\n<td><span style=\"font-size: 14pt;\"><strong><em><span style=\"color: #993300;\"><img loading=\"lazy\" decoding=\"async\" class=\" wp-image-11896 alignright\" src=\"http:\/\/ekongkar.yoga\/wp-content\/uploads\/2023\/07\/Pratricien-en-Kundalini-Yoga-diplome-300x130.png\" alt=\"\" width=\"381\" height=\"165\" srcset=\"https:\/\/ekongkar.yoga\/wp-content\/uploads\/2023\/07\/Pratricien-en-Kundalini-Yoga-diplome-300x130.png 300w, https:\/\/ekongkar.yoga\/wp-content\/uploads\/2023\/07\/Pratricien-en-Kundalini-Yoga-diplome.png 500w\" sizes=\"auto, (max-width: 381px) 100vw, 381px\" \/><span style=\"font-size: 16pt;\">Inclus dans la formation<\/span><\/span><\/em><\/strong><\/span><\/p>\n<p>Un <strong><span style=\"color: #008080;\">Certificat de Pratricien en Kundalini Yoga<\/span><\/strong><em>\u00a0<\/em>et un <strong><span style=\"color: #008080;\">support p\u00e9dagogique <\/span><\/strong>(th\u00e9orique &amp; pratique)<\/td>\n<\/tr>\n<\/tbody>\n<\/table>\n<table style=\"background-color: #f7e8d5;\">\n<tbody>\n<tr>\n<td><span style=\"font-size: 14pt;\"><em style=\"font-size: 16px;\"><img loading=\"lazy\" decoding=\"async\" class=\" wp-image-11898 alignright\" src=\"http:\/\/ekongkar.yoga\/wp-content\/uploads\/2023\/07\/Elegant-Gold-Frame-Vintage-Certificate-300x292.png\" alt=\"\" width=\"142\" height=\"138\" srcset=\"https:\/\/ekongkar.yoga\/wp-content\/uploads\/2023\/07\/Elegant-Gold-Frame-Vintage-Certificate-300x292.png 300w, https:\/\/ekongkar.yoga\/wp-content\/uploads\/2023\/07\/Elegant-Gold-Frame-Vintage-Certificate.png 398w\" sizes=\"auto, (max-width: 142px) 100vw, 142px\" \/><\/em><em><strong><span style=\"color: #993300;\"><span style=\"font-size: 16pt;\">Objectif de la formation<\/span><br \/>\n<\/span><\/strong><\/em><\/span><em>Apprendre et ma\u00eetriser:<\/em><\/p>\n<ul>\n<li>Les connaissances sur <strong><span style=\"color: #008080;\">la Kundalini et les Chakras <\/span><\/strong>dans les domaines de la science, de la psychologie et de la spiritualit\u00e9.<\/li>\n<li>L&rsquo;\u00e9tude des <strong><span style=\"color: #008080;\">voies \u00e9nerg\u00e9tiques<\/span><\/strong> appel\u00e9es nadis et des effets de certaines postures de yoga, techniques de respiration et pratiques de m\u00e9ditation.<\/li>\n<li>L&rsquo;utilisation des <strong><span style=\"color: #008080;\">techniques d&rsquo;\u00e9veil de la Kundalini<\/span><\/strong> et du syst\u00e8me des Chakras pour gagner en confiance, d\u00e9velopper sa cr\u00e9ativit\u00e9, se connecter \u00e0 son moi int\u00e9rieur, accroitre sa nature spirituelle et s&rsquo;ouvrir \u00e0 une compr\u00e9hension plus profonde de l&rsquo;univers.<\/li>\n<li>Les <strong><span style=\"color: #008080;\">m\u00e9thodes efficaces<\/span><\/strong> pour enseigner le Kundalini Yoga de mani\u00e8re impactante et transformative.<\/li>\n<\/ul>\n<\/td>\n<\/tr>\n<\/tbody>\n<\/table>\n<table style=\"height: 36px; border-color: #571117; background-color: #f7e8d5;\" border=\"1\" width=\"750\">\n<tbody>\n<tr>\n<td style=\"width: 750px;\"><span style=\"font-size: 14pt;\"><em><span style=\"font-size: 16pt;\"><strong><span style=\"color: #993300;\">Horaires<\/span><\/strong><\/span><\/em><\/span><\/p>\n<ul>\n<li><strong><span style=\"color: #008080;\">Vendredi :<\/span><\/strong>\n<ul>\n<li><strong><span style=\"color: #993300;\">14h00 \u00e0 16h30 \/ 17h00 \u00e0 18h00 (pratiques &amp; enseignements)<\/span><\/strong><\/li>\n<li>18h00 \u00e0 19h30 (facultatif): Participation \u00e0 la session de pratique quotidienne au <a href=\"https:\/\/drukpa.eu\/fr\/\" target=\"_blank\" rel=\"noopener noreferrer\">Centre d\u2019\u00e9tudes et de m\u00e9ditation bouddhiques Drukpa Plouray<\/a><\/li>\n<\/ul>\n<\/li>\n<li><strong><span style=\"color: #008080;\">Samedi :<\/span><\/strong>\n<ul>\n<li>7h \u00e0 9h45 (sadhana matinale &#8211; facultatif)<\/li>\n<li><strong><span style=\"color: #993300;\">10h30 \u00e0 13h00 \/ 14h30 \u00e0 18h00 (pratiques &amp; enseignements)<\/span><\/strong><\/li>\n<li>Soir\u00e9e libre ou <a href=\"http:\/\/ekongkar.yoga\/?p=10923\">Bain de gla\u00e7ons<\/a> (pour les t\u00e9m\u00e9raires qui le souhaitent)<\/li>\n<\/ul>\n<\/li>\n<li><strong><span style=\"color: #008080;\">Dimanche :<\/span><\/strong>\n<ul>\n<li>7h \u00e0 9h45 (sadhana matinale &#8211; facultatif)<\/li>\n<li><strong><span style=\"color: #993300;\">10h30 \u00e0 12h00 \/ 13h30 \u00e0 16h00 (pratiques &amp; enseignements)<\/span><\/strong><\/li>\n<\/ul>\n<\/li>\n<\/ul>\n<\/td>\n<\/tr>\n<\/tbody>\n<\/table>\n<table style=\"background-color: #faf7d2;\">\n<tbody>\n<tr>\n<td><span style=\"font-size: 14pt;\"><em><span style=\"font-size: 16pt;\"><strong><span style=\"color: #993300;\">Tarif <\/span><\/strong><\/span><span style=\"font-size: 12pt; color: #993300;\">(hors h\u00e9bergement et restauration)<\/span><\/em><\/span><\/p>\n<ul>\n<li>Les <strong><span style=\"color: #008080;\">3 jours <\/span><\/strong>: 150\u20ac<\/li>\n<\/ul>\n<p><em>Petit d\u00e9jeuner et d\u00e9jeuner ensembles. Chacun apporte ses propres <strong><span style=\"color: #008080;\">repas v\u00e9g\u00e9tariens<\/span><\/strong> (ni viande, ni poisson). En suppl\u00e9ment, un dhal ou un kitch\u00e9ri est pr\u00e9par\u00e9 et offert sur place.<\/em><\/td>\n<\/tr>\n<\/tbody>\n<\/table>\n<table style=\"height: 36px; border-color: #571117; background-color: #f7e8d5;\" border=\"1\" width=\"750\">\n<tbody>\n<tr>\n<td style=\"width: 750px; background-color: #73bf15;\">\n<p style=\"text-align: left;\"><span style=\"font-size: 14pt; color: #ffffff;\"><img loading=\"lazy\" decoding=\"async\" class=\"alignleft\" src=\"https:\/\/ekongkar.yoga\/wp-content\/uploads\/2023\/02\/pngwing.png\" width=\"108\" height=\"94\" \/>Pour un <strong><span style=\"color: #294229;\">h\u00e9bergement<\/span><\/strong> \u00e9ventuel, contactez Jean-Pierre (06.74.20.04.76), ou l\u2019Office de Tourisme du Faou\u00ebt (02.97.23.23.23), ou de Gu\u00e9men\u00e9-sur-Scorff (02.97.51.20.23). Et voici d\u00e9j\u00e0 une liste de Chambres d&rsquo;h\u00f4tes dans la r\u00e9gion, <span style=\"text-decoration: underline;\"><a style=\"color: #ffffff; text-decoration: underline;\" href=\"http:\/\/ekongkar.yoga\/?p=11331\" target=\"_blank\" rel=\"noopener noreferrer\">cliquez-ici<\/a><\/span><\/span><\/p>\n<\/td>\n<\/tr>\n<\/tbody>\n<\/table>\n<p><span style=\"font-size: 24pt;\">En vid\u00e9os, sur la cha\u00eene YouTube <span style=\"text-decoration: underline; color: #008080;\"><a style=\"color: #008080; text-decoration: underline;\" href=\"https:\/\/www.youtube.com\/channel\/UC6JVXwM88DsvYA7kf4RxFSg\" target=\"_blank\" rel=\"noopener noreferrer\">Yoga Ekongkar<\/a><\/span>\u00a0:<\/span><\/p>\n<div class=\"mks_col \">\n<div class=\"mks_one_half \"><iframe loading=\"lazy\" src=\"https:\/\/www.youtube.com\/embed\/cgDyEBuyGIg\" width=\"560\" height=\"238\" frameborder=\"0\" allowfullscreen=\"allowfullscreen\"><\/iframe><\/div>\n<div class=\"mks_one_half \"><iframe loading=\"lazy\" src=\"https:\/\/www.youtube.com\/embed\/9wd0AEUR2Rk\" width=\"560\" height=\"238\" frameborder=\"0\" allowfullscreen=\"allowfullscreen\"><\/iframe><\/div>\n<\/div>\n<div class=\"mks_col \">\n<div class=\"mks_one_half \"><iframe loading=\"lazy\" src=\"https:\/\/www.youtube.com\/embed\/HrLlQaQTPxA\" width=\"560\" height=\"238\" frameborder=\"0\" allowfullscreen=\"allowfullscreen\"><\/iframe><\/div>\n<div class=\"mks_one_half \"><iframe loading=\"lazy\" src=\"https:\/\/www.youtube.com\/embed\/vyTu820TzaQ\" width=\"560\" height=\"238\" frameborder=\"0\" allowfullscreen=\"allowfullscreen\"><\/iframe><\/div>\n<\/div>\n","protected":false},"excerpt":{"rendered":"<p>Formation Praticien en Kundalini Yoga (20h) : explorez chakras, nadis, respiration et m\u00e9ditation pour enseigner et int\u00e9grer une pratique compl\u00e8te et structur\u00e9e.<\/p>\n<p> <a class=\"continue-reading-link\" href=\"https:\/\/ekongkar.yoga\/?p=11879\"><span>Lire la suite&#8230;<\/span><i class=\"crycon-right-dir\"><\/i><\/a> <\/p>\n","protected":false},"author":1,"featured_media":12158,"comment_status":"closed","ping_status":"open","sticky":false,"template":"","format":"standard","meta":{"fifu_image_url":"","fifu_image_alt":"","footnotes":""},"categories":[8,21,26,48],"tags":[],"class_list":["post-11879","post","type-post","status-publish","format-standard","has-post-thumbnail","hentry","category-atelier-plouray","category-formation","category-kundalini-yoga","category-stages"],"_links":{"self":[{"href":"https:\/\/ekongkar.yoga\/index.php?rest_route=\/wp\/v2\/posts\/11879","targetHints":{"allow":["GET"]}}],"collection":[{"href":"https:\/\/ekongkar.yoga\/index.php?rest_route=\/wp\/v2\/posts"}],"about":[{"href":"https:\/\/ekongkar.yoga\/index.php?rest_route=\/wp\/v2\/types\/post"}],"author":[{"embeddable":true,"href":"https:\/\/ekongkar.yoga\/index.php?rest_route=\/wp\/v2\/users\/1"}],"replies":[{"embeddable":true,"href":"https:\/\/ekongkar.yoga\/index.php?rest_route=%2Fwp%2Fv2%2Fcomments&post=11879"}],"version-history":[{"count":8,"href":"https:\/\/ekongkar.yoga\/index.php?rest_route=\/wp\/v2\/posts\/11879\/revisions"}],"predecessor-version":[{"id":40658,"href":"https:\/\/ekongkar.yoga\/index.php?rest_route=\/wp\/v2\/posts\/11879\/revisions\/40658"}],"wp:featuredmedia":[{"embeddable":true,"href":"https:\/\/ekongkar.yoga\/index.php?rest_route=\/wp\/v2\/media\/12158"}],"wp:attachment":[{"href":"https:\/\/ekongkar.yoga\/index.php?rest_route=%2Fwp%2Fv2%2Fmedia&parent=11879"}],"wp:term":[{"taxonomy":"category","embeddable":true,"href":"https:\/\/ekongkar.yoga\/index.php?rest_route=%2Fwp%2Fv2%2Fcategories&post=11879"},{"taxonomy":"post_tag","embeddable":true,"href":"https:\/\/ekongkar.yoga\/index.php?rest_route=%2Fwp%2Fv2%2Ftags&post=11879"}],"curies":[{"name":"wp","href":"https:\/\/api.w.org\/{rel}","templated":true}]}}