{"id":11546,"date":"1800-06-20T11:54:15","date_gmt":"1800-06-20T09:54:15","guid":{"rendered":"http:\/\/ekongkar.yoga\/?p=11546"},"modified":"2024-09-18T10:05:00","modified_gmt":"2024-09-18T08:05:00","slug":"en-pratique-infos-generales","status":"publish","type":"post","link":"https:\/\/ekongkar.yoga\/?p=11546","title":{"rendered":"En pratique&#8230; Devenez Prof de Yoga (Angers)"},"content":{"rendered":"<p><strong><span style=\"color: #800000;\"><span class=\"x3nfvp2 x1j61x8r x1fcty0u xdj266r xhhsvwb xat24cr xgzva0m xxymvpz xlup9mm x1kky2od\"><img loading=\"lazy\" decoding=\"async\" class=\"wp-image-37334 alignleft\" src=\"http:\/\/ekongkar.yoga\/wp-content\/uploads\/1800\/06\/formation-prof-de-yoga-angers-nantes-bretagne-300x300.jpg\" alt=\"\" width=\"380\" height=\"380\" srcset=\"https:\/\/ekongkar.yoga\/wp-content\/uploads\/1800\/06\/formation-prof-de-yoga-angers-nantes-bretagne-300x300.jpg 300w, https:\/\/ekongkar.yoga\/wp-content\/uploads\/1800\/06\/formation-prof-de-yoga-angers-nantes-bretagne-1024x1024.jpg 1024w, https:\/\/ekongkar.yoga\/wp-content\/uploads\/1800\/06\/formation-prof-de-yoga-angers-nantes-bretagne-150x150.jpg 150w, https:\/\/ekongkar.yoga\/wp-content\/uploads\/1800\/06\/formation-prof-de-yoga-angers-nantes-bretagne-768x768.jpg 768w, https:\/\/ekongkar.yoga\/wp-content\/uploads\/1800\/06\/formation-prof-de-yoga-angers-nantes-bretagne.jpg 1080w\" sizes=\"auto, (max-width: 380px) 100vw, 380px\" \/><img loading=\"lazy\" decoding=\"async\" src=\"https:\/\/static.xx.fbcdn.net\/images\/emoji.php\/v9\/t72\/1\/16\/1f538.png\" alt=\"\ud83d\udd38\" width=\"16\" height=\"16\" \/><\/span> <\/span><\/strong><span style=\"font-size: 14pt;\">La formation est r\u00e9partie sur un an, et comprend <strong><span style=\"color: #993300;\">10 weekends en pr\u00e9sentiel<\/span><\/strong> (un par mois \u00e0 l\u2019exception de juillet et ao\u00fbt), ainsi qu\u2019un travail personnel (pratique et th\u00e9orique) entre ces weekends.<\/span><\/p>\n<p><span style=\"font-size: 14pt;\"><strong><span style=\"color: #800000;\"><span class=\"x3nfvp2 x1j61x8r x1fcty0u xdj266r xhhsvwb xat24cr xgzva0m xxymvpz xlup9mm x1kky2od\"><img loading=\"lazy\" decoding=\"async\" src=\"https:\/\/static.xx.fbcdn.net\/images\/emoji.php\/v9\/t72\/1\/16\/1f538.png\" alt=\"\ud83d\udd38\" width=\"16\" height=\"16\" \/><\/span> <\/span><\/strong>Cette formation de professeur de yoga certifiante de 200h est reconnue par Yoga Alliance International. A l&rsquo;issue de la formation, <strong><span style=\"color: #993300;\">un dipl\u00f4me est d\u00e9livr\u00e9<\/span><\/strong>.<\/span><\/p>\n<p><span style=\"font-size: 14pt;\"><strong><span style=\"color: #800000;\"><span class=\"x3nfvp2 x1j61x8r x1fcty0u xdj266r xhhsvwb xat24cr xgzva0m xxymvpz xlup9mm x1kky2od\"><img loading=\"lazy\" decoding=\"async\" src=\"https:\/\/static.xx.fbcdn.net\/images\/emoji.php\/v9\/t72\/1\/16\/1f538.png\" alt=\"\ud83d\udd38\" width=\"16\" height=\"16\" \/> <\/span><\/span><\/strong><span class=\"x3nfvp2 x1j61x8r x1fcty0u xdj266r xhhsvwb xat24cr xgzva0m xxymvpz xlup9mm x1kky2od\">Nous sommes l\u00e0 pour discuter de votre situation, de vos attentes et de vos projets. <strong><span style=\"color: #993300;\">Contactez-nous!<\/span><\/strong> 06.74.20.04.76 &#8211; Jean-Pierre Vanderydt &#8211; formation.professeur.yoga@gmail.com<\/span><\/span><\/p>\n<hr \/>\n<table style=\"background-color: #faf7d2; border-color: #000000;\">\n<tbody>\n<tr>\n<td style=\"background-color: #f1f1d3;\"><span style=\"font-size: 14pt;\"><img loading=\"lazy\" decoding=\"async\" class=\"wp-image-11576 alignleft\" style=\"font-size: 18px;\" src=\"http:\/\/ekongkar.yoga\/wp-content\/uploads\/1800\/06\/Formation-prof-de-Yoga-300x300.png\" alt=\"\" width=\"100\" height=\"100\" srcset=\"https:\/\/ekongkar.yoga\/wp-content\/uploads\/1800\/06\/Formation-prof-de-Yoga-300x300.png 300w, https:\/\/ekongkar.yoga\/wp-content\/uploads\/1800\/06\/Formation-prof-de-Yoga-150x150.png 150w, https:\/\/ekongkar.yoga\/wp-content\/uploads\/1800\/06\/Formation-prof-de-Yoga.png 400w\" sizes=\"auto, (max-width: 100px) 100vw, 100px\" \/>Les <strong><span style=\"color: #008080;\">2\/3 du temps<\/span><\/strong> de formation est consacr\u00e9 \u00e0 la pratique et la p\u00e9dagogie:\u00a0<\/span><\/p>\n<p><span style=\"font-size: 14pt;\">approfondissement des postures du yoga (ainsi que leurs diff\u00e9rentes variations) ; exploration du souffle par des exercices respiratoires ; d\u00e9veloppement de la concentration et du l\u00e2cher-prise ; m\u00e9ditation ; chant des mantras ; ateliers pour les premi\u00e8res exp\u00e9riences d&rsquo;enseignement, etc.<\/span><\/p>\n<p><span style=\"font-size: 14pt;\">Le <strong><span style=\"color: #008080;\">1\/3 du temps<\/span><\/strong> restant recouvre des approches th\u00e9oriques qui se partagent entre principes essentiels de l&rsquo;ayurv\u00e9da, anatomie, physiologie, psychologie, d\u00e9ontologie, histoire des traditions et des textes fondateurs.<\/span><\/td>\n<\/tr>\n<tr>\n<td style=\"background-color: #e3ebd0;\">\n<p style=\"text-align: left;\"><strong><span style=\"color: #008080;\"><img loading=\"lazy\" decoding=\"async\" class=\"alignright\" src=\"http:\/\/ekongkar.yoga\/wp-content\/uploads\/1800\/06\/7076_date_time_icon-100x100-e1687267870702.png\" alt=\"\" width=\"100\" height=\"86\" \/><\/span><span style=\"font-size: 14pt;\"><span style=\"color: #ff6600;\">D\u00e9compte des heures (sur chaque weekend):<\/span><span style=\"color: #008080;\"><br \/>\n<\/span><\/span><\/strong><span style=\"font-size: 14pt;\"><strong><span style=\"color: #008080;\">+ 17h d\u2019enseignements et pratiques<\/span><\/strong> (socle de la formation)<br \/>\n+ 3h de vie communautaire et de partages conviviaux (durant les pauses)<br \/>\n<\/span><span style=\"font-size: 14pt;\">(+ 3h d\u2019enseignements et\/ou pratiques, en distanciel entre les weekends)<\/span><\/p>\n<\/td>\n<\/tr>\n<tr style=\"background-color: #f0edc2;\">\n<td style=\"background-color: #c7ddc5;\"><img loading=\"lazy\" decoding=\"async\" class=\" wp-image-11633 alignright\" src=\"http:\/\/ekongkar.yoga\/wp-content\/uploads\/1800\/06\/Alexis-Balland-300hr-240x300.jpg\" alt=\"\" width=\"150\" height=\"188\" srcset=\"https:\/\/ekongkar.yoga\/wp-content\/uploads\/1800\/06\/Alexis-Balland-300hr-240x300.jpg 240w, https:\/\/ekongkar.yoga\/wp-content\/uploads\/1800\/06\/Alexis-Balland-300hr.jpg 250w\" sizes=\"auto, (max-width: 150px) 100vw, 150px\" \/><span style=\"font-size: 14pt;\"><strong><span style=\"color: #ff6600;\">Total (2 possibilit\u00e9s), cette formation ouvre \u00e0 l&rsquo;obtention d&rsquo;un:<\/span><\/strong><\/span><\/p>\n<ul>\n<li><span style=\"font-size: 14pt;\">Dipl\u00f4me de Professeur de Yoga de <\/span><strong style=\"font-size: 14pt;\"><span style=\"color: #008080;\">200h<\/span><\/strong><span style=\"font-size: 12pt;\"><span style=\"font-size: 14pt;\"> (200 Hour Yoga Teacher Training)<\/span>. A l\u2019heure actuelle, en France et \u00e0 l&rsquo;\u00e9tranger, 200h de formation est une excellente base pour enseigner et transmettre le yoga \u00e0 son tour<\/span><\/li>\n<li><span style=\"font-size: 14pt;\">Dipl\u00f4me de Professeur de Yoga de\u00a0<strong><span style=\"color: #008080;\">300h <\/span><\/strong>(300 Hour Yoga Teacher Training), <span style=\"font-size: 12pt;\">pour ceux qui sous certaines conditions s&rsquo;engagent \u00e0 r\u00e9aliser un m\u00e9moire de fin de formation<\/span><\/span><\/li>\n<\/ul>\n<\/td>\n<\/tr>\n<\/tbody>\n<\/table>\n<table style=\"background-color: #f7e8d5;\">\n<tbody>\n<tr>\n<td style=\"background-color: #f5dccf;\">\n<p style=\"text-align: left;\"><img loading=\"lazy\" decoding=\"async\" class=\" wp-image-11553 alignleft\" src=\"http:\/\/ekongkar.yoga\/wp-content\/uploads\/1800\/06\/NEWS-WEBSITE-Europe-YAI-LOGO-copy-300x300.png\" alt=\"\" width=\"135\" height=\"135\" srcset=\"https:\/\/ekongkar.yoga\/wp-content\/uploads\/1800\/06\/NEWS-WEBSITE-Europe-YAI-LOGO-copy-300x300.png 300w, https:\/\/ekongkar.yoga\/wp-content\/uploads\/1800\/06\/NEWS-WEBSITE-Europe-YAI-LOGO-copy-150x150.png 150w, https:\/\/ekongkar.yoga\/wp-content\/uploads\/1800\/06\/NEWS-WEBSITE-Europe-YAI-LOGO-copy.png 554w\" sizes=\"auto, (max-width: 135px) 100vw, 135px\" \/><span style=\"font-size: 14pt;\">La <strong><span style=\"color: #993300;\">certification par Yoga Alliance International (YAI)<\/span><\/strong> est reconnue par les organisations de yoga dans le monde entier. Les professeurs certifi\u00e9s YAI sont en mesure d&rsquo;enseigner partout dans le monde en toute confiance.<\/span><\/p>\n<p style=\"text-align: left;\"><span style=\"font-size: 14pt;\">YAI certifie des professeurs de yoga issus de toutes les traditions et styles de yoga dont la formation et l&rsquo;exp\u00e9rience de l&rsquo;enseignement r\u00e9pondent aux<strong><span style=\"color: #993300;\"> standards de qualit\u00e9<\/span><\/strong> \u00e9tablis<\/span><\/p>\n<\/td>\n<\/tr>\n<tr>\n<td style=\"background-color: #eba9aa;\">\n<p style=\"text-align: left;\"><span style=\"font-size: 14pt;\"><span style=\"color: #ffffff;\"><span style=\"font-size: 12pt;\"><img loading=\"lazy\" decoding=\"async\" class=\"wp-image-11567 alignright\" src=\"http:\/\/ekongkar.yoga\/wp-content\/uploads\/1800\/06\/formation-prof-de-yoga-qualite-300x250.png\" alt=\"\" width=\"133\" height=\"111\" \/><\/span><strong>Enseignement de la plus haute qualit\u00e9:<\/strong> afin d&rsquo;assurer une attention et un suivi personnalis\u00e9, favoriser des interactions et des \u00e9changes approfondis, et proposer une pratique s\u00e9curis\u00e9e, les promotions sont limit\u00e9es \u00e0 <strong>15 \u00e9tudiants<\/strong><\/span><\/span><\/p>\n<\/td>\n<\/tr>\n<tr>\n<td style=\"background-color: #c67f89; text-align: center;\"><span style=\"font-size: 14pt;\"><span style=\"color: #ffffff;\">Pour la promotion 2024-2025, la <strong>date limite d&rsquo;inscription<\/strong> est fix\u00e9e au 31 octobre 2024<\/span><\/span><\/td>\n<\/tr>\n<\/tbody>\n<\/table>\n<table style=\"height: 36px; border-color: #571117; background-color: #f7e8d5;\" border=\"1\" width=\"750\">\n<tbody>\n<tr>\n<td style=\"width: 750px; background-color: #f1f1d3;\">\n<p style=\"text-align: left;\"><span style=\"font-size: 16pt;\"><em><strong><span style=\"color: #993300;\"><img loading=\"lazy\" decoding=\"async\" class=\" wp-image-11564 alignleft\" src=\"http:\/\/ekongkar.yoga\/wp-content\/uploads\/1800\/06\/Formation-professeur-de-yoga.png\" alt=\"\" width=\"50\" height=\"50\" \/>Lieu de formation:<br \/>\n<\/span><\/strong><\/em><\/span><span style=\"font-size: 14pt;\">Home \u00c9veils et Yoga \u2013 1 Impasse des Petits P\u00e8res \u2013 49100 Angers (<a href=\"https:\/\/goo.gl\/maps\/sdrg8vBA62HdBNtNA\" target=\"_blank\" rel=\"noopener noreferrer\">Google Maps<\/a>)<\/span><\/p>\n<\/td>\n<\/tr>\n<tr>\n<td style=\"width: 750px; background-color: #e3ebd0;\">\n<p style=\"text-align: left;\"><span style=\"font-size: 14pt; color: #ffffff;\"><img loading=\"lazy\" decoding=\"async\" class=\" wp-image-11568 alignleft\" src=\"http:\/\/ekongkar.yoga\/wp-content\/uploads\/1800\/06\/Price-45x45-1.png\" alt=\"\" width=\"50\" height=\"50\" \/><\/span><em><strong><span style=\"font-size: 14pt; color: #993300;\"><span style=\"font-size: 16pt;\">Prix de la formation:<\/span><\/span><\/strong><\/em><span style=\"font-size: 14pt;\"><br \/>\n2700 euros (le transport, l\u2019h\u00e9bergement et la restauration lors de la formation sont \u00e0 votre charge)<\/span><\/p>\n<\/td>\n<\/tr>\n<tr>\n<td style=\"width: 750px; background-color: #c7ddc5;\">\n<p style=\"text-align: left;\"><strong style=\"font-family: inherit; font-size: 18.6667px;\"><span style=\"color: #294229;\"><img loading=\"lazy\" decoding=\"async\" class=\" wp-image-11227 alignleft\" src=\"http:\/\/ekongkar.yoga\/wp-content\/uploads\/2023\/02\/pngwing-300x261.png\" alt=\"\" width=\"58\" height=\"51\" \/><\/span><\/strong><span style=\"font-size: 12pt;\">Nous sommes en mesure de vous recommander plusieurs options d&rsquo;<strong><span style=\"color: #008080;\">h\u00e9bergement<\/span><\/strong>. Quant aux <strong><span style=\"color: #008080;\">repas<\/span><\/strong>, vous avez la libert\u00e9 d&rsquo;apporter votre propre nourriture ou de vous approvisionner dans les nombreux magasins et restaurants situ\u00e9s \u00e0 proximit\u00e9. Il est important de noter que tout ce qui est consomm\u00e9 sur le lieu de la formation est exclusivement v\u00e9g\u00e9tarien, sans viande ni poisson<\/span><\/p>\n<\/td>\n<\/tr>\n<\/tbody>\n<\/table>\n<table>\n<tbody>\n<tr>\n<td>\n<table>\n<tbody>\n<tr>\n<td style=\"background-color: #94968d;\"><span style=\"font-size: 14pt; color: #ffffff;\"><strong>EN PRATIQUE<\/strong> &#8211; La formation est r\u00e9partie sur un an, et comprend 10 weekends en pr\u00e9sentiel (un par mois \u00e0 l\u2019exception de juillet et ao\u00fbt), du vendredi apr\u00e8s-midi au dimanche, ainsi qu\u2019un travail personnel (pratique et th\u00e9orique) entre ces weekends&#8230;<\/span><span style=\"font-size: 12pt;\"><br \/>\n<\/span><\/td>\n<\/tr>\n<tr>\n<td style=\"background-color: #e9edc9;\"><span style=\"font-size: 14pt;\"><strong><span style=\"color: #993300;\"><a href=\"http:\/\/ekongkar.yoga\/?p=11608\"><img loading=\"lazy\" decoding=\"async\" class=\"wp-image-37309 alignleft\" src=\"http:\/\/ekongkar.yoga\/wp-content\/uploads\/1023\/10\/Formation-Professeur-de-Yoga-23-1-300x300.jpg\" alt=\"\" width=\"130\" height=\"130\" srcset=\"https:\/\/ekongkar.yoga\/wp-content\/uploads\/1023\/10\/Formation-Professeur-de-Yoga-23-1-300x300.jpg 300w, https:\/\/ekongkar.yoga\/wp-content\/uploads\/1023\/10\/Formation-Professeur-de-Yoga-23-1-1024x1024.jpg 1024w, https:\/\/ekongkar.yoga\/wp-content\/uploads\/1023\/10\/Formation-Professeur-de-Yoga-23-1-150x150.jpg 150w, https:\/\/ekongkar.yoga\/wp-content\/uploads\/1023\/10\/Formation-Professeur-de-Yoga-23-1-768x768.jpg 768w, https:\/\/ekongkar.yoga\/wp-content\/uploads\/1023\/10\/Formation-Professeur-de-Yoga-23-1.jpg 1080w\" sizes=\"auto, (max-width: 130px) 100vw, 130px\" \/><\/a>LIGNES DIRECTRICES<\/span><\/strong> &#8211; Cette formation de professeur de yoga repose sur des lignes directrices qui tiennent compte des diff\u00e9rentes motivations individuelles qui sous-tendent la pratique du Yoga.<\/span><span style=\"font-size: 14pt;\"> Elle encourage ainsi \u00e0 explorer plusieurs techniques, styles et philosophies du Yoga&#8230; &gt;&gt;&gt; <a href=\"http:\/\/ekongkar.yoga\/?p=11608\"><span style=\"text-decoration: underline;\">En lire plus (les 5 principaux points)<\/span><\/a><\/span><\/td>\n<\/tr>\n<tr>\n<td style=\"background-color: #fefae0;\"><span style=\"font-size: 14pt;\"><strong><span style=\"color: #993300;\"><a href=\"http:\/\/ekongkar.yoga\/?p=11602\"><img loading=\"lazy\" decoding=\"async\" class=\"wp-image-37316 alignleft\" src=\"http:\/\/ekongkar.yoga\/wp-content\/uploads\/1023\/10\/Formation-Professeur-de-Yoga-23-2-300x300.jpg\" alt=\"\" width=\"130\" height=\"130\" srcset=\"https:\/\/ekongkar.yoga\/wp-content\/uploads\/1023\/10\/Formation-Professeur-de-Yoga-23-2-300x300.jpg 300w, https:\/\/ekongkar.yoga\/wp-content\/uploads\/1023\/10\/Formation-Professeur-de-Yoga-23-2-1024x1024.jpg 1024w, https:\/\/ekongkar.yoga\/wp-content\/uploads\/1023\/10\/Formation-Professeur-de-Yoga-23-2-150x150.jpg 150w, https:\/\/ekongkar.yoga\/wp-content\/uploads\/1023\/10\/Formation-Professeur-de-Yoga-23-2-768x768.jpg 768w, https:\/\/ekongkar.yoga\/wp-content\/uploads\/1023\/10\/Formation-Professeur-de-Yoga-23-2.jpg 1080w\" sizes=\"auto, (max-width: 130px) 100vw, 130px\" \/><\/a>THEMATIQUES &amp; PROGAMME DE FORMATION<\/span><\/strong> &#8211; Le programme de certification est adapt\u00e9 au d\u00e9butants ainsi qu&rsquo;au pratiquants avanc\u00e9s. Il apporte <strong><span style=\"color: #008080;\">les bases (pratiques et th\u00e9oriques) et les comp\u00e9tences<\/span><\/strong> requises pour devenir un professeur de yoga complet&#8230; &gt;&gt;&gt; <a href=\"http:\/\/ekongkar.yoga\/?p=11602\"><span style=\"text-decoration: underline;\">En lire plus (le d\u00e9tail des sujets et sections du programme)<\/span><\/a><\/span><\/td>\n<\/tr>\n<tr>\n<td style=\"background-color: #faedcd; text-align: left;\"><span style=\"font-size: 14pt;\"><strong><span style=\"color: #993300;\"><a href=\"https:\/\/ekongkar.yoga\/?p=13168\"><img loading=\"lazy\" decoding=\"async\" class=\" wp-image-37322 alignleft\" src=\"http:\/\/ekongkar.yoga\/wp-content\/uploads\/1023\/10\/Copie-de-Formation-Professeur-de-Yoga-23-300x300.jpg\" alt=\"\" width=\"130\" height=\"130\" srcset=\"https:\/\/ekongkar.yoga\/wp-content\/uploads\/1023\/10\/Copie-de-Formation-Professeur-de-Yoga-23-300x300.jpg 300w, https:\/\/ekongkar.yoga\/wp-content\/uploads\/1023\/10\/Copie-de-Formation-Professeur-de-Yoga-23-1024x1024.jpg 1024w, https:\/\/ekongkar.yoga\/wp-content\/uploads\/1023\/10\/Copie-de-Formation-Professeur-de-Yoga-23-150x150.jpg 150w, https:\/\/ekongkar.yoga\/wp-content\/uploads\/1023\/10\/Copie-de-Formation-Professeur-de-Yoga-23-768x768.jpg 768w, https:\/\/ekongkar.yoga\/wp-content\/uploads\/1023\/10\/Copie-de-Formation-Professeur-de-Yoga-23.jpg 1080w\" sizes=\"auto, (max-width: 130px) 100vw, 130px\" \/><\/a>DATES &amp; PLANNING DE CHAQUE WEEKEND<\/span><\/strong> &#8211; La formation est r\u00e9partie sur un an, et comprend 10 weekends en pr\u00e9sentiel (un par mois \u00e0 l\u2019exception de juillet et ao\u00fbt), du samedi 9h30 jusqu&rsquo;au dimanche \u00e0 16h. En plus de ces weekends&#8230; &gt;&gt;&gt; <a href=\"https:\/\/ekongkar.yoga\/?p=13168\"><span style=\"text-decoration: underline;\">En lire plus (dates, horaires, th\u00e9matiques des we)<\/span><\/a><\/span><\/td>\n<\/tr>\n<tr>\n<td style=\"background-color: #f4f0e3;\"><span style=\"font-size: 14pt;\"><strong><span style=\"color: #993300;\"><a href=\"http:\/\/ekongkar.yoga\/?p=11604\"><img loading=\"lazy\" decoding=\"async\" class=\" wp-image-37327 alignleft\" src=\"http:\/\/ekongkar.yoga\/wp-content\/uploads\/1023\/10\/Formation-Professeur-de-Yoga-23-3-300x300.jpg\" alt=\"\" width=\"130\" height=\"130\" srcset=\"https:\/\/ekongkar.yoga\/wp-content\/uploads\/1023\/10\/Formation-Professeur-de-Yoga-23-3-300x300.jpg 300w, https:\/\/ekongkar.yoga\/wp-content\/uploads\/1023\/10\/Formation-Professeur-de-Yoga-23-3-1024x1024.jpg 1024w, https:\/\/ekongkar.yoga\/wp-content\/uploads\/1023\/10\/Formation-Professeur-de-Yoga-23-3-150x150.jpg 150w, https:\/\/ekongkar.yoga\/wp-content\/uploads\/1023\/10\/Formation-Professeur-de-Yoga-23-3-768x768.jpg 768w, https:\/\/ekongkar.yoga\/wp-content\/uploads\/1023\/10\/Formation-Professeur-de-Yoga-23-3.jpg 1080w\" sizes=\"auto, (max-width: 130px) 100vw, 130px\" \/><\/a>EQUIPE PEDAGOGIQUE<\/span><\/strong> &#8211; Notre \u00e9quipe p\u00e9dagogique est compos\u00e9e d&rsquo;experts reconnus dans le domaine. Nos formateurs poss\u00e8dent une connaissance approfondie des diff\u00e9rentes traditions du yoga et leur approche bienveillante cr\u00e9e un environnement d&rsquo;apprentissage enrichissant et stimulant&#8230; &gt;&gt;&gt; <a href=\"http:\/\/ekongkar.yoga\/?p=11604\"><span style=\"text-decoration: underline;\">En lire plus (le d\u00e9tail sur chaqu&rsquo;un de ces formateurs)<\/span><\/a><\/span><\/td>\n<\/tr>\n<tr>\n<td style=\"background-color: #ccd5ae; text-align: center;\"><span style=\"font-size: 14pt;\"><a href=\"http:\/\/ekongkar.yoga\/?p=11807\"><img loading=\"lazy\" decoding=\"async\" class=\"aligncenter\" src=\"http:\/\/ekongkar.yoga\/wp-content\/uploads\/2023\/06\/PDF-Formation-professeur-de-yoga.png\" width=\"47\" height=\"48\" \/><\/a> L&rsquo;ensemble de l&rsquo;information (et plus encore) \u00e0 <span style=\"text-decoration: underline; color: #ffffff;\"><a style=\"color: #ffffff; text-decoration: underline;\" href=\"http:\/\/ekongkar.yoga\/?p=11807\">t\u00e9l\u00e9charger au format PDF<\/a><\/span><\/span><\/td>\n<\/tr>\n<\/tbody>\n<\/table>\n<table>\n<tbody>\n<tr>\n<td style=\"background-color: #f8fad9; text-align: left;\"><span style=\"font-size: 14pt;\"><span class=\"x3nfvp2 x1j61x8r x1fcty0u xdj266r xhhsvwb xat24cr xgzva0m xxymvpz xlup9mm x1kky2od\"><a href=\"https:\/\/www.facebook.com\/professeur.yoga\/\" target=\"_blank\" rel=\"noopener noreferrer\"><img loading=\"lazy\" decoding=\"async\" class=\"wp-image-11752 alignright\" src=\"http:\/\/ekongkar.yoga\/wp-content\/uploads\/1500\/06\/pngwing.com-11-300x290.png\" alt=\"\" width=\"88\" height=\"85\" srcset=\"https:\/\/ekongkar.yoga\/wp-content\/uploads\/1500\/06\/pngwing.com-11-300x290.png 300w, https:\/\/ekongkar.yoga\/wp-content\/uploads\/1500\/06\/pngwing.com-11.png 754w\" sizes=\"auto, (max-width: 88px) 100vw, 88px\" \/><\/a>Nous sommes l\u00e0 pour discuter de votre situation, de vos attentes et de vos projets. <strong><span style=\"color: #993300;\">Contactez-nous!<\/span><\/strong> 06.74.20.04.76 &#8211; Jean-Pierre Vanderydt &#8211; formation.professeur.yoga@gmail.com<\/span><\/span><\/td>\n<\/tr>\n<\/tbody>\n<\/table>\n<p style=\"text-align: center;\">\n<\/td>\n<\/tr>\n<\/tbody>\n<\/table>\n","protected":false},"excerpt":{"rendered":"<p>La formation est r\u00e9partie sur un an, et comprend 10 weekends en pr\u00e9sentiel (un par mois \u00e0 l\u2019exception de juillet et ao\u00fbt), ainsi qu\u2019un travail personnel (pratique et th\u00e9orique) entre ces weekends. Cette formation de professeur de yoga certifiante de 200h est reconnue par Yoga Alliance International. A l&rsquo;issue de&#8230;<\/p>\n<p> <a class=\"continue-reading-link\" href=\"https:\/\/ekongkar.yoga\/?p=11546\"><span>Lire la suite&#8230;<\/span><i class=\"crycon-right-dir\"><\/i><\/a> <\/p>\n","protected":false},"author":1,"featured_media":38288,"comment_status":"closed","ping_status":"open","sticky":false,"template":"","format":"standard","meta":{"fifu_image_url":"https:\/\/ekongkar.yoga\/wp-content\/uploads\/2023\/06\/Ekongkar4.jpg","fifu_image_alt":"","footnotes":""},"categories":[22],"tags":[],"class_list":["post-11546","post","type-post","status-publish","format-standard","has-post-thumbnail","hentry","category-formation-professeur-de-yoga"],"_links":{"self":[{"href":"https:\/\/ekongkar.yoga\/index.php?rest_route=\/wp\/v2\/posts\/11546","targetHints":{"allow":["GET"]}}],"collection":[{"href":"https:\/\/ekongkar.yoga\/index.php?rest_route=\/wp\/v2\/posts"}],"about":[{"href":"https:\/\/ekongkar.yoga\/index.php?rest_route=\/wp\/v2\/types\/post"}],"author":[{"embeddable":true,"href":"https:\/\/ekongkar.yoga\/index.php?rest_route=\/wp\/v2\/users\/1"}],"replies":[{"embeddable":true,"href":"https:\/\/ekongkar.yoga\/index.php?rest_route=%2Fwp%2Fv2%2Fcomments&post=11546"}],"version-history":[{"count":1,"href":"https:\/\/ekongkar.yoga\/index.php?rest_route=\/wp\/v2\/posts\/11546\/revisions"}],"predecessor-version":[{"id":38289,"href":"https:\/\/ekongkar.yoga\/index.php?rest_route=\/wp\/v2\/posts\/11546\/revisions\/38289"}],"wp:featuredmedia":[{"embeddable":true,"href":"https:\/\/ekongkar.yoga\/index.php?rest_route=\/wp\/v2\/media\/38288"}],"wp:attachment":[{"href":"https:\/\/ekongkar.yoga\/index.php?rest_route=%2Fwp%2Fv2%2Fmedia&parent=11546"}],"wp:term":[{"taxonomy":"category","embeddable":true,"href":"https:\/\/ekongkar.yoga\/index.php?rest_route=%2Fwp%2Fv2%2Fcategories&post=11546"},{"taxonomy":"post_tag","embeddable":true,"href":"https:\/\/ekongkar.yoga\/index.php?rest_route=%2Fwp%2Fv2%2Ftags&post=11546"}],"curies":[{"name":"wp","href":"https:\/\/api.w.org\/{rel}","templated":true}]}}