{"id":11308,"date":"1000-10-30T15:45:48","date_gmt":"1000-10-30T15:36:27","guid":{"rendered":"http:\/\/ekongkar.yoga\/?p=11308"},"modified":"2026-03-03T15:27:06","modified_gmt":"2026-03-03T14:27:06","slug":"devenez-professeur-de-yoga-2023-2024","status":"publish","type":"post","link":"https:\/\/ekongkar.yoga\/?p=11308","title":{"rendered":"Devenez professeur de Yoga (Angers)"},"content":{"rendered":"<p style=\"text-align: center;\"><strong><span style=\"color: #993300;\"><img loading=\"lazy\" decoding=\"async\" class=\"alignleft\" src=\"http:\/\/ekongkar.yoga\/wp-content\/uploads\/2023\/06\/343927688_2462407537240564_6717505643854869960_n.jpg\" alt=\"Devenez Professeur de Yoga\" width=\"380\" height=\"380\" \/><span style=\"font-size: 16pt; color: #800000;\">Devenez Professeur de Yoga (Angers)<\/span><br \/>\n<\/span><\/strong><span style=\"font-size: 14pt;\"><strong><span style=\"color: #ff6600;\">10 weekends sur 1 an<\/span><\/strong><br \/>\n<span style=\"font-size: 12pt;\">Formation certifiante reconnue par Yoga Alliance International<\/span><\/span><\/p>\n<p style=\"text-align: left;\"><span style=\"font-size: 14pt;\">La richesse de cette formation, et qu&rsquo;on ne rencontre qu&rsquo;assez rarement, c&rsquo;est un v\u00e9ritable<strong><span style=\"color: #008080;\"> d\u00e9sir d&rsquo;ouverture \u00e0 la grande diversit\u00e9 des Yogas,<\/span><\/strong> variant les approches, les regards et les sensibilit\u00e9s.<\/span><\/p>\n<p><span style=\"font-size: 14pt;\">Formation de <strong><span style=\"color: #008080;\">200 heures<\/span><\/strong> \u00e0 l\u2019issue de laquelle un dipl\u00f4me est d\u00e9livr\u00e9 par Yoga Alliance International.<\/span><\/p>\n<p><span style=\"font-size: 14pt;\">Ces heures sont r\u00e9parties sur <strong><span style=\"color: #008080;\">1 ans<\/span><\/strong>, soit <strong><span style=\"color: #008080;\">10 weekends<\/span><\/strong> (un par mois \u00e0 l&rsquo;exception de juillet et ao\u00fbt), ainsi qu&rsquo;un travail personnel entre ces weekends.<\/span><\/p>\n<table>\n<tbody>\n<tr>\n<td style=\"background-color: #f8fad9; text-align: right;\"><span style=\"font-size: 14pt;\"><span class=\"x3nfvp2 x1j61x8r x1fcty0u xdj266r xhhsvwb xat24cr xgzva0m xxymvpz xlup9mm x1kky2od\"><span style=\"font-size: 16pt;\"><em><strong><span style=\"color: #993300;\"><img loading=\"lazy\" decoding=\"async\" class=\"wp-image-11564 alignright\" src=\"http:\/\/ekongkar.yoga\/wp-content\/uploads\/1800\/06\/Formation-professeur-de-yoga.png\" alt=\"\" width=\"53\" height=\"53\" \/><\/span><\/strong><\/em><\/span>La <strong><span style=\"color: #008080;\">prochaine promotion<\/span><\/strong> se tiendra en centre ville d&rsquo;<strong><span style=\"color: #008080;\">Angers<\/span><\/strong> (Home Eveils et Yoga) entre nov 2024 et d\u00e9c 2025 &#8211; Ouverture des inscriptions avril 2024.<\/span><\/span><\/td>\n<\/tr>\n<\/tbody>\n<\/table>\n<table>\n<tbody>\n<tr>\n<td style=\"background-color: #ccd5ae;\"><span style=\"font-size: 14pt;\"><strong><span style=\"color: #993300;\"><a href=\"http:\/\/ekongkar.yoga\/?p=11546\"><img loading=\"lazy\" decoding=\"async\" class=\"wp-image-37301 alignleft\" src=\"http:\/\/ekongkar.yoga\/wp-content\/uploads\/1023\/10\/Formation-Professeur-de-Yoga-23-300x300.jpg\" alt=\"\" width=\"130\" height=\"130\" srcset=\"https:\/\/ekongkar.yoga\/wp-content\/uploads\/1023\/10\/Formation-Professeur-de-Yoga-23-300x300.jpg 300w, https:\/\/ekongkar.yoga\/wp-content\/uploads\/1023\/10\/Formation-Professeur-de-Yoga-23-1024x1024.jpg 1024w, https:\/\/ekongkar.yoga\/wp-content\/uploads\/1023\/10\/Formation-Professeur-de-Yoga-23-150x150.jpg 150w, https:\/\/ekongkar.yoga\/wp-content\/uploads\/1023\/10\/Formation-Professeur-de-Yoga-23-768x768.jpg 768w, https:\/\/ekongkar.yoga\/wp-content\/uploads\/1023\/10\/Formation-Professeur-de-Yoga-23.jpg 1080w\" sizes=\"auto, (max-width: 130px) 100vw, 130px\" \/><\/a>EN PRATIQUE<\/span><\/strong> &#8211; La formation est r\u00e9partie sur un an, et comprend 10 weekends en pr\u00e9sentiel (un par mois \u00e0 l\u2019exception de juillet et ao\u00fbt), du vendredi apr\u00e8s-midi au dimanche, ainsi qu\u2019un travail personnel (pratique et th\u00e9orique) entre ces weekends&#8230; &gt;&gt;&gt; <a href=\"http:\/\/ekongkar.yoga\/?p=11546\"><span style=\"text-decoration: underline;\">En lire plus (certification &#8211; lieux &#8211; prix &#8211; commodit\u00e9s etc)<\/span><\/a><\/span><span style=\"font-size: 12pt;\"><br \/>\n<\/span><\/td>\n<\/tr>\n<tr>\n<td style=\"background-color: #e9edc9;\"><span style=\"font-size: 14pt;\"><strong><span style=\"color: #993300;\"><a href=\"http:\/\/ekongkar.yoga\/?p=11608\"><img loading=\"lazy\" decoding=\"async\" class=\"wp-image-37309 alignleft\" src=\"http:\/\/ekongkar.yoga\/wp-content\/uploads\/1023\/10\/Formation-Professeur-de-Yoga-23-1-300x300.jpg\" alt=\"\" width=\"130\" height=\"130\" srcset=\"https:\/\/ekongkar.yoga\/wp-content\/uploads\/1023\/10\/Formation-Professeur-de-Yoga-23-1-300x300.jpg 300w, https:\/\/ekongkar.yoga\/wp-content\/uploads\/1023\/10\/Formation-Professeur-de-Yoga-23-1-1024x1024.jpg 1024w, https:\/\/ekongkar.yoga\/wp-content\/uploads\/1023\/10\/Formation-Professeur-de-Yoga-23-1-150x150.jpg 150w, https:\/\/ekongkar.yoga\/wp-content\/uploads\/1023\/10\/Formation-Professeur-de-Yoga-23-1-768x768.jpg 768w, https:\/\/ekongkar.yoga\/wp-content\/uploads\/1023\/10\/Formation-Professeur-de-Yoga-23-1.jpg 1080w\" sizes=\"auto, (max-width: 130px) 100vw, 130px\" \/><\/a>LIGNES DIRECTRICES<\/span><\/strong> &#8211; Cette formation de professeur de yoga repose sur des lignes directrices qui tiennent compte des diff\u00e9rentes motivations individuelles qui sous-tendent la pratique du Yoga.<\/span><span style=\"font-size: 14pt;\"> Elle encourage ainsi \u00e0 explorer plusieurs techniques, styles et philosophies du Yoga&#8230; &gt;&gt;&gt; <a href=\"http:\/\/ekongkar.yoga\/?p=11608\"><span style=\"text-decoration: underline;\">En lire plus (les 5 principaux points)<\/span><\/a><\/span><\/td>\n<\/tr>\n<tr>\n<td style=\"background-color: #fefae0;\"><span style=\"font-size: 14pt;\"><strong><span style=\"color: #993300;\"><a href=\"http:\/\/ekongkar.yoga\/?p=11602\"><img loading=\"lazy\" decoding=\"async\" class=\"wp-image-37316 alignleft\" src=\"http:\/\/ekongkar.yoga\/wp-content\/uploads\/1023\/10\/Formation-Professeur-de-Yoga-23-2-300x300.jpg\" alt=\"\" width=\"130\" height=\"130\" srcset=\"https:\/\/ekongkar.yoga\/wp-content\/uploads\/1023\/10\/Formation-Professeur-de-Yoga-23-2-300x300.jpg 300w, https:\/\/ekongkar.yoga\/wp-content\/uploads\/1023\/10\/Formation-Professeur-de-Yoga-23-2-1024x1024.jpg 1024w, https:\/\/ekongkar.yoga\/wp-content\/uploads\/1023\/10\/Formation-Professeur-de-Yoga-23-2-150x150.jpg 150w, https:\/\/ekongkar.yoga\/wp-content\/uploads\/1023\/10\/Formation-Professeur-de-Yoga-23-2-768x768.jpg 768w, https:\/\/ekongkar.yoga\/wp-content\/uploads\/1023\/10\/Formation-Professeur-de-Yoga-23-2.jpg 1080w\" sizes=\"auto, (max-width: 130px) 100vw, 130px\" \/><\/a>THEMATIQUES &amp; PROGAMME DE FORMATION<\/span><\/strong> &#8211; Le programme de certification est adapt\u00e9 au d\u00e9butants ainsi qu&rsquo;au pratiquants avanc\u00e9s. Il apporte <strong><span style=\"color: #008080;\">les bases (pratiques et th\u00e9oriques) et les comp\u00e9tences<\/span><\/strong> requises pour devenir un professeur de yoga complet&#8230; &gt;&gt;&gt; <a href=\"http:\/\/ekongkar.yoga\/?p=11602\"><span style=\"text-decoration: underline;\">En lire plus (le d\u00e9tail des sujets et sections du programme)<\/span><\/a><\/span><\/td>\n<\/tr>\n<tr>\n<td style=\"background-color: #faedcd;\"><span style=\"font-size: 14pt;\"><strong><span style=\"color: #993300;\"><a href=\"https:\/\/ekongkar.yoga\/?p=13168\"><img loading=\"lazy\" decoding=\"async\" class=\" wp-image-37322 alignleft\" src=\"http:\/\/ekongkar.yoga\/wp-content\/uploads\/1023\/10\/Copie-de-Formation-Professeur-de-Yoga-23-300x300.jpg\" alt=\"\" width=\"130\" height=\"130\" srcset=\"https:\/\/ekongkar.yoga\/wp-content\/uploads\/1023\/10\/Copie-de-Formation-Professeur-de-Yoga-23-300x300.jpg 300w, https:\/\/ekongkar.yoga\/wp-content\/uploads\/1023\/10\/Copie-de-Formation-Professeur-de-Yoga-23-1024x1024.jpg 1024w, https:\/\/ekongkar.yoga\/wp-content\/uploads\/1023\/10\/Copie-de-Formation-Professeur-de-Yoga-23-150x150.jpg 150w, https:\/\/ekongkar.yoga\/wp-content\/uploads\/1023\/10\/Copie-de-Formation-Professeur-de-Yoga-23-768x768.jpg 768w, https:\/\/ekongkar.yoga\/wp-content\/uploads\/1023\/10\/Copie-de-Formation-Professeur-de-Yoga-23.jpg 1080w\" sizes=\"auto, (max-width: 130px) 100vw, 130px\" \/><\/a>DATES &amp; PLANNING DE CHAQUE WEEKEND<\/span><\/strong> &#8211; La formation est r\u00e9partie sur un an, et comprend 10 weekends en pr\u00e9sentiel (un par mois \u00e0 l\u2019exception de juillet et ao\u00fbt), du samedi 9h30 jusqu&rsquo;au dimanche \u00e0 16h. En plus de ces weekends&#8230; &gt;&gt;&gt; <a href=\"https:\/\/ekongkar.yoga\/?p=13168\"><span style=\"text-decoration: underline;\">En lire plus (dates, horaires, th\u00e9matiques des we)<\/span><\/a><\/span><\/td>\n<\/tr>\n<tr>\n<td style=\"background-color: #f4f0e3;\"><span style=\"font-size: 14pt;\"><strong><span style=\"color: #993300;\"><a href=\"http:\/\/ekongkar.yoga\/?p=11604\"><img loading=\"lazy\" decoding=\"async\" class=\" wp-image-37327 alignleft\" src=\"http:\/\/ekongkar.yoga\/wp-content\/uploads\/1023\/10\/Formation-Professeur-de-Yoga-23-3-300x300.jpg\" alt=\"\" width=\"130\" height=\"130\" srcset=\"https:\/\/ekongkar.yoga\/wp-content\/uploads\/1023\/10\/Formation-Professeur-de-Yoga-23-3-300x300.jpg 300w, https:\/\/ekongkar.yoga\/wp-content\/uploads\/1023\/10\/Formation-Professeur-de-Yoga-23-3-1024x1024.jpg 1024w, https:\/\/ekongkar.yoga\/wp-content\/uploads\/1023\/10\/Formation-Professeur-de-Yoga-23-3-150x150.jpg 150w, https:\/\/ekongkar.yoga\/wp-content\/uploads\/1023\/10\/Formation-Professeur-de-Yoga-23-3-768x768.jpg 768w, https:\/\/ekongkar.yoga\/wp-content\/uploads\/1023\/10\/Formation-Professeur-de-Yoga-23-3.jpg 1080w\" sizes=\"auto, (max-width: 130px) 100vw, 130px\" \/><\/a>EQUIPE PEDAGOGIQUE<\/span><\/strong> &#8211; Notre \u00e9quipe p\u00e9dagogique est compos\u00e9e d&rsquo;experts reconnus dans le domaine. Nos formateurs poss\u00e8dent une connaissance approfondie des diff\u00e9rentes traditions du yoga et leur approche bienveillante cr\u00e9e un environnement d&rsquo;apprentissage enrichissant et stimulant&#8230; &gt;&gt;&gt; <a href=\"http:\/\/ekongkar.yoga\/?p=11604\"><span style=\"text-decoration: underline;\">En lire plus (le d\u00e9tail sur chaqu&rsquo;un de ces formateurs)<\/span><\/a><\/span><\/td>\n<\/tr>\n<tr>\n<td style=\"background-color: #ccd5ae; text-align: center;\"><span style=\"font-size: 14pt;\"><a href=\"http:\/\/ekongkar.yoga\/?p=11807\"><img loading=\"lazy\" decoding=\"async\" class=\"aligncenter\" src=\"http:\/\/ekongkar.yoga\/wp-content\/uploads\/2023\/06\/PDF-Formation-professeur-de-yoga.png\" width=\"47\" height=\"48\" \/><\/a> L&rsquo;ensemble de l&rsquo;information (et plus encore) \u00e0 <span style=\"text-decoration: underline; color: #ffffff;\"><a style=\"color: #ffffff; text-decoration: underline;\" href=\"http:\/\/ekongkar.yoga\/?p=11807\">t\u00e9l\u00e9charger au format PDF<\/a><\/span><\/span><\/td>\n<\/tr>\n<\/tbody>\n<\/table>\n<table>\n<tbody>\n<tr>\n<td style=\"background-color: #f8fad9; text-align: left;\"><span style=\"font-size: 14pt;\"><span class=\"x3nfvp2 x1j61x8r x1fcty0u xdj266r xhhsvwb xat24cr xgzva0m xxymvpz xlup9mm x1kky2od\"><a href=\"https:\/\/www.facebook.com\/professeur.yoga\/\" target=\"_blank\" rel=\"noopener noreferrer\"><img loading=\"lazy\" decoding=\"async\" class=\"wp-image-11752 alignright\" src=\"http:\/\/ekongkar.yoga\/wp-content\/uploads\/1500\/06\/pngwing.com-11-300x290.png\" alt=\"\" width=\"88\" height=\"85\" srcset=\"https:\/\/ekongkar.yoga\/wp-content\/uploads\/1500\/06\/pngwing.com-11-300x290.png 300w, https:\/\/ekongkar.yoga\/wp-content\/uploads\/1500\/06\/pngwing.com-11.png 754w\" sizes=\"auto, (max-width: 88px) 100vw, 88px\" \/><\/a>Nous sommes l\u00e0 pour discuter de votre situation, de vos attentes et de vos projets. <strong><span style=\"color: #993300;\">Contactez-nous!<\/span><\/strong> 06.74.20.04.76 &#8211; Jean-Pierre Vanderydt &#8211; formation.professeur.yoga@gmail.com<\/span><\/span><\/td>\n<\/tr>\n<\/tbody>\n<\/table>\n<p><a href=\"https:\/\/www.facebook.com\/professeur.yoga\/\" target=\"_blank\" rel=\"noopener\"><img loading=\"lazy\" decoding=\"async\" class=\"alignnone wp-image-37347\" src=\"http:\/\/ekongkar.yoga\/wp-content\/uploads\/1023\/10\/Formation-prof-de-yoga-nantes-angers-bretagne-300x114.jpg\" alt=\"\" width=\"826\" height=\"315\" srcset=\"https:\/\/ekongkar.yoga\/wp-content\/uploads\/1023\/10\/Formation-prof-de-yoga-nantes-angers-bretagne-300x114.jpg 300w, https:\/\/ekongkar.yoga\/wp-content\/uploads\/1023\/10\/Formation-prof-de-yoga-nantes-angers-bretagne-768x292.jpg 768w, https:\/\/ekongkar.yoga\/wp-content\/uploads\/1023\/10\/Formation-prof-de-yoga-nantes-angers-bretagne.jpg 828w\" sizes=\"auto, (max-width: 826px) 100vw, 826px\" \/><\/a><\/p>\n<p align=\"CENTER\"><span style=\"font-family: 'Bahnschrift SemiLight', sans-serif; font-size: 8pt;\"><i>Si vous avez rempli un formulaire Google, sachez que les informations recueillies font l\u2019objet d\u2019un traitement informatique destin\u00e9 \u00e0 YOGA AYURVEDA, pour la finalit\u00e9 suivante : d\u00e9veloppement personnel &amp; formation \u00e0 l\u2019enseignement du yoga. Conform\u00e9ment \u00e0 la loi \u00ab informatique et libert\u00e9s \u00bb du 6 janvier 1978 modifi\u00e9e, vous disposez d\u2019un droit d\u2019acc\u00e8s et de rectification aux informations qui vous concernent. Vous pouvez acc\u00e9der aux informations vous concernant en vous adressant \u00e0 formation.professeur.yoga@gmail.com. Vous pouvez \u00e9galement, pour des motifs l\u00e9gitimes, vous opposer au traitement des donn\u00e9es vous concernant. Pour en savoir plus, consultez vos droits sur le site de la CNIL.<\/i><\/span><\/p>\n","protected":false},"excerpt":{"rendered":"<p>Formation Professeur de Yoga \u00e0 Angers (200h) : 10 week-ends sur 1 an, certification Yoga Alliance International, ouverte aux d\u00e9butants et pratiquants.<\/p>\n<p> <a class=\"continue-reading-link\" href=\"https:\/\/ekongkar.yoga\/?p=11308\"><span>Lire la suite&#8230;<\/span><i class=\"crycon-right-dir\"><\/i><\/a> <\/p>\n","protected":false},"author":1,"featured_media":38290,"comment_status":"closed","ping_status":"open","sticky":false,"template":"","format":"standard","meta":{"fifu_image_url":"https:\/\/ekongkar.yoga\/wp-content\/uploads\/2023\/06\/Ekongkar4.jpg","fifu_image_alt":"","footnotes":""},"categories":[7,21,22,48],"tags":[],"class_list":["post-11308","post","type-post","status-publish","format-standard","has-post-thumbnail","hentry","category-atelier-angers","category-formation","category-formation-professeur-de-yoga","category-stages"],"_links":{"self":[{"href":"https:\/\/ekongkar.yoga\/index.php?rest_route=\/wp\/v2\/posts\/11308","targetHints":{"allow":["GET"]}}],"collection":[{"href":"https:\/\/ekongkar.yoga\/index.php?rest_route=\/wp\/v2\/posts"}],"about":[{"href":"https:\/\/ekongkar.yoga\/index.php?rest_route=\/wp\/v2\/types\/post"}],"author":[{"embeddable":true,"href":"https:\/\/ekongkar.yoga\/index.php?rest_route=\/wp\/v2\/users\/1"}],"replies":[{"embeddable":true,"href":"https:\/\/ekongkar.yoga\/index.php?rest_route=%2Fwp%2Fv2%2Fcomments&post=11308"}],"version-history":[{"count":3,"href":"https:\/\/ekongkar.yoga\/index.php?rest_route=\/wp\/v2\/posts\/11308\/revisions"}],"predecessor-version":[{"id":40250,"href":"https:\/\/ekongkar.yoga\/index.php?rest_route=\/wp\/v2\/posts\/11308\/revisions\/40250"}],"wp:featuredmedia":[{"embeddable":true,"href":"https:\/\/ekongkar.yoga\/index.php?rest_route=\/wp\/v2\/media\/38290"}],"wp:attachment":[{"href":"https:\/\/ekongkar.yoga\/index.php?rest_route=%2Fwp%2Fv2%2Fmedia&parent=11308"}],"wp:term":[{"taxonomy":"category","embeddable":true,"href":"https:\/\/ekongkar.yoga\/index.php?rest_route=%2Fwp%2Fv2%2Fcategories&post=11308"},{"taxonomy":"post_tag","embeddable":true,"href":"https:\/\/ekongkar.yoga\/index.php?rest_route=%2Fwp%2Fv2%2Ftags&post=11308"}],"curies":[{"name":"wp","href":"https:\/\/api.w.org\/{rel}","templated":true}]}}