{"id":11141,"date":"2023-02-15T21:50:13","date_gmt":"2023-02-15T19:50:13","guid":{"rendered":"http:\/\/ekongkar.yoga\/?p=11141"},"modified":"2023-02-15T21:50:13","modified_gmt":"2023-02-15T19:50:13","slug":"video-20-min-nourriture-pranique-lumiere-film-documentaire","status":"publish","type":"post","link":"https:\/\/ekongkar.yoga\/?p=11141","title":{"rendered":"[Vid\u00e9o &#8211; 20 min] Nourriture pranique (Lumi\u00e8re, film documentaire)"},"content":{"rendered":"<table>\n<tbody>\n<tr style=\"background-color: #f7e6f6;\">\n<td><strong><span style=\"color: #008080;\">Gabriel Lesquoy sera en Centre Bretagne le 2 d\u00e9cembre 2023<\/span><\/strong> &#8211; Toute l&rsquo;info: <a href=\"http:\/\/ekongkar.yoga\/?p=11987\" target=\"_blank\" rel=\"noopener noreferrer\">Vivre de Lumi\u00e8re \u2013 Pranisme \u2013 Soir\u00e9e sp\u00e9ciale<\/a><\/td>\n<\/tr>\n<\/tbody>\n<\/table>\n<div class=\"mks_col \">\n<div class=\"mks_one_half \">\n<p style=\"text-align: left;\"><strong><span style=\"color: #993300;\">Peut-on survivre sans nourriture et sans eau pendant des semaines, des ann\u00e9es voire des d\u00e9cennies?<\/span><\/strong> La plupart des gens r\u00e9pondront spontan\u00e9ment : c&rsquo;est impossible ! Mais que penseront ces m\u00eames personnes faces aux preuves, interviews et exp\u00e9riences en laboratoire \u00e0 l&rsquo;appui, constatant que ce ph\u00e9nom\u00e8ne, parfois aussi d\u00e9sign\u00e9 par \u00abRespirianisme\u00bb, existe ?<\/p>\n<\/div>\n<div class=\"mks_one_half \">\n<p><iframe loading=\"lazy\" title=\"YouTube video player\" src=\"https:\/\/www.youtube.com\/embed\/iIwl9oMMtGA\" width=\"560\" height=\"238\" frameborder=\"0\" allowfullscreen=\"allowfullscreen\"><\/iframe><\/p>\n<\/div>\n<\/div>\n<p><em>[Script de la vid\u00e9o]&nbsp;<\/em><strong><span style=\"color: #008080;\">Avez-vous d\u00e9j\u00e0 entendu parler de certaines personnes qui peuvent se nourrir de lumi\u00e8re ?<\/span><\/strong> Qui peuvent vivre simplement de lumi\u00e8re. Est-ce que vous y croyez ? Moi en tout cas, je n&rsquo;y croyais pas.&nbsp;<\/p>\n<p>Une fois dans les ann\u00e9es 90, je me suis retrouv\u00e9 \u00e0 regarder un documentaire \u00e0 la t\u00e9l\u00e9vision sur le Saint Patron Suisse Nicolas de Fl\u00fce. <strong><span style=\"color: #008080;\">Durant les vingt derni\u00e8res ann\u00e9es de sa vie, il n&rsquo;aurait v\u00e9cu que de lumi\u00e8re divine.&nbsp;<\/span><\/strong>\u00c0 cette \u00e9poque, je n&rsquo;aurais jamais imagin\u00e9 qu&rsquo;un jour je ferai un film sur ce ph\u00e9nom\u00e8ne, un projet qui s&rsquo;est \u00e9tendu sur plusieurs ann\u00e9es et qui m&rsquo;a emmen\u00e9 partout dans le monde. <strong><span style=\"color: #993300;\">Voici le r\u00e9cit de mon voyage.&nbsp;<\/span><\/strong>Honn\u00eatement, apr\u00e8s avoir vu le documentaire mentionn\u00e9 pr\u00e9c\u00e9demment, je n&rsquo;avais plus pens\u00e9 \u00e0 Nicolas de Fl\u00fce et j&rsquo;avais tout oubli\u00e9 \u00e0 propos du mythe de la possibilit\u00e9 de vivre sans nourriture, jusqu&rsquo;\u00e0 ce que je rencontre:&nbsp;<\/p>\n[Dieter] \u00ab\u00a0<em><strong><span style=\"color: #008080;\">Je ne mange plus de nourriture physique.<\/span><\/strong> Je bois uniquement des liquides. Parfois, je rajoute de l&rsquo;assaisonnement. Je vais mettre quelques gouttes de tamarin dans mon eau pour le go\u00fbt ou du gingembre. Mais en tout cas, ma seule nourriture est liquide\u00a0\u00bb.<\/em><\/p>\n<p>Donc, vous n&rsquo;avez pas r\u00e9ellement d&rsquo;apport calorique ?&nbsp;<em>\u00ab\u00a0Non, absolument pas, mais j&rsquo;obtiens suffisamment de calories \u00e0 un autre niveau.\u00a0\u00bb&nbsp;<\/em>Quant avez-vous commenc\u00e9 \u00e0 vivre de lumi\u00e8re ?&nbsp;<em>\u00ab\u00a0Depuis 1998! j&rsquo;avais achet\u00e9 le livre Lichtnahrung et l&rsquo;ai gard\u00e9 pendant longtemps sur mon \u00e9tag\u00e8re. Le titre avait l&rsquo;air int\u00e9ressant: Vivre de lumi\u00e8re. \u00c7a ne me paraissait pas illogique, car nous sommes des \u00eatres de lumi\u00e8re.\u00a0\u00bb&nbsp;<\/em><\/p>\n<p><em>\u00ab\u00a0Les gens me demandent souvent : <strong><span style=\"color: #008080;\">Alors vous restez debout au soleil ou quoi ?<\/span><\/strong> Que faites-vous ?\u00a0\u00bb Je dit non, \u00e7a n&rsquo;a rien \u00e0 voir avec ce type de lumi\u00e8re, mais la lumi\u00e8re est consid\u00e9r\u00e9e comme ayant la fr\u00e9quence la plus \u00e9lev\u00e9e.\u00a0\u00bb&nbsp;<\/em><\/p>\n<p><em>\u00ab\u00a0En ao\u00fbt 1998, j&rsquo;ai suivi le processus respirianiste de 21 jours. Les sept premiers jours sont les plus difficiles car on n&rsquo;a pas le droit de manger ni de boire une seule goutte d&rsquo;eau. Apr\u00e8s la premi\u00e8re semaine, on commence de nouveau \u00e0 boire de l&rsquo;eau. <strong><span style=\"color: #008080;\">\u00c0 la fin des 21 jours, je ne ressentais plus le besoin de manger et j&rsquo;ai continu\u00e9 sur cette voie.\u00a0\u00bb<\/span><\/strong><\/em><\/p>\n<p><em>\u00ab\u00a0Le 50\u00e8me jour, j&rsquo;ai pens\u00e9 : Je ne connais personne qui a je\u00fbn\u00e9 pendant 50 jours, et c&rsquo;est l\u00e0 que j&rsquo;ai su que \u00e7a marchait. Petit \u00e0 petit, la confiance en soi augmente. <strong><span style=\"color: #008080;\">Pour moi, c&rsquo;\u00e9tait un processus de confiance.<\/span> <\/strong>Maintenant, j&rsquo;ai confiance en moi. Si je perdais tout, je n&rsquo;aurais m\u00eame pas besoin de manger. Et si \u00e0 un moment je d\u00e9cide qu&rsquo;il est temps de changer, je changerais. Je peux m&rsquo;arr\u00eater \u00e0 tout moment. Je n&rsquo;ai plus besoin de me prouver quoi que ce soit.\u00a0\u00bb<\/em><\/p>\n<p><em>\u00ab\u00a0<strong><span style=\"color: #008080;\">D&rsquo;ailleurs, je ne me porterai jamais volontaire pour des tests m\u00e9dicaux.<\/span><\/strong> Cela irait \u00e0 l&rsquo;encontre de la nature holistique de cette d\u00e9marche. Si l&rsquo;on regarde les m\u00e9decins qu&rsquo;il y a autour de nous, aucun d&rsquo;entre eux n&rsquo;est pr\u00eat \u00e0 prendre le sujet au s\u00e9rieux.\u00a0\u00bb<\/em><\/p>\n<p><img loading=\"lazy\" decoding=\"async\" class=\" wp-image-11144 alignright\" src=\"http:\/\/ekongkar.yoga\/wp-content\/uploads\/2023\/02\/Lumiere-respirianisme-ekongkar-yoga-2-233x300.jpg\" alt=\"\" width=\"381\" height=\"491\" srcset=\"https:\/\/ekongkar.yoga\/wp-content\/uploads\/2023\/02\/Lumiere-respirianisme-ekongkar-yoga-2-233x300.jpg 233w, https:\/\/ekongkar.yoga\/wp-content\/uploads\/2023\/02\/Lumiere-respirianisme-ekongkar-yoga-2.jpg 473w\" sizes=\"auto, (max-width: 381px) 100vw, 381px\" \/><\/p>\n<p style=\"text-align: center;\"><strong><span style=\"font-size: 14pt; color: #ff6600;\">La m\u00e9decine conventionnelle<\/span><\/strong><\/p>\n<p>Prof. Dr. Wolfgang Marktl:<\/p>\n<p><em>\u00ab\u00a0L&rsquo;\u00eatre humain a besoin d&rsquo;\u00e9nergie pour son processus vital. S&rsquo;il ne mange pas, o\u00f9 peut-il trouver l&rsquo;\u00e9nergie n\u00e9cessaire pour son c\u0153ur, son foie, sa respiration ?\u00a0\u00bb<\/em><\/p>\n<p>Prof. Dr. Herbert Lochs:<br \/>\n<em>\u00ab\u00a0Si quelqu&rsquo;un me dit : je n&rsquo;ai pas mang\u00e9 depuis des ann\u00e9es et je suis encore vivant, je questionnerai d&rsquo;abord la v\u00e9racit\u00e9 de cette d\u00e9claration.\u00a0\u00bb<\/em><\/p>\n<p>Prof. Dr. Anton Luger:<br \/>\n<em>\u00ab\u00a0Le fait que l&rsquo;on puisse vivre de lumi\u00e8re d\u00e9passe mon entendement, car nous ne sommes pas des plantes, nous sommes des \u00eatres humains et nous d\u00e9pendons d&rsquo;un apport \u00e9nerg\u00e9tique dans une forme que nous sommes capables de transformer.\u00a0\u00bb<\/em><\/p>\n<p>Dr Ingrid Kiefer:<br \/>\n<em>\u00ab\u00a0Si ce ph\u00e9nom\u00e8ne existait r\u00e9ellement, les gens ne devraient plus mourir de faim. Or, il y a des endroits dans le monde o\u00f9 des populations ont fin et en meurent, alors comment est-ce possible ?\u00a0\u00bb<\/em><\/p>\n<p><em>\u00ab\u00a0Il n&rsquo;y a aucune \u00e9tude reconnue qui d\u00e9montre que l&rsquo;on peut cr\u00e9er des r\u00e9serves d&rsquo;\u00e9nergie qui pourraient durer plus de deux mois. Alors, pour moi, ces affirmations sont sans fondement scientifique. Il me manque la preuve scientifique. Il y a de quoi \u00eatre sceptique.\u00a0\u00bb<\/em><\/p>\n<p style=\"text-align: center;\"><strong><span style=\"font-size: 14pt; color: #ff6600;\">Jasmuheen<\/span><\/strong><\/p>\n<p><strong><span style=\"color: #008080;\">L&rsquo;Australienne de 42 ans, Jasmuheen, affirme ne pas avoir mang\u00e9 depuis 1993<\/span><\/strong>. Elle vit d&rsquo;air et de lumi\u00e8re: [plateau TV] Soyez la bienvenue, madame Jasmuheen, vous \u00eates l&rsquo;ambassadrice d&rsquo;un enseignement que vous suivez vous-m\u00eame. Quel est le secrets de ce mode de vie?<\/p>\n<p><em>\u00ab\u00a0Ce n&rsquo;est pas un miracle. Ce sont les r\u00e9sultats de la connexion avec une puissance sup\u00e9rieure que les chr\u00e9tiens appellent Dieu et que nous appelons &lsquo;prana&rsquo;.\u00a0\u00bb<\/em><\/p>\n<p style=\"text-align: center;\"><span style=\"font-size: 14pt;\"><strong><span style=\"color: #ff6600;\">Journal film\u00e9 sur le processus de 21 jours<\/span><\/strong><\/span><\/p>\n<p>J&rsquo;ai rencontr\u00e9 Axel sur un des forums Internet. <strong><span style=\"color: #008080;\">Il voulait essayer le respirianisme<\/span><\/strong> et se porte volontaire pour r\u00e9aliser un journal film\u00e9 sur le processus de 21 jours:<\/p>\n<p><em>\u00ab\u00a0Je n&rsquo;ai aucune id\u00e9e de ce qui m&rsquo;attend. J&rsquo;ai l&rsquo;intention de filmer une partie de mon journal tous les jours. Je savais depuis l&rsquo;automne dernier que j&rsquo;allais essayer le processus de transition, c&rsquo;\u00e9tait juste une question de temps. L&rsquo;australienne Jasmuheen sugg\u00e8re un processus de trois semaines : aucune nourriture ou boisson pendant une semaine, puis les deux semaines suivantes, le liquide est autoris\u00e9. Vivre sans nourriture, on verra \u00e7a plus tard.\u00a0\u00bb<\/em><\/p>\n<p><em>\u00ab\u00a0Maintenant, <strong><span style=\"color: #008080;\">je m&rsquo;appr\u00eate \u00e0 boire ma derni\u00e8re gorg\u00e9e d&rsquo;eau pour toute une semaine<\/span><\/strong>. La voil\u00e0&#8230; Sant\u00e9&#8230; Nous sommes le 27 mars, il est 7 heures du soir, premier jour du processus de transition. Je me sens super bien, c&rsquo;est le troisi\u00e8me jour, il est environ quatre heures de l&rsquo;apr\u00e8s-midi. Hier, j&rsquo;\u00e9tais trop fatigu\u00e9 pour filmer quoi que ce soit, j&rsquo;\u00e9tais \u00e9puis\u00e9. J&rsquo;ai dormi 14 heures de suite, jusqu&rsquo;\u00e0 ce matin. Aujourd&rsquo;hui, la circulation est faible, je me sens f\u00e9brile.\u00a0\u00bb<\/em><\/p>\n<p><em>\u00ab\u00a0Aujourd&rsquo;hui, nous sommes le 30 mars, le quatri\u00e8me jour du processus de respirianisme. Il est midi, je me sens de plus en plus faible. C&rsquo;est pour cela que je vais l\u00e9g\u00e8rement modifier le processus. Je vais recommencer \u00e0 boire de l&rsquo;eau. Je crois que \u00e7a se tient, parce que ce n&rsquo;est plus marrant, \u00e7a commence \u00e0 \u00eatre difficile. Ca va un moment, mais pas pour une p\u00e9riode plus longue. J&rsquo;ai peur de ne pas retrouver mon \u00e9nergie. Voil\u00e0 ma premi\u00e8re gorg\u00e9e. Non, ceci n&rsquo;est pas de la nourriture de lumi\u00e8re\u00a0\u00bb<\/em> &#8230; <strong><span style=\"color: #008080;\">Jour 5, processus interrompu.<\/span><\/strong><\/p>\n<p style=\"text-align: center;\"><strong><span style=\"font-size: 14pt; color: #ff6600;\">Arr\u00eater de boire?<\/span><\/strong><\/p>\n<p>Dr. Ruediger Dahlke:<br \/>\n<em>\u00ab\u00a0En tant que m\u00e9decin, je ne peux pas recommander de ne pas boire de liquide pendant sept jours. <strong><span style=\"color: #008080;\">Beaucoup de personnes peuvent d\u00e9couvrir les bienfaits que le jeune peut avoir sur elle, mais alors on doit boire beaucoup de liquide.<\/span><\/strong> Cela draine les reins et peut pr\u00e9venir les risques m\u00e9dicaux. On peut choisir de je\u00fbner pendant des p\u00e9riodes plus longues pour des motifs religieux ou des croyances spirituelles, mais apr\u00e8s trois ou quatre semaines, on pourra constater : Tiens, je ne perds plus de poids, la vie est belle, et je me sens plus en harmonie avec la nature et ses diff\u00e9rents \u00e9l\u00e9ments! Alors cela fait partie d&rsquo;un cheminement naturel, mais je ne recommanderais pas d&rsquo;arr\u00eater de boire et de manger brutalement, et surtout de ne pas boire pendant sept jours. Si quelqu&rsquo;un souffrant de nombreuses maladies suit un mauvais r\u00e9gime avec beaucoup de toxines, cela n\u00e9cessitera une supervision m\u00e9dicale. Ne pas boire en plus, peut \u00eatre tr\u00e8s dangereux. Je le d\u00e9conseille.\u00a0\u00bb<\/em><\/p>\n<p>Un r\u00e9gime d\u00e9mentiel, Heide Mayer voulait vivre uniquement d&rsquo;air et de lumi\u00e8re. Elle est d\u00e9c\u00e9d\u00e9e huit jours plus tard. Une mort qui soul\u00e8ve de nombreuses interrogations, car elle est intervenue suite \u00e0 un jeune tr\u00e8s radical. octeur, que se passe-t-il lorsqu&rsquo;une personne se prive de nourriture et surtout d&rsquo;eau pendant sept jours ?<\/p>\n[Docteur] <em>\u00ab\u00a0<strong><span style=\"color: #008080;\">Le probl\u00e8me principal est de ne pas boire.<\/span><\/strong> Notre corps est constitu\u00e9 principalement d&rsquo;eau, si nous en sommes priv\u00e9s pendant plus de trois ou quatre jours, nous mourrons dans la plupart des cas. C&rsquo;est pourquoi il est particuli\u00e8rement dangereux de ne pas boire.\u00a0\u00bb<\/em><\/p>\n<p>En plus de la mort de la femme autrichienne, il y a trois affaires internationales qui ont fait la une et qui sont li\u00e9es au processus des 21 jours. En Allemagne, un \u00e9ducateur dans un jardin d&rsquo;enfants, Timo Degen, a sombr\u00e9 dans un coma profond. Il n&rsquo;avait rien bu depuis sept jours. Il est mort quelques semaines plus tard dans une maison de repos. En Australie, Ian Morris, \u00e2g\u00e9 de 53 ans, a eu une attaque pendant qu&rsquo;elle suivait le processus. Mais le cas le plus m\u00e9diatis\u00e9 est celui de Verity Line qui est morte pendant qu&rsquo;elle suivait le processus seul dans les Highlands \u00e9cossaises.<\/p>\n<p>A ce propos, Jasmuheen dit: <em>\u00ab\u00a0Son d\u00e9c\u00e8s est li\u00e9 \u00e0 l&rsquo;exposition aux \u00e9l\u00e9ments naturels et \u00e0 la d\u00e9shydratation. Dans mon livre il est dit: lorsque vous commencez le processus de 21 jours, ne sortez pas, ne bougez pas, restez \u00e0 l&rsquo;int\u00e9rieur, gardez votre \u00e9nergie. <strong><span style=\"color: #008080;\">Elle a choisi de ne pas suivre les instructions.<\/span><\/strong> Ils ont trouv\u00e9 mon livre avec elle et aucune trace de nourriture ou de liquide. Alors ils ont juste conclu que Jasmuheen avait tu\u00e9 cette femme. \u00c0 ce moment-l\u00e0, les m\u00e9dias en Angleterre, en \u00c9cosse et en Australie ont d\u00e9clar\u00e9: la gourou respirianiste Jasmuheen \u00ab\u00a0bimbo blonde\u00a0\u00bb assassine les gens.\u00a0\u00bb<\/em><\/p>\n<p style=\"text-align: center;\"><span style=\"font-size: 14pt;\"><strong><span style=\"color: #ff6600;\">Vivre de lumi\u00e8re &#8211; un ph\u00e9nom\u00e8ne m\u00e9diatique<\/span><\/strong><\/span><\/p>\n[Jasmuheen] <em>\u00ab\u00a0J&rsquo;ai parl\u00e9 \u00e0 plus de 900 millions de personnes \u00e0 travers les m\u00e9dias depuis une dizaine d&rsquo;ann\u00e9es. Alors la r\u00e9alit\u00e9 de ceci est implant\u00e9e dans les esprits. Je suis d&rsquo;accord que la plupart des gens \u00e0 qui j&rsquo;ai parl\u00e9 \u00e0 travers les m\u00e9dias ont cru que cette femme est folle, ceci n&rsquo;est pas possible, mais au moins je lui en ai parl\u00e9! <strong><span style=\"color: #008080;\">J&rsquo;ai fait \u00e9merger l&rsquo;id\u00e9e que tout ceci \u00e9tait peut-\u00eatre possible.<\/span><\/strong> Et lorsqu&rsquo;on admet que quelque chose est possible, les portes s&rsquo;ouvrent de plus en plus.\u00a0\u00bb<\/em><\/p>\n<p><em>\u00ab\u00a0Lorsque j&rsquo;ai suivi l&rsquo;initiation en 1993, j&rsquo;ai \u00e9t\u00e9 capable d&rsquo;attirer suffisamment de particules cosmiques afin de r\u00e9ellement nourrir mon corps d&rsquo;une mani\u00e8re totalement diff\u00e9rente. Et m\u00eame apr\u00e8s avoir appris comment vivre de lumi\u00e8re, j&rsquo;ai commenc\u00e9 \u00e0 apprendre que si je voulais satisfaire le go\u00fbt et la moindre impression de go\u00fbts et de saveurs, il me suffisait de prendre un bout de chocolat. Mais les gens m&rsquo;auraient alors dit : <strong><span style=\"color: #008080;\">Comment pouvez-vous faire cela, le prana et du chocolat!<\/span><\/strong>\u00ab\u00a0<\/em><\/p>\n<p><em>\u00ab\u00a0Parce que j&rsquo;ai trouv\u00e9 cette voix qui montre qu&rsquo;une fois que l&rsquo;on s&rsquo;est prouv\u00e9 que l&rsquo;on peut se nourrir avec le prana, qu&rsquo;il peut nous apporter toutes les vitamines, les min\u00e9raux, tout ce dont on a besoin, lorsque l&rsquo;on s&rsquo;est donn\u00e9 cette libert\u00e9 en le vivant, <strong><span style=\"color: #008080;\">il n&rsquo;y a plus rien \u00e0 prouver \u00e0 quiconque<\/span><\/strong>.\u00a0\u00bb<\/em><\/p>\n<p>\u00ab\u00a0<em>\u00c7a a march\u00e9 pour moi, tout simplement. Vous savez, je pourrais dire que j&rsquo;ai commis cette erreur tr\u00e8s t\u00f4t, je suppose qu&rsquo;on pourrait le dire si l&rsquo;on voit les choses comme une erreur. J&rsquo;ai simplement assum\u00e9 que si je pouvais suivre le processus des 21 jours et que cela me donnait le don de vivre avec le prana, alors <strong><span style=\"color: #008080;\">tout le monde pourrait le faire<\/span><\/strong>. Mais je me suis rendu compte que ce n&rsquo;\u00e9tait pas vrai.\u00a0\u00bb<\/em><\/p>\n<p>Sur internet, j&rsquo;ai trouv\u00e9 de <strong><span style=\"color: #008080;\">nombreuses histoires de gens qui avaient achev\u00e9 le processus de 21 jours avec succ\u00e8s<\/span><\/strong>. Rien qu&rsquo;en Allemagne, plusieurs milliers de personnes pr\u00e9tendent avoir fait le processus. Comment vont-ils maintenant ? Est-ce qu&rsquo;ils mangent ?<\/p>\n[T\u00e9moignage] <em>\u00ab\u00a0Je viens depuis Pologne. Cela fait cinq ans que je m&rsquo;int\u00e9resse au processus respirianiste. Il y a quelques ann\u00e9es, j&rsquo;ai suivi le processus de 21 jours par trois fois. J&rsquo;ai r\u00e9ussi deux fois \u00e0 vivre du prana pendant 3 mois.\u00a0\u00bb<\/em><\/p>\n[T\u00e9moignage] <em>\u00ab\u00a0Il y a une certaine fascination \u00e0 l&rsquo;id\u00e9e de ne pas \u00eatre d\u00e9pendant d&rsquo;une quelconque nourriture physique li\u00e9e au mat\u00e9riel.\u00a0\u00bb<\/em><\/p>\n[T\u00e9moignage] <em>\u00ab\u00a0J&rsquo;ai aussi ce c\u00f4t\u00e9 scientifique et raisonnable qui me dit : C&rsquo;est impossible, vivre de lumi\u00e8re, c&rsquo;est de la connerie, \u00e7a ne peut pas \u00eatre vrai. Et puis j&rsquo;ai ce c\u00f4t\u00e9 aventureux qui me dit : Essaie et tu verras bien ce qui arrivera. \u00c7a pourrait \u00eatre dr\u00f4le.\u00a0\u00bb<\/em><\/p>\n<p style=\"text-align: center;\"><strong><span style=\"font-size: 14pt; color: #ff6600;\">Exp\u00e9rience avec le processus respirianiste de 21 jours<\/span><\/strong><\/p>\n[T\u00e9moignage] <em>\u00ab\u00a0Je me suis rendu compte \u00e0 quel point les affirmations suivantes \u00e9taient ancr\u00e9es dans nos esprits : Dans trois jours, tu vas mourir&#8230; <strong><span style=\"color: #008080;\">Quatre jours sans nourriture et sans eau, tu meurs.<\/span><\/strong> Et en m\u00eame temps, quelque chose me disait : \u00ab\u00a0Garde la foi, tu es entre deux bonnes.\u00a0\u00bb<\/em><\/p>\n[T\u00e9moignage] <em>\u00ab\u00a0J&rsquo;avais fait \u00e7a en groupe, nous \u00e9tions neuf. Le quatri\u00e8me jour, j&rsquo;ai arr\u00eat\u00e9 de perdre du poids. Mon poids s&rsquo;est stabilis\u00e9 juste en dessous de 50 kg. Je l&rsquo;ai vraiment senti. <strong><span style=\"color: #008080;\">C&rsquo;est \u00e0 ce moment-l\u00e0 que je me suis sentie nourrie.<\/span><\/strong> C&rsquo;\u00e9tait comme si une ampoule s&rsquo;\u00e9tait allum\u00e9e dans ma t\u00eate.\u00a0\u00bb<\/em><\/p>\n[T\u00e9moignage] <em>\u00ab\u00a0Je suis m\u00eame s\u00fbr que j&rsquo;avais l&rsquo;air f\u00e9brile les sept premiers jours. Mais apr\u00e8s cette premi\u00e8re gorg\u00e9e d&rsquo;eau, c&rsquo;\u00e9tait comme la fin d&rsquo;une s\u00e9cheresse. <strong><span style=\"color: #008080;\">La premi\u00e8re gorg\u00e9e d&rsquo;eau, je ne l&rsquo;oublierai jamais.<\/span><\/strong>\u00ab\u00a0<\/em><\/p>\n[T\u00e9moignage] <em>\u00ab\u00a0Nous voulions tous continuer \u00e0 ne pas manger pendant six mois. Et puis, apr\u00e8s trois semaines, le groupe s&rsquo;est s\u00e9par\u00e9. Je suis all\u00e9 en Bavi\u00e8re pour voir ma m\u00e8re et le lendemain, j&rsquo;ai mang\u00e9 de nouveau. Prudemment d&rsquo;abord, mais j&rsquo;ai tout essay\u00e9.<strong><span style=\"color: #008080;\"> Quelle culpabilit\u00e9! Bon dieu, on \u00e9tait tous d&rsquo;accord pour ne plus manger.<\/span><\/strong> J&rsquo;ai appel\u00e9 les autres membres du groupe et ils avaient tous mang\u00e9. Nous avions tous mauvaise conscience.\u00a0\u00bb<\/em><\/p>\n[T\u00e9moignage] \u00ab\u00a0<em><strong><span style=\"color: #008080;\">J&rsquo;ai imm\u00e9diatement recommenc\u00e9 \u00e0 manger.<\/span><\/strong> Mon erreur a \u00e9t\u00e9 de le faire imm\u00e9diatement. Je n&rsquo;ai m\u00eame pas attendu la fin du dimanche. <\/em><em>Techniquement, je n&rsquo;avais pas fini. Dimanche soir, je me suis assis, j&rsquo;ai pens\u00e9 : Mange une tranche de pain. J&rsquo;ai mang\u00e9 \u00e7a, et apr\u00e8s j&rsquo;ai dit : Maintenant une tranche de pain et de fromage grill\u00e9&#8230; J&rsquo;ai fait une rechute et je suis retourn\u00e9 \u00e0 une vie normale.<\/em><\/p>\n<p style=\"text-align: center;\"><strong><span style=\"font-size: 14pt; color: #ff6600;\">Walter \u00ab\u00a0Omasa\u00a0\u00bb Rohrmoser, le Yogi Alpin<\/span><\/strong><\/p>\n<p>\u00c0 Berlin, j&rsquo;ai d\u00e9couvert l&rsquo;existence d&rsquo;un homme qui a suivi le processus de 21 jours et n&rsquo;a plus jamais recommenc\u00e9 \u00e0 manger. J&rsquo;ai suivi ses traces jusqu&rsquo;en Autriche:<\/p>\n<p><em>\u00ab\u00a0Il y a quelques personnes qui ont suivi le processus de prana, la plupart d&rsquo;entre eux sont retourn\u00e9s \u00e0 la nourriture physique, autant que je le sache.\u00a0\u00bb<\/em><\/p>\n<p><em>\u00ab\u00a0J&rsquo;ai d\u00e9cid\u00e9 de suivre le processus de 21 jours pour me sentir libre. \u00c7a a compl\u00e8tement calm\u00e9 mon corps sur le plan \u00e9motionnel. Lorsque je me suis dit, d\u00e8s que j&rsquo;aurai faim ou que je voudrais prendre du plaisir \u00e0 manger, je mangerai. Mais cela fait sept ans que j&rsquo;ai r\u00e9ajust\u00e9 mon apport \u00e9nerg\u00e9tique et je n&rsquo;ai jamais eu faim. Depuis, je n&rsquo;ai pas besoin de rentrer chez moi pour manger \u00e0 midi. <strong><span style=\"color: #008080;\">Je peux faire tout ce que je veux, c&rsquo;est \u00e7a le principal, la libert\u00e9.<\/span><\/strong>\u00ab\u00a0<\/em><\/p>\n<hr>\n<p><span style=\"font-size: 24pt;\">En vid\u00e9os, sur la cha\u00eene YouTube <span style=\"text-decoration: underline; color: #008080;\"><a style=\"color: #008080; text-decoration: underline;\" href=\"https:\/\/www.youtube.com\/channel\/UC6JVXwM88DsvYA7kf4RxFSg\" target=\"_blank\" rel=\"noopener noreferrer\">Yoga Ekongkar<\/a><\/span>&nbsp;:<\/span><\/p>\n<div class=\"mks_col \">\n<div class=\"mks_one_half \"><iframe loading=\"lazy\" src=\"https:\/\/www.youtube.com\/embed\/cgDyEBuyGIg\" width=\"560\" height=\"238\" frameborder=\"0\" allowfullscreen=\"allowfullscreen\" data-mce-fragment=\"1\"><\/iframe><\/div>\n<div class=\"mks_one_half \"><iframe loading=\"lazy\" title=\"YouTube video player\" src=\"https:\/\/www.youtube.com\/embed\/tdC7NA1i4mA\" width=\"560\" height=\"238\" frameborder=\"0\" allowfullscreen=\"allowfullscreen\"><\/iframe><\/div>\n<\/div>\n<div class=\"mks_col \">\n<div class=\"mks_one_half \"><iframe loading=\"lazy\" src=\"https:\/\/www.youtube.com\/embed\/HrLlQaQTPxA\" width=\"560\" height=\"238\" frameborder=\"0\" allowfullscreen=\"allowfullscreen\" data-mce-fragment=\"1\"><\/iframe><\/div>\n<div class=\"mks_one_half \"><iframe loading=\"lazy\" title=\"YouTube video player\" src=\"https:\/\/www.youtube.com\/embed\/r02YG85Hb_0\" width=\"560\" height=\"238\" frameborder=\"0\" allowfullscreen=\"allowfullscreen\"><\/iframe><\/div>\n<\/div>\n","protected":false},"excerpt":{"rendered":"<p>Gabriel Lesquoy sera en Centre Bretagne le 2 d\u00e9cembre 2023 &#8211; Toute l&rsquo;info: Vivre de Lumi\u00e8re \u2013 Pranisme \u2013 Soir\u00e9e sp\u00e9ciale [Script de la vid\u00e9o]&nbsp;Avez-vous d\u00e9j\u00e0 entendu parler de certaines personnes qui peuvent se nourrir de lumi\u00e8re ? Qui peuvent vivre simplement de lumi\u00e8re. Est-ce que vous y croyez ?&#8230;<\/p>\n<p> <a class=\"continue-reading-link\" href=\"https:\/\/ekongkar.yoga\/?p=11141\"><span>Lire la suite&#8230;<\/span><i class=\"crycon-right-dir\"><\/i><\/a> <\/p>\n","protected":false},"author":1,"featured_media":11142,"comment_status":"closed","ping_status":"open","sticky":false,"template":"","format":"standard","meta":{"fifu_image_url":"","fifu_image_alt":"","footnotes":""},"categories":[33,53],"tags":[],"class_list":["post-11141","post","type-post","status-publish","format-standard","has-post-thumbnail","hentry","category-medecine","category-videos"],"_links":{"self":[{"href":"https:\/\/ekongkar.yoga\/index.php?rest_route=\/wp\/v2\/posts\/11141","targetHints":{"allow":["GET"]}}],"collection":[{"href":"https:\/\/ekongkar.yoga\/index.php?rest_route=\/wp\/v2\/posts"}],"about":[{"href":"https:\/\/ekongkar.yoga\/index.php?rest_route=\/wp\/v2\/types\/post"}],"author":[{"embeddable":true,"href":"https:\/\/ekongkar.yoga\/index.php?rest_route=\/wp\/v2\/users\/1"}],"replies":[{"embeddable":true,"href":"https:\/\/ekongkar.yoga\/index.php?rest_route=%2Fwp%2Fv2%2Fcomments&post=11141"}],"version-history":[{"count":0,"href":"https:\/\/ekongkar.yoga\/index.php?rest_route=\/wp\/v2\/posts\/11141\/revisions"}],"wp:featuredmedia":[{"embeddable":true,"href":"https:\/\/ekongkar.yoga\/index.php?rest_route=\/wp\/v2\/media\/11142"}],"wp:attachment":[{"href":"https:\/\/ekongkar.yoga\/index.php?rest_route=%2Fwp%2Fv2%2Fmedia&parent=11141"}],"wp:term":[{"taxonomy":"category","embeddable":true,"href":"https:\/\/ekongkar.yoga\/index.php?rest_route=%2Fwp%2Fv2%2Fcategories&post=11141"},{"taxonomy":"post_tag","embeddable":true,"href":"https:\/\/ekongkar.yoga\/index.php?rest_route=%2Fwp%2Fv2%2Ftags&post=11141"}],"curies":[{"name":"wp","href":"https:\/\/api.w.org\/{rel}","templated":true}]}}