{"id":10943,"date":"1000-11-27T18:52:18","date_gmt":"1000-11-27T16:52:18","guid":{"rendered":"http:\/\/ekongkar.yoga\/?p=10943"},"modified":"1000-11-27T18:52:18","modified_gmt":"1000-11-27T16:52:18","slug":"yoga-pre-et-post-natal-yoga-au-feminin","status":"publish","type":"post","link":"https:\/\/ekongkar.yoga\/?p=10943","title":{"rendered":"Yoga pr\u00e9 et post natal (Yoga au f\u00e9minin)"},"content":{"rendered":"<p><img loading=\"lazy\" decoding=\"async\" class=\"wp-image-10946 alignright\" src=\"http:\/\/ekongkar.yoga\/wp-content\/uploads\/2020\/11\/Yoga-au-feminin-300x157.jpg\" alt=\"\" width=\"380\" height=\"199\" srcset=\"https:\/\/ekongkar.yoga\/wp-content\/uploads\/2020\/11\/Yoga-au-feminin-300x157.jpg 300w, https:\/\/ekongkar.yoga\/wp-content\/uploads\/2020\/11\/Yoga-au-feminin-1024x537.jpg 1024w, https:\/\/ekongkar.yoga\/wp-content\/uploads\/2020\/11\/Yoga-au-feminin-768x403.jpg 768w, https:\/\/ekongkar.yoga\/wp-content\/uploads\/2020\/11\/Yoga-au-feminin.jpg 1200w\" sizes=\"auto, (max-width: 380px) 100vw, 380px\" \/>Le <strong><span style=\"color: #008080;\">yoga au f\u00e9minin<\/span><\/strong> relie la femme \u00e0 sa f\u00e9minit\u00e9 gr\u00e2ce \u00e0 un travail en douceur, adapt\u00e9 au v\u00e9cu de chacune. Chaque femme cr\u00e9ant son propre yoga devient cr\u00e9atrice de son \u00e9quilibre, \u00e0 l\u2019\u00e9coute de son corps, de son mental, de ses \u00e9motions&#8230; de sa vie.<\/p>\n<p><strong><span style=\"color: #993300;\">Yoga pr\u00e9-natal<\/span><\/strong> &#8211; Douceur, mobilit\u00e9 et harmonie comme accompagnement pour un cheminement serein de la grossesse et de l&rsquo;accouchement.<\/p>\n<p><strong><span style=\"color: #993300;\">Yoga post-natal<\/span><\/strong> (un tr\u00e9sor pour la m\u00e8re et pour l\u2019enfant) &#8211; Reconnexion, s\u00e9r\u00e9nit\u00e9 et relaxation pour un \u00e9veil corporel adapt\u00e9 pour restaurer votre \u00e9nergie apr\u00e8s l&rsquo;accouchement.<\/p>\n<p>&#8211; <strong><span style=\"color: #993300;\">Horaires flexibles<\/span><\/strong>, collectif ou individuel, en fonction de vos disponibilit\u00e9s.<br \/>\n&#8211; <strong><span style=\"color: #ff6600;\">Enseignante:<\/span><\/strong> Audrey.<br \/>\n&#8211; <strong><span style=\"color: #339966;\">Sur r\u00e9servation: 07.69.02.39.65<\/span><\/strong><br \/>\n&#8211; <strong><span style=\"color: #008080;\">Adresse et contact:<\/span><\/strong> <span style=\"text-decoration: underline;\"><a href=\"http:\/\/ekongkar.yoga\/?page_id=23\">Espace Yoga Ekongkar<\/a><\/span> \/ Pour tout compl\u00e9ment d&rsquo;info: Audrey &#8211; 07.69.02.39.65<\/p>\n","protected":false},"excerpt":{"rendered":"<p>Le yoga au f\u00e9minin relie la femme \u00e0 sa f\u00e9minit\u00e9 gr\u00e2ce \u00e0 un travail en douceur, adapt\u00e9 au v\u00e9cu de chacune. Chaque femme cr\u00e9ant son propre yoga devient cr\u00e9atrice de son \u00e9quilibre, \u00e0 l\u2019\u00e9coute de son corps, de son mental, de ses \u00e9motions&#8230; de sa vie. Yoga pr\u00e9-natal &#8211; Douceur,&#8230;<\/p>\n<p> <a class=\"continue-reading-link\" href=\"https:\/\/ekongkar.yoga\/?p=10943\"><span>Lire la suite&#8230;<\/span><i class=\"crycon-right-dir\"><\/i><\/a> <\/p>\n","protected":false},"author":1,"featured_media":10946,"comment_status":"closed","ping_status":"open","sticky":false,"template":"","format":"standard","meta":{"fifu_image_url":"","fifu_image_alt":"","footnotes":""},"categories":[16],"tags":[],"class_list":["post-10943","post","type-post","status-publish","format-standard","has-post-thumbnail","hentry","category-cours-de-yoga"],"_links":{"self":[{"href":"https:\/\/ekongkar.yoga\/index.php?rest_route=\/wp\/v2\/posts\/10943","targetHints":{"allow":["GET"]}}],"collection":[{"href":"https:\/\/ekongkar.yoga\/index.php?rest_route=\/wp\/v2\/posts"}],"about":[{"href":"https:\/\/ekongkar.yoga\/index.php?rest_route=\/wp\/v2\/types\/post"}],"author":[{"embeddable":true,"href":"https:\/\/ekongkar.yoga\/index.php?rest_route=\/wp\/v2\/users\/1"}],"replies":[{"embeddable":true,"href":"https:\/\/ekongkar.yoga\/index.php?rest_route=%2Fwp%2Fv2%2Fcomments&post=10943"}],"version-history":[{"count":0,"href":"https:\/\/ekongkar.yoga\/index.php?rest_route=\/wp\/v2\/posts\/10943\/revisions"}],"wp:featuredmedia":[{"embeddable":true,"href":"https:\/\/ekongkar.yoga\/index.php?rest_route=\/wp\/v2\/media\/10946"}],"wp:attachment":[{"href":"https:\/\/ekongkar.yoga\/index.php?rest_route=%2Fwp%2Fv2%2Fmedia&parent=10943"}],"wp:term":[{"taxonomy":"category","embeddable":true,"href":"https:\/\/ekongkar.yoga\/index.php?rest_route=%2Fwp%2Fv2%2Fcategories&post=10943"},{"taxonomy":"post_tag","embeddable":true,"href":"https:\/\/ekongkar.yoga\/index.php?rest_route=%2Fwp%2Fv2%2Ftags&post=10943"}],"curies":[{"name":"wp","href":"https:\/\/api.w.org\/{rel}","templated":true}]}}