{"id":10928,"date":"1000-11-27T16:43:12","date_gmt":"1000-11-27T14:43:12","guid":{"rendered":"http:\/\/ekongkar.yoga\/?p=10928"},"modified":"2026-03-27T15:01:39","modified_gmt":"2026-03-27T14:01:39","slug":"hatha-yoga-cours-collectifs","status":"publish","type":"post","link":"https:\/\/ekongkar.yoga\/?p=10928","title":{"rendered":"Hatha Yoga &#8211; Cours collectifs"},"content":{"rendered":"<table style=\"background-color: #fafabe;\">\n<tbody>\n<tr>\n<td style=\"text-align: center;\">Christelle propose \u00e9galement des<strong><span style=\"color: #993300;\"> retraites de Yoga &amp; m\u00e9ditation<\/span><\/strong><em><br \/>\n<\/em><\/td>\n<\/tr>\n<\/tbody>\n<\/table>\n<p><img loading=\"lazy\" decoding=\"async\" class=\" wp-image-10929 alignright\" style=\"font-size: 16px;\" src=\"http:\/\/ekongkar.yoga\/wp-content\/uploads\/2022\/11\/Hatha-Yoga-300x169.jpg\" alt=\"\" width=\"380\" height=\"214\" srcset=\"https:\/\/ekongkar.yoga\/wp-content\/uploads\/2022\/11\/Hatha-Yoga-300x169.jpg 300w, https:\/\/ekongkar.yoga\/wp-content\/uploads\/2022\/11\/Hatha-Yoga-1024x576.jpg 1024w, https:\/\/ekongkar.yoga\/wp-content\/uploads\/2022\/11\/Hatha-Yoga-768x432.jpg 768w, https:\/\/ekongkar.yoga\/wp-content\/uploads\/2022\/11\/Hatha-Yoga.jpg 1280w\" sizes=\"auto, (max-width: 380px) 100vw, 380px\" \/><\/p>\n<p>Ces cours de <strong><span style=\"color: #993300;\">Hatha Yoga<\/span><\/strong>, par une exploration de la respiration et de la posture visent tout d&rsquo;abord \u00e0 un bien-\u00eatre physique, mental et \u00e9motionnel.<\/p>\n<p>Vous d\u00e9couvrirez \u00e9galement qu&rsquo;ils nourrissent et font naturellement grandir un sentiment d\u2019<strong><span style=\"color: #008080;\">unit\u00e9 avec soi-m\u00eame<\/span><\/strong> et avec tout ce qui nous entoure.<\/p>\n<p><strong><span style=\"color: #ff6600;\">Cours collectif d\u20191h30<\/span><\/strong> &#8211; (tapis de yoga, coussin de m\u00e9ditation, plaid, briques et sangles de yoga fournis sur place) &#8211; <strong><span style=\"color: #339966;\">Ouvert \u00e0 tous \/ sur r\u00e9servation: 06.72.06.16.55<\/span><\/strong><\/p>\n<p><strong><span style=\"color: #ff6600;\">Horaires:<\/span><\/strong>\u00a0les <strong><span style=\"color: #993300;\">mercredis<\/span><\/strong> (9h30 \u00e0 11h) et les <strong><span style=\"color: #993300;\">jeudis<\/span><\/strong> (18h \u00e0 19h30), hors vacances scolaires, v\u00e9rifiez dans l&rsquo;<a href=\"http:\/\/ekongkar.yoga\/?page_id=220\" target=\"_blank\" rel=\"noopener noreferrer\"><span style=\"text-decoration: underline;\">agenda<\/span><\/a>. (\u00e9t\u00e9 2023: dernier cours mercredi 5 juillet \/ reprise mercredi 13 septembre).<br \/>\n<em>Merci d&rsquo;informer Christelle par SMS au 06 72 06 16 55 de votre pr\u00e9sence ou absence au cours<\/em><\/p>\n<p>&#8211; <strong><span style=\"color: #ff6600;\">Enseignante:<\/span><\/strong> Christelle, professeur dipl\u00f4m\u00e9e de l&rsquo;\u00e9cole traditionnelle de yoga Vedanta Sivananda.<br \/>\n&#8211; <strong><span style=\"color: #008080;\">Adresse et contact:<\/span><\/strong> Christelle: 06.72.06.16.55 \/ contact@mavraienature.net \/ <a href=\"https:\/\/mavraienature.net\/\" target=\"_blank\" rel=\"noopener noreferrer\">www.mavraienature.net<\/a><\/p>\n<p><a href=\"https:\/\/mavraienature.net\/\" target=\"_blank\" rel=\"noopener noreferrer\"><img loading=\"lazy\" decoding=\"async\" class=\"size-medium wp-image-11469 aligncenter\" src=\"http:\/\/ekongkar.yoga\/wp-content\/uploads\/2020\/11\/unnamed-300x213.jpg\" alt=\"\" width=\"800\" height=\"568\" srcset=\"https:\/\/ekongkar.yoga\/wp-content\/uploads\/2020\/11\/unnamed-300x213.jpg 300w, https:\/\/ekongkar.yoga\/wp-content\/uploads\/2020\/11\/unnamed.jpg 709w\" sizes=\"auto, (max-width: 800px) 100vw, 800px\" \/><\/a><\/p>\n","protected":false},"excerpt":{"rendered":"<p>Christelle propose \u00e9galement des retraites de Yoga &amp; m\u00e9ditation Ces cours de Hatha Yoga, par une exploration de la respiration et de la posture visent tout d&rsquo;abord \u00e0 un bien-\u00eatre physique, mental et \u00e9motionnel. Vous d\u00e9couvrirez \u00e9galement qu&rsquo;ils nourrissent et font naturellement grandir un sentiment d\u2019unit\u00e9 avec soi-m\u00eame et avec&#8230;<\/p>\n<p> <a class=\"continue-reading-link\" href=\"https:\/\/ekongkar.yoga\/?p=10928\"><span>Lire la suite&#8230;<\/span><i class=\"crycon-right-dir\"><\/i><\/a> <\/p>\n","protected":false},"author":1,"featured_media":10929,"comment_status":"closed","ping_status":"open","sticky":false,"template":"","format":"standard","meta":{"fifu_image_url":"","fifu_image_alt":"","footnotes":""},"categories":[16],"tags":[],"class_list":["post-10928","post","type-post","status-publish","format-standard","has-post-thumbnail","hentry","category-cours-de-yoga"],"_links":{"self":[{"href":"https:\/\/ekongkar.yoga\/index.php?rest_route=\/wp\/v2\/posts\/10928","targetHints":{"allow":["GET"]}}],"collection":[{"href":"https:\/\/ekongkar.yoga\/index.php?rest_route=\/wp\/v2\/posts"}],"about":[{"href":"https:\/\/ekongkar.yoga\/index.php?rest_route=\/wp\/v2\/types\/post"}],"author":[{"embeddable":true,"href":"https:\/\/ekongkar.yoga\/index.php?rest_route=\/wp\/v2\/users\/1"}],"replies":[{"embeddable":true,"href":"https:\/\/ekongkar.yoga\/index.php?rest_route=%2Fwp%2Fv2%2Fcomments&post=10928"}],"version-history":[{"count":2,"href":"https:\/\/ekongkar.yoga\/index.php?rest_route=\/wp\/v2\/posts\/10928\/revisions"}],"predecessor-version":[{"id":40400,"href":"https:\/\/ekongkar.yoga\/index.php?rest_route=\/wp\/v2\/posts\/10928\/revisions\/40400"}],"wp:featuredmedia":[{"embeddable":true,"href":"https:\/\/ekongkar.yoga\/index.php?rest_route=\/wp\/v2\/media\/10929"}],"wp:attachment":[{"href":"https:\/\/ekongkar.yoga\/index.php?rest_route=%2Fwp%2Fv2%2Fmedia&parent=10928"}],"wp:term":[{"taxonomy":"category","embeddable":true,"href":"https:\/\/ekongkar.yoga\/index.php?rest_route=%2Fwp%2Fv2%2Fcategories&post=10928"},{"taxonomy":"post_tag","embeddable":true,"href":"https:\/\/ekongkar.yoga\/index.php?rest_route=%2Fwp%2Fv2%2Ftags&post=10928"}],"curies":[{"name":"wp","href":"https:\/\/api.w.org\/{rel}","templated":true}]}}